{"id":241,"date":"2020-03-21T13:54:54","date_gmt":"2020-03-21T13:54:54","guid":{"rendered":"http:\/\/localhost\/uicisa\/?p=241"},"modified":"2025-07-02T10:27:38","modified_gmt":"2025-07-02T10:27:38","slug":"proj-ipv-idi-002sistema-inteligente-de-controlo-de-planos-alimentares-para-doentes-de-alzheimer-e-outras-demencias","status":"publish","type":"post","link":"https:\/\/events.ipv.pt\/uicisa\/proj-ipv-idi-002sistema-inteligente-de-controlo-de-planos-alimentares-para-doentes-de-alzheimer-e-outras-demencias\/","title":{"rendered":"[PROJ\/IPV\/ID&#038;I\/002] Sistema Inteligente de Controlo de Planos Alimentares para Doentes de Alzheimer e Outras Dem\u00eancias"},"content":{"rendered":"<p><strong>Investigador Respons\u00e1vel<\/strong><br \/>\nCarlos Cunha<\/p>\n<p><strong>Dura\u00e7\u00e3o:<\/strong> 2020 \u2013 2022<\/p>\n<p><strong>Membros da equipa do UICISA: E<\/strong><br \/>\nCarlos Albuquerque<\/p>\n<p><strong>Entidades financiadoras<\/strong><br \/>\nCGD; PV<\/p>\n<div class=\"traco\"><\/div>\n<p>A doen\u00e7a de Alzheimer manifesta-se por uma perda progressiva da fun\u00e7\u00e3o mental, causada pela degenera\u00e7\u00e3o do tecido cerebral, incluindo a perda de c\u00e9lulas nervosas, a acumula\u00e7\u00e3o de uma prote\u00edna anormal e o desenvolvimento de tran\u00e7as neurofibrilares. Os doentes de Alzheimer tornam-se dependentes de outras pessoas mesmo para as tarefas mais b\u00e1sicas. O controlo da alimenta\u00e7\u00e3o e a hidrata\u00e7\u00e3o de um doente de Alzheimer \u00e9 assim uma tarefa muito importante executada pela pessoa que apoia a sua rotina di\u00e1ria, denominada de Cuidador Informal (CI).<br \/>\nCondi\u00e7\u00f5es de subnutri\u00e7\u00e3o, sobrenutri\u00e7\u00e3o e desidrata\u00e7\u00e3o s\u00e3o comuns em pessoas com doen\u00e7as causadoras de dem\u00eancia, j\u00e1 que a perda da sua autonomia se manifesta tamb\u00e9m ao n\u00edvel da sua incapacidade de exprimir necessidades alimentares. Torna-se assim fundamental o apoio de um nutricionista na elabora\u00e7\u00e3o e acompanhamento de um plano alimentar alinhado com as necessidades do doente. Este acompanhamento \u00e9 indubitavelmente um processo que exige do Cl muita disciplina e a habilidade para lidar com poss\u00edveis adapta\u00e7\u00f5es circunstanciais, como a substitui\u00e7\u00e3o de alimentos prescritos no plano alimentar por outros equivalentes ou a altera\u00e7\u00e3o da quantidade de \u00e1gua consumida em fun\u00e7\u00e3o da temperatura ambiente.<br \/>\nEste projeto aborda o problema da cria\u00e7\u00e3o e acompanhamento de planos alimentares em doentes com dem\u00eancias como Alzheimer por via da cria\u00e7\u00e3o de uma solu\u00e7\u00e3o inform\u00e1tica, visando aumentar de forma consider\u00e1vel a qualidade de vida dos afetados.  A solu\u00e7\u00e3o passar\u00e1 por uma aplica\u00e7\u00e3o Web que permitir\u00e1 aos nutricionistas criar os planos alimentares, e uma aplica\u00e7\u00e3o m\u00f3vel para que os CI possam fazer o respetivo acompanhamento e para que recebam notifica\u00e7\u00f5es relativas \u00e0 alimenta\u00e7\u00e3o e hidrata\u00e7\u00e3o adequada nos momentos devidos, zelando-se assim pelo cumprimento das indica\u00e7\u00f5es do nutricionista. Para al\u00e9m disso, a aplica\u00e7\u00e3o ir\u00e1 sugerir alternativas aos alimentos do plano que se encontrem indispon\u00edveis. A solu\u00e7\u00e3o para o controlo da hidrata\u00e7\u00e3o, por parte da aplica\u00e7\u00e3o m\u00f3vel, ser\u00e1 completada com uso de uma garrafa de \u00e1gua inteligente. Outra funcionalidade central \u00e0 solu\u00e7\u00e3o \u00e9 a adapta\u00e7\u00e3o din\u00e2mica da administra\u00e7\u00e3o de \u00e1gua ao doente em fun\u00e7\u00e3o das condi\u00e7\u00f5es ambientais recolhidas automaticamente por sensores de temperatura e humidade.<br \/>\nEm termos cient\u00edficos, o projeto contempla a cria\u00e7\u00e3o de modelos inovadores de adapta\u00e7\u00e3o de planos alimentares recorrendo a algoritmos de machine learning e a abordagens de integra\u00e7\u00e3o, pr\u00e9-processamento e avalia\u00e7\u00e3o da qualidade dos dados recolhidos pelos sensores externos.<\/p>\n","protected":false},"excerpt":{"rendered":"<p>Investigador Respons\u00e1vel Carlos Cunha Dura\u00e7\u00e3o: 2020 \u2013 2022 Membros da equipa do UICISA: E Carlos Albuquerque Entidades financiadoras CGD; PV A doen\u00e7a de Alzheimer manifesta-se por uma perda progressiva da fun\u00e7\u00e3o mental, causada pela degenera\u00e7\u00e3o do tecido cerebral, incluindo a perda de c\u00e9lulas nervosas, a acumula\u00e7\u00e3o de uma prote\u00edna anormal e o desenvolvimento de tran\u00e7as [&hellip;]<\/p>\n","protected":false},"author":1,"featured_media":0,"comment_status":"closed","ping_status":"closed","sticky":false,"template":"","format":"standard","meta":{"site-sidebar-layout":"default","site-content-layout":"default","ast-site-content-layout":"normal-width-container","site-content-style":"boxed","site-sidebar-style":"default","ast-global-header-display":"","ast-banner-title-visibility":"","ast-main-header-display":"","ast-hfb-above-header-display":"","ast-hfb-below-header-display":"","ast-hfb-mobile-header-display":"","site-post-title":"","ast-breadcrumbs-content":"","ast-featured-img":"","footer-sml-layout":"","ast-disable-related-posts":"","theme-transparent-header-meta":"default","adv-header-id-meta":"","stick-header-meta":"","header-above-stick-meta":"","header-main-stick-meta":"","header-below-stick-meta":"","astra-migrate-meta-layouts":"set","ast-page-background-enabled":"default","ast-page-background-meta":{"desktop":{"background-color":"var(--ast-global-color-4)","background-image":"","background-repeat":"repeat","background-position":"center center","background-size":"auto","background-attachment":"scroll","background-type":"","background-media":"","overlay-type":"","overlay-color":"","overlay-opacity":"","overlay-gradient":""},"tablet":{"background-color":"","background-image":"","background-repeat":"repeat","background-position":"center center","background-size":"auto","background-attachment":"scroll","background-type":"","background-media":"","overlay-type":"","overlay-color":"","overlay-opacity":"","overlay-gradient":""},"mobile":{"background-color":"","background-image":"","background-repeat":"repeat","background-position":"center center","background-size":"auto","background-attachment":"scroll","background-type":"","background-media":"","overlay-type":"","overlay-color":"","overlay-opacity":"","overlay-gradient":""}},"ast-content-background-meta":{"desktop":{"background-color":"var(--ast-global-color-5)","background-image":"","background-repeat":"repeat","background-position":"center center","background-size":"auto","background-attachment":"scroll","background-type":"","background-media":"","overlay-type":"","overlay-color":"","overlay-opacity":"","overlay-gradient":""},"tablet":{"background-color":"var(--ast-global-color-5)","background-image":"","background-repeat":"repeat","background-position":"center center","background-size":"auto","background-attachment":"scroll","background-type":"","background-media":"","overlay-type":"","overlay-color":"","overlay-opacity":"","overlay-gradient":""},"mobile":{"background-color":"var(--ast-global-color-5)","background-image":"","background-repeat":"repeat","background-position":"center center","background-size":"auto","background-attachment":"scroll","background-type":"","background-media":"","overlay-type":"","overlay-color":"","overlay-opacity":"","overlay-gradient":""}},"footnotes":"","_links_to":"","_links_to_target":""},"categories":[52],"tags":[109,72],"class_list":["post-241","post","type-post","status-publish","format-standard","hentry","category-projeto","tag-2020-2022","tag-carlos-albuquerque"],"yoast_head":"<!-- This site is optimized with the Yoast SEO plugin v27.5 - https:\/\/yoast.com\/product\/yoast-seo-wordpress\/ -->\r\n<title>[PROJ\/IPV\/ID&amp;I\/002] Sistema Inteligente de Controlo de Planos Alimentares para Doentes de Alzheimer e Outras Dem\u00eancias &#8902; UICISA<\/title>\r\n<meta name=\"robots\" content=\"index, follow, max-snippet:-1, max-image-preview:large, max-video-preview:-1\" \/>\r\n<link rel=\"canonical\" href=\"https:\/\/events.ipv.pt\/uicisa\/proj-ipv-idi-002sistema-inteligente-de-controlo-de-planos-alimentares-para-doentes-de-alzheimer-e-outras-demencias\/\" \/>\r\n<meta property=\"og:locale\" content=\"pt_PT\" \/>\r\n<meta property=\"og:type\" content=\"article\" \/>\r\n<meta property=\"og:title\" content=\"[PROJ\/IPV\/ID&amp;I\/002] Sistema Inteligente de Controlo de Planos Alimentares para Doentes de Alzheimer e Outras Dem\u00eancias &#8902; UICISA\" \/>\r\n<meta property=\"og:description\" content=\"Investigador Respons\u00e1vel Carlos Cunha Dura\u00e7\u00e3o: 2020 \u2013 2022 Membros da equipa do UICISA: E Carlos Albuquerque Entidades financiadoras CGD; PV A doen\u00e7a de Alzheimer manifesta-se por uma perda progressiva da fun\u00e7\u00e3o mental, causada pela degenera\u00e7\u00e3o do tecido cerebral, incluindo a perda de c\u00e9lulas nervosas, a acumula\u00e7\u00e3o de uma prote\u00edna anormal e o desenvolvimento de tran\u00e7as [&hellip;]\" \/>\r\n<meta property=\"og:url\" content=\"https:\/\/events.ipv.pt\/uicisa\/proj-ipv-idi-002sistema-inteligente-de-controlo-de-planos-alimentares-para-doentes-de-alzheimer-e-outras-demencias\/\" \/>\r\n<meta property=\"og:site_name\" content=\"UICISA\" \/>\r\n<meta property=\"article:published_time\" content=\"2020-03-21T13:54:54+00:00\" \/>\r\n<meta property=\"article:modified_time\" content=\"2025-07-02T10:27:38+00:00\" \/>\r\n<meta name=\"author\" content=\"cristina\" \/>\r\n<meta name=\"twitter:card\" content=\"summary_large_image\" \/>\r\n<meta name=\"twitter:label1\" content=\"Escrito por\" \/>\n\t<meta name=\"twitter:data1\" content=\"cristina\" \/>\n\t<meta name=\"twitter:label2\" content=\"Tempo estimado de leitura\" \/>\n\t<meta name=\"twitter:data2\" content=\"3 minutos\" \/>\r\n<script type=\"application\/ld+json\" class=\"yoast-schema-graph\">{\"@context\":\"https:\\\/\\\/schema.org\",\"@graph\":[{\"@type\":\"Article\",\"@id\":\"https:\\\/\\\/events.ipv.pt\\\/uicisa\\\/proj-ipv-idi-002sistema-inteligente-de-controlo-de-planos-alimentares-para-doentes-de-alzheimer-e-outras-demencias\\\/#article\",\"isPartOf\":{\"@id\":\"https:\\\/\\\/events.ipv.pt\\\/uicisa\\\/proj-ipv-idi-002sistema-inteligente-de-controlo-de-planos-alimentares-para-doentes-de-alzheimer-e-outras-demencias\\\/\"},\"author\":{\"name\":\"cristina\",\"@id\":\"https:\\\/\\\/events.ipv.pt\\\/uicisa\\\/#\\\/schema\\\/person\\\/ccac39a7f38bea8c520def2e001280ee\"},\"headline\":\"[PROJ\\\/IPV\\\/ID&#038;I\\\/002] Sistema Inteligente de Controlo de Planos Alimentares para Doentes de Alzheimer e Outras Dem\u00eancias\",\"datePublished\":\"2020-03-21T13:54:54+00:00\",\"dateModified\":\"2025-07-02T10:27:38+00:00\",\"mainEntityOfPage\":{\"@id\":\"https:\\\/\\\/events.ipv.pt\\\/uicisa\\\/proj-ipv-idi-002sistema-inteligente-de-controlo-de-planos-alimentares-para-doentes-de-alzheimer-e-outras-demencias\\\/\"},\"wordCount\":468,\"publisher\":{\"@id\":\"https:\\\/\\\/events.ipv.pt\\\/uicisa\\\/#organization\"},\"keywords\":[\"[2020 \u2013 2022]\",\"Carlos Albuquerque\"],\"articleSection\":[\"projeto\"],\"inLanguage\":\"pt-PT\"},{\"@type\":\"WebPage\",\"@id\":\"https:\\\/\\\/events.ipv.pt\\\/uicisa\\\/proj-ipv-idi-002sistema-inteligente-de-controlo-de-planos-alimentares-para-doentes-de-alzheimer-e-outras-demencias\\\/\",\"url\":\"https:\\\/\\\/events.ipv.pt\\\/uicisa\\\/proj-ipv-idi-002sistema-inteligente-de-controlo-de-planos-alimentares-para-doentes-de-alzheimer-e-outras-demencias\\\/\",\"name\":\"[PROJ\\\/IPV\\\/ID&I\\\/002] Sistema Inteligente de Controlo de Planos Alimentares para Doentes de Alzheimer e Outras Dem\u00eancias &#8902; UICISA\",\"isPartOf\":{\"@id\":\"https:\\\/\\\/events.ipv.pt\\\/uicisa\\\/#website\"},\"datePublished\":\"2020-03-21T13:54:54+00:00\",\"dateModified\":\"2025-07-02T10:27:38+00:00\",\"breadcrumb\":{\"@id\":\"https:\\\/\\\/events.ipv.pt\\\/uicisa\\\/proj-ipv-idi-002sistema-inteligente-de-controlo-de-planos-alimentares-para-doentes-de-alzheimer-e-outras-demencias\\\/#breadcrumb\"},\"inLanguage\":\"pt-PT\",\"potentialAction\":[{\"@type\":\"ReadAction\",\"target\":[\"https:\\\/\\\/events.ipv.pt\\\/uicisa\\\/proj-ipv-idi-002sistema-inteligente-de-controlo-de-planos-alimentares-para-doentes-de-alzheimer-e-outras-demencias\\\/\"]}]},{\"@type\":\"BreadcrumbList\",\"@id\":\"https:\\\/\\\/events.ipv.pt\\\/uicisa\\\/proj-ipv-idi-002sistema-inteligente-de-controlo-de-planos-alimentares-para-doentes-de-alzheimer-e-outras-demencias\\\/#breadcrumb\",\"itemListElement\":[{\"@type\":\"ListItem\",\"position\":1,\"name\":\"In\u00edcio\",\"item\":\"https:\\\/\\\/events.ipv.pt\\\/uicisa\\\/\"},{\"@type\":\"ListItem\",\"position\":2,\"name\":\"[PROJ\\\/IPV\\\/ID&#038;I\\\/002] Sistema Inteligente de Controlo de Planos Alimentares para Doentes de Alzheimer e Outras Dem\u00eancias\"}]},{\"@type\":\"WebSite\",\"@id\":\"https:\\\/\\\/events.ipv.pt\\\/uicisa\\\/#website\",\"url\":\"https:\\\/\\\/events.ipv.pt\\\/uicisa\\\/\",\"name\":\"UICISA\",\"description\":\"UICISA: E_ESEnfC\\\/ESSIPV\",\"publisher\":{\"@id\":\"https:\\\/\\\/events.ipv.pt\\\/uicisa\\\/#organization\"},\"potentialAction\":[{\"@type\":\"SearchAction\",\"target\":{\"@type\":\"EntryPoint\",\"urlTemplate\":\"https:\\\/\\\/events.ipv.pt\\\/uicisa\\\/?s={search_term_string}\"},\"query-input\":{\"@type\":\"PropertyValueSpecification\",\"valueRequired\":true,\"valueName\":\"search_term_string\"}}],\"inLanguage\":\"pt-PT\"},{\"@type\":\"Organization\",\"@id\":\"https:\\\/\\\/events.ipv.pt\\\/uicisa\\\/#organization\",\"name\":\"UICISA\",\"url\":\"https:\\\/\\\/events.ipv.pt\\\/uicisa\\\/\",\"logo\":{\"@type\":\"ImageObject\",\"inLanguage\":\"pt-PT\",\"@id\":\"https:\\\/\\\/events.ipv.pt\\\/uicisa\\\/#\\\/schema\\\/logo\\\/image\\\/\",\"url\":\"https:\\\/\\\/events.ipv.pt\\\/uicisa\\\/wp-content\\\/uploads\\\/2026\\\/04\\\/cropped-UICISA_lg.png\",\"contentUrl\":\"https:\\\/\\\/events.ipv.pt\\\/uicisa\\\/wp-content\\\/uploads\\\/2026\\\/04\\\/cropped-UICISA_lg.png\",\"width\":831,\"height\":300,\"caption\":\"UICISA\"},\"image\":{\"@id\":\"https:\\\/\\\/events.ipv.pt\\\/uicisa\\\/#\\\/schema\\\/logo\\\/image\\\/\"}},{\"@type\":\"Person\",\"@id\":\"https:\\\/\\\/events.ipv.pt\\\/uicisa\\\/#\\\/schema\\\/person\\\/ccac39a7f38bea8c520def2e001280ee\",\"name\":\"cristina\",\"image\":{\"@type\":\"ImageObject\",\"inLanguage\":\"pt-PT\",\"@id\":\"https:\\\/\\\/secure.gravatar.com\\\/avatar\\\/2195ec5194a145ca5d2c2ad965aa08b0d72d7d4157da345cccfeaa221a984952?s=96&d=mm&r=g\",\"url\":\"https:\\\/\\\/secure.gravatar.com\\\/avatar\\\/2195ec5194a145ca5d2c2ad965aa08b0d72d7d4157da345cccfeaa221a984952?s=96&d=mm&r=g\",\"contentUrl\":\"https:\\\/\\\/secure.gravatar.com\\\/avatar\\\/2195ec5194a145ca5d2c2ad965aa08b0d72d7d4157da345cccfeaa221a984952?s=96&d=mm&r=g\",\"caption\":\"cristina\"},\"sameAs\":[\"http:\\\/\\\/localhost\\\/uicisa\"],\"url\":\"https:\\\/\\\/events.ipv.pt\\\/uicisa\\\/author\\\/cristina\\\/\"}]}<\/script>\r\n<!-- \/ Yoast SEO plugin. -->","yoast_head_json":{"title":"[PROJ\/IPV\/ID&I\/002] Sistema Inteligente de Controlo de Planos Alimentares para Doentes de Alzheimer e Outras Dem\u00eancias &#8902; UICISA","robots":{"index":"index","follow":"follow","max-snippet":"max-snippet:-1","max-image-preview":"max-image-preview:large","max-video-preview":"max-video-preview:-1"},"canonical":"https:\/\/events.ipv.pt\/uicisa\/proj-ipv-idi-002sistema-inteligente-de-controlo-de-planos-alimentares-para-doentes-de-alzheimer-e-outras-demencias\/","og_locale":"pt_PT","og_type":"article","og_title":"[PROJ\/IPV\/ID&I\/002] Sistema Inteligente de Controlo de Planos Alimentares para Doentes de Alzheimer e Outras Dem\u00eancias &#8902; UICISA","og_description":"Investigador Respons\u00e1vel Carlos Cunha Dura\u00e7\u00e3o: 2020 \u2013 2022 Membros da equipa do UICISA: E Carlos Albuquerque Entidades financiadoras CGD; PV A doen\u00e7a de Alzheimer manifesta-se por uma perda progressiva da fun\u00e7\u00e3o mental, causada pela degenera\u00e7\u00e3o do tecido cerebral, incluindo a perda de c\u00e9lulas nervosas, a acumula\u00e7\u00e3o de uma prote\u00edna anormal e o desenvolvimento de tran\u00e7as [&hellip;]","og_url":"https:\/\/events.ipv.pt\/uicisa\/proj-ipv-idi-002sistema-inteligente-de-controlo-de-planos-alimentares-para-doentes-de-alzheimer-e-outras-demencias\/","og_site_name":"UICISA","article_published_time":"2020-03-21T13:54:54+00:00","article_modified_time":"2025-07-02T10:27:38+00:00","author":"cristina","twitter_card":"summary_large_image","twitter_misc":{"Escrito por":"cristina","Tempo estimado de leitura":"3 minutos"},"schema":{"@context":"https:\/\/schema.org","@graph":[{"@type":"Article","@id":"https:\/\/events.ipv.pt\/uicisa\/proj-ipv-idi-002sistema-inteligente-de-controlo-de-planos-alimentares-para-doentes-de-alzheimer-e-outras-demencias\/#article","isPartOf":{"@id":"https:\/\/events.ipv.pt\/uicisa\/proj-ipv-idi-002sistema-inteligente-de-controlo-de-planos-alimentares-para-doentes-de-alzheimer-e-outras-demencias\/"},"author":{"name":"cristina","@id":"https:\/\/events.ipv.pt\/uicisa\/#\/schema\/person\/ccac39a7f38bea8c520def2e001280ee"},"headline":"[PROJ\/IPV\/ID&#038;I\/002] Sistema Inteligente de Controlo de Planos Alimentares para Doentes de Alzheimer e Outras Dem\u00eancias","datePublished":"2020-03-21T13:54:54+00:00","dateModified":"2025-07-02T10:27:38+00:00","mainEntityOfPage":{"@id":"https:\/\/events.ipv.pt\/uicisa\/proj-ipv-idi-002sistema-inteligente-de-controlo-de-planos-alimentares-para-doentes-de-alzheimer-e-outras-demencias\/"},"wordCount":468,"publisher":{"@id":"https:\/\/events.ipv.pt\/uicisa\/#organization"},"keywords":["[2020 \u2013 2022]","Carlos Albuquerque"],"articleSection":["projeto"],"inLanguage":"pt-PT"},{"@type":"WebPage","@id":"https:\/\/events.ipv.pt\/uicisa\/proj-ipv-idi-002sistema-inteligente-de-controlo-de-planos-alimentares-para-doentes-de-alzheimer-e-outras-demencias\/","url":"https:\/\/events.ipv.pt\/uicisa\/proj-ipv-idi-002sistema-inteligente-de-controlo-de-planos-alimentares-para-doentes-de-alzheimer-e-outras-demencias\/","name":"[PROJ\/IPV\/ID&I\/002] Sistema Inteligente de Controlo de Planos Alimentares para Doentes de Alzheimer e Outras Dem\u00eancias &#8902; UICISA","isPartOf":{"@id":"https:\/\/events.ipv.pt\/uicisa\/#website"},"datePublished":"2020-03-21T13:54:54+00:00","dateModified":"2025-07-02T10:27:38+00:00","breadcrumb":{"@id":"https:\/\/events.ipv.pt\/uicisa\/proj-ipv-idi-002sistema-inteligente-de-controlo-de-planos-alimentares-para-doentes-de-alzheimer-e-outras-demencias\/#breadcrumb"},"inLanguage":"pt-PT","potentialAction":[{"@type":"ReadAction","target":["https:\/\/events.ipv.pt\/uicisa\/proj-ipv-idi-002sistema-inteligente-de-controlo-de-planos-alimentares-para-doentes-de-alzheimer-e-outras-demencias\/"]}]},{"@type":"BreadcrumbList","@id":"https:\/\/events.ipv.pt\/uicisa\/proj-ipv-idi-002sistema-inteligente-de-controlo-de-planos-alimentares-para-doentes-de-alzheimer-e-outras-demencias\/#breadcrumb","itemListElement":[{"@type":"ListItem","position":1,"name":"In\u00edcio","item":"https:\/\/events.ipv.pt\/uicisa\/"},{"@type":"ListItem","position":2,"name":"[PROJ\/IPV\/ID&#038;I\/002] Sistema Inteligente de Controlo de Planos Alimentares para Doentes de Alzheimer e Outras Dem\u00eancias"}]},{"@type":"WebSite","@id":"https:\/\/events.ipv.pt\/uicisa\/#website","url":"https:\/\/events.ipv.pt\/uicisa\/","name":"UICISA","description":"UICISA: E_ESEnfC\/ESSIPV","publisher":{"@id":"https:\/\/events.ipv.pt\/uicisa\/#organization"},"potentialAction":[{"@type":"SearchAction","target":{"@type":"EntryPoint","urlTemplate":"https:\/\/events.ipv.pt\/uicisa\/?s={search_term_string}"},"query-input":{"@type":"PropertyValueSpecification","valueRequired":true,"valueName":"search_term_string"}}],"inLanguage":"pt-PT"},{"@type":"Organization","@id":"https:\/\/events.ipv.pt\/uicisa\/#organization","name":"UICISA","url":"https:\/\/events.ipv.pt\/uicisa\/","logo":{"@type":"ImageObject","inLanguage":"pt-PT","@id":"https:\/\/events.ipv.pt\/uicisa\/#\/schema\/logo\/image\/","url":"https:\/\/events.ipv.pt\/uicisa\/wp-content\/uploads\/2026\/04\/cropped-UICISA_lg.png","contentUrl":"https:\/\/events.ipv.pt\/uicisa\/wp-content\/uploads\/2026\/04\/cropped-UICISA_lg.png","width":831,"height":300,"caption":"UICISA"},"image":{"@id":"https:\/\/events.ipv.pt\/uicisa\/#\/schema\/logo\/image\/"}},{"@type":"Person","@id":"https:\/\/events.ipv.pt\/uicisa\/#\/schema\/person\/ccac39a7f38bea8c520def2e001280ee","name":"cristina","image":{"@type":"ImageObject","inLanguage":"pt-PT","@id":"https:\/\/secure.gravatar.com\/avatar\/2195ec5194a145ca5d2c2ad965aa08b0d72d7d4157da345cccfeaa221a984952?s=96&d=mm&r=g","url":"https:\/\/secure.gravatar.com\/avatar\/2195ec5194a145ca5d2c2ad965aa08b0d72d7d4157da345cccfeaa221a984952?s=96&d=mm&r=g","contentUrl":"https:\/\/secure.gravatar.com\/avatar\/2195ec5194a145ca5d2c2ad965aa08b0d72d7d4157da345cccfeaa221a984952?s=96&d=mm&r=g","caption":"cristina"},"sameAs":["http:\/\/localhost\/uicisa"],"url":"https:\/\/events.ipv.pt\/uicisa\/author\/cristina\/"}]}},"_links":{"self":[{"href":"https:\/\/events.ipv.pt\/uicisa\/wp-json\/wp\/v2\/posts\/241","targetHints":{"allow":["GET"]}}],"collection":[{"href":"https:\/\/events.ipv.pt\/uicisa\/wp-json\/wp\/v2\/posts"}],"about":[{"href":"https:\/\/events.ipv.pt\/uicisa\/wp-json\/wp\/v2\/types\/post"}],"author":[{"embeddable":true,"href":"https:\/\/events.ipv.pt\/uicisa\/wp-json\/wp\/v2\/users\/1"}],"replies":[{"embeddable":true,"href":"https:\/\/events.ipv.pt\/uicisa\/wp-json\/wp\/v2\/comments?post=241"}],"version-history":[{"count":4,"href":"https:\/\/events.ipv.pt\/uicisa\/wp-json\/wp\/v2\/posts\/241\/revisions"}],"predecessor-version":[{"id":1685,"href":"https:\/\/events.ipv.pt\/uicisa\/wp-json\/wp\/v2\/posts\/241\/revisions\/1685"}],"wp:attachment":[{"href":"https:\/\/events.ipv.pt\/uicisa\/wp-json\/wp\/v2\/media?parent=241"}],"wp:term":[{"taxonomy":"category","embeddable":true,"href":"https:\/\/events.ipv.pt\/uicisa\/wp-json\/wp\/v2\/categories?post=241"},{"taxonomy":"post_tag","embeddable":true,"href":"https:\/\/events.ipv.pt\/uicisa\/wp-json\/wp\/v2\/tags?post=241"}],"curies":[{"name":"wp","href":"https:\/\/api.w.org\/{rel}","templated":true}]}}