{"id":1118,"date":"2023-07-04T09:19:42","date_gmt":"2023-07-04T09:19:42","guid":{"rendered":"http:\/\/localhost\/uicisa\/?p=1118"},"modified":"2026-03-24T10:43:29","modified_gmt":"2026-03-24T10:43:29","slug":"perspetivas-e-experiencias-do-pos-cuidador-informal-sobre-a-sua-rede-de-suporte-um-protocolo-de-revisao-sistematica-da-literatura-com-meta-sintese","status":"publish","type":"post","link":"https:\/\/events.ipv.pt\/uicisa\/perspetivas-e-experiencias-do-pos-cuidador-informal-sobre-a-sua-rede-de-suporte-um-protocolo-de-revisao-sistematica-da-literatura-com-meta-sintese\/","title":{"rendered":"Perspetivas e experi\u00eancias do p\u00f3s-cuidador informal sobre a sua rede de suporte: um protocolo de revis\u00e3o sistem\u00e1tica da literatura com meta-s\u00edntese"},"content":{"rendered":"<p>Afonso, C. I. C., Marques, A. A., Santos, E. J. F., &#038; Amendoeira, J. (2023).<br \/>\nPerspetivas e experi\u00eancias do p\u00f3s-cuidador informal sobre a sua rede de suporte: um protocolo de revis\u00e3o sistem\u00e1tica da literatura com meta-s\u00edntese.<br \/>\nIn Pr\u00e1tica Baseada em Evid\u00eancia: Experi\u00eancia dos cursos conducentes a microcredenciais do IPSantar\u00e9m-ESSS (pp. 51-60).<br \/>\nSantar\u00e9m, Portugal: Instituto Polit\u00e9cnico de Santar\u00e9m. ISBN: 978-989-35287-2-3.<br \/>\n<a href=\"http:\/\/hdl.handle.net\/10400.15\/4571\" rel=\"noopener\" target=\"_blank\">http:\/\/hdl.handle.net\/10400.15\/4571<\/a><\/p>\n","protected":false},"excerpt":{"rendered":"<p>Afonso, C. I. C., Marques, A. A., Santos, E. J. F., &#038; Amendoeira, J. (2023). Perspetivas e experi\u00eancias do p\u00f3s-cuidador informal sobre a sua rede de suporte: um protocolo de revis\u00e3o sistem\u00e1tica da literatura com meta-s\u00edntese. In Pr\u00e1tica Baseada em Evid\u00eancia: Experi\u00eancia dos cursos conducentes a microcredenciais do IPSantar\u00e9m-ESSS (pp. 51-60). Santar\u00e9m, Portugal: Instituto Polit\u00e9cnico [&hellip;]<\/p>\n","protected":false},"author":1,"featured_media":0,"comment_status":"open","ping_status":"open","sticky":false,"template":"","format":"standard","meta":{"site-sidebar-layout":"default","site-content-layout":"","ast-site-content-layout":"default","site-content-style":"default","site-sidebar-style":"default","ast-global-header-display":"","ast-banner-title-visibility":"","ast-main-header-display":"","ast-hfb-above-header-display":"","ast-hfb-below-header-display":"","ast-hfb-mobile-header-display":"","site-post-title":"","ast-breadcrumbs-content":"","ast-featured-img":"","footer-sml-layout":"","ast-disable-related-posts":"","theme-transparent-header-meta":"default","adv-header-id-meta":"","stick-header-meta":"","header-above-stick-meta":"","header-main-stick-meta":"","header-below-stick-meta":"","astra-migrate-meta-layouts":"set","ast-page-background-enabled":"default","ast-page-background-meta":{"desktop":{"background-color":"var(--ast-global-color-4)","background-image":"","background-repeat":"repeat","background-position":"center center","background-size":"auto","background-attachment":"scroll","background-type":"","background-media":"","overlay-type":"","overlay-color":"","overlay-opacity":"","overlay-gradient":""},"tablet":{"background-color":"","background-image":"","background-repeat":"repeat","background-position":"center center","background-size":"auto","background-attachment":"scroll","background-type":"","background-media":"","overlay-type":"","overlay-color":"","overlay-opacity":"","overlay-gradient":""},"mobile":{"background-color":"","background-image":"","background-repeat":"repeat","background-position":"center center","background-size":"auto","background-attachment":"scroll","background-type":"","background-media":"","overlay-type":"","overlay-color":"","overlay-opacity":"","overlay-gradient":""}},"ast-content-background-meta":{"desktop":{"background-color":"var(--ast-global-color-5)","background-image":"","background-repeat":"repeat","background-position":"center center","background-size":"auto","background-attachment":"scroll","background-type":"","background-media":"","overlay-type":"","overlay-color":"","overlay-opacity":"","overlay-gradient":""},"tablet":{"background-color":"var(--ast-global-color-5)","background-image":"","background-repeat":"repeat","background-position":"center center","background-size":"auto","background-attachment":"scroll","background-type":"","background-media":"","overlay-type":"","overlay-color":"","overlay-opacity":"","overlay-gradient":""},"mobile":{"background-color":"var(--ast-global-color-5)","background-image":"","background-repeat":"repeat","background-position":"center center","background-size":"auto","background-attachment":"scroll","background-type":"","background-media":"","overlay-type":"","overlay-color":"","overlay-opacity":"","overlay-gradient":""}},"footnotes":"","_links_to":"","_links_to_target":""},"categories":[61,48],"tags":[69],"class_list":["post-1118","post","type-post","status-publish","format-standard","hentry","category-61","category-capitulos-de-livro","tag-eduardo-santos"],"yoast_head":"<!-- This site is optimized with the Yoast SEO plugin v27.4 - https:\/\/yoast.com\/product\/yoast-seo-wordpress\/ -->\r\n<title>Perspetivas e experi\u00eancias do p\u00f3s-cuidador informal sobre a sua rede de suporte: um protocolo de revis\u00e3o sistem\u00e1tica da literatura com meta-s\u00edntese &#8902; UICISA<\/title>\r\n<meta name=\"robots\" content=\"index, follow, max-snippet:-1, max-image-preview:large, max-video-preview:-1\" \/>\r\n<link rel=\"canonical\" href=\"https:\/\/events.ipv.pt\/uicisa\/perspetivas-e-experiencias-do-pos-cuidador-informal-sobre-a-sua-rede-de-suporte-um-protocolo-de-revisao-sistematica-da-literatura-com-meta-sintese\/\" \/>\r\n<meta property=\"og:locale\" content=\"pt_PT\" \/>\r\n<meta property=\"og:type\" content=\"article\" \/>\r\n<meta property=\"og:title\" content=\"Perspetivas e experi\u00eancias do p\u00f3s-cuidador informal sobre a sua rede de suporte: um protocolo de revis\u00e3o sistem\u00e1tica da literatura com meta-s\u00edntese &#8902; UICISA\" \/>\r\n<meta property=\"og:description\" content=\"Afonso, C. I. C., Marques, A. A., Santos, E. J. F., &#038; Amendoeira, J. (2023). Perspetivas e experi\u00eancias do p\u00f3s-cuidador informal sobre a sua rede de suporte: um protocolo de revis\u00e3o sistem\u00e1tica da literatura com meta-s\u00edntese. In Pr\u00e1tica Baseada em Evid\u00eancia: Experi\u00eancia dos cursos conducentes a microcredenciais do IPSantar\u00e9m-ESSS (pp. 51-60). Santar\u00e9m, Portugal: Instituto Polit\u00e9cnico [&hellip;]\" \/>\r\n<meta property=\"og:url\" content=\"https:\/\/events.ipv.pt\/uicisa\/perspetivas-e-experiencias-do-pos-cuidador-informal-sobre-a-sua-rede-de-suporte-um-protocolo-de-revisao-sistematica-da-literatura-com-meta-sintese\/\" \/>\r\n<meta property=\"og:site_name\" content=\"UICISA\" \/>\r\n<meta property=\"article:published_time\" content=\"2023-07-04T09:19:42+00:00\" \/>\r\n<meta property=\"article:modified_time\" content=\"2026-03-24T10:43:29+00:00\" \/>\r\n<meta name=\"author\" content=\"cristina\" \/>\r\n<meta name=\"twitter:card\" content=\"summary_large_image\" \/>\r\n<meta name=\"twitter:label1\" content=\"Escrito por\" \/>\n\t<meta name=\"twitter:data1\" content=\"cristina\" \/>\n\t<meta name=\"twitter:label2\" content=\"Tempo estimado de leitura\" \/>\n\t<meta name=\"twitter:data2\" content=\"1 minuto\" \/>\r\n<script type=\"application\/ld+json\" class=\"yoast-schema-graph\">{\"@context\":\"https:\\\/\\\/schema.org\",\"@graph\":[{\"@type\":\"Article\",\"@id\":\"https:\\\/\\\/events.ipv.pt\\\/uicisa\\\/perspetivas-e-experiencias-do-pos-cuidador-informal-sobre-a-sua-rede-de-suporte-um-protocolo-de-revisao-sistematica-da-literatura-com-meta-sintese\\\/#article\",\"isPartOf\":{\"@id\":\"https:\\\/\\\/events.ipv.pt\\\/uicisa\\\/perspetivas-e-experiencias-do-pos-cuidador-informal-sobre-a-sua-rede-de-suporte-um-protocolo-de-revisao-sistematica-da-literatura-com-meta-sintese\\\/\"},\"author\":{\"name\":\"cristina\",\"@id\":\"https:\\\/\\\/events.ipv.pt\\\/uicisa\\\/#\\\/schema\\\/person\\\/ccac39a7f38bea8c520def2e001280ee\"},\"headline\":\"Perspetivas e experi\u00eancias do p\u00f3s-cuidador informal sobre a sua rede de suporte: um protocolo de revis\u00e3o sistem\u00e1tica da literatura com meta-s\u00edntese\",\"datePublished\":\"2023-07-04T09:19:42+00:00\",\"dateModified\":\"2026-03-24T10:43:29+00:00\",\"mainEntityOfPage\":{\"@id\":\"https:\\\/\\\/events.ipv.pt\\\/uicisa\\\/perspetivas-e-experiencias-do-pos-cuidador-informal-sobre-a-sua-rede-de-suporte-um-protocolo-de-revisao-sistematica-da-literatura-com-meta-sintese\\\/\"},\"wordCount\":102,\"commentCount\":0,\"publisher\":{\"@id\":\"https:\\\/\\\/events.ipv.pt\\\/uicisa\\\/#organization\"},\"keywords\":[\"Eduardo Santos\"],\"articleSection\":[\"2023\",\"cap\u00edtulos de livro\"],\"inLanguage\":\"pt-PT\",\"potentialAction\":[{\"@type\":\"CommentAction\",\"name\":\"Comment\",\"target\":[\"https:\\\/\\\/events.ipv.pt\\\/uicisa\\\/perspetivas-e-experiencias-do-pos-cuidador-informal-sobre-a-sua-rede-de-suporte-um-protocolo-de-revisao-sistematica-da-literatura-com-meta-sintese\\\/#respond\"]}]},{\"@type\":\"WebPage\",\"@id\":\"https:\\\/\\\/events.ipv.pt\\\/uicisa\\\/perspetivas-e-experiencias-do-pos-cuidador-informal-sobre-a-sua-rede-de-suporte-um-protocolo-de-revisao-sistematica-da-literatura-com-meta-sintese\\\/\",\"url\":\"https:\\\/\\\/events.ipv.pt\\\/uicisa\\\/perspetivas-e-experiencias-do-pos-cuidador-informal-sobre-a-sua-rede-de-suporte-um-protocolo-de-revisao-sistematica-da-literatura-com-meta-sintese\\\/\",\"name\":\"Perspetivas e experi\u00eancias do p\u00f3s-cuidador informal sobre a sua rede de suporte: um protocolo de revis\u00e3o sistem\u00e1tica da literatura com meta-s\u00edntese &#8902; UICISA\",\"isPartOf\":{\"@id\":\"https:\\\/\\\/events.ipv.pt\\\/uicisa\\\/#website\"},\"datePublished\":\"2023-07-04T09:19:42+00:00\",\"dateModified\":\"2026-03-24T10:43:29+00:00\",\"breadcrumb\":{\"@id\":\"https:\\\/\\\/events.ipv.pt\\\/uicisa\\\/perspetivas-e-experiencias-do-pos-cuidador-informal-sobre-a-sua-rede-de-suporte-um-protocolo-de-revisao-sistematica-da-literatura-com-meta-sintese\\\/#breadcrumb\"},\"inLanguage\":\"pt-PT\",\"potentialAction\":[{\"@type\":\"ReadAction\",\"target\":[\"https:\\\/\\\/events.ipv.pt\\\/uicisa\\\/perspetivas-e-experiencias-do-pos-cuidador-informal-sobre-a-sua-rede-de-suporte-um-protocolo-de-revisao-sistematica-da-literatura-com-meta-sintese\\\/\"]}]},{\"@type\":\"BreadcrumbList\",\"@id\":\"https:\\\/\\\/events.ipv.pt\\\/uicisa\\\/perspetivas-e-experiencias-do-pos-cuidador-informal-sobre-a-sua-rede-de-suporte-um-protocolo-de-revisao-sistematica-da-literatura-com-meta-sintese\\\/#breadcrumb\",\"itemListElement\":[{\"@type\":\"ListItem\",\"position\":1,\"name\":\"In\u00edcio\",\"item\":\"https:\\\/\\\/events.ipv.pt\\\/uicisa\\\/\"},{\"@type\":\"ListItem\",\"position\":2,\"name\":\"Perspetivas e experi\u00eancias do p\u00f3s-cuidador informal sobre a sua rede de suporte: um protocolo de revis\u00e3o sistem\u00e1tica da literatura com meta-s\u00edntese\"}]},{\"@type\":\"WebSite\",\"@id\":\"https:\\\/\\\/events.ipv.pt\\\/uicisa\\\/#website\",\"url\":\"https:\\\/\\\/events.ipv.pt\\\/uicisa\\\/\",\"name\":\"UICISA\",\"description\":\"UICISA: E_ESEnfC\\\/ESSIPV\",\"publisher\":{\"@id\":\"https:\\\/\\\/events.ipv.pt\\\/uicisa\\\/#organization\"},\"potentialAction\":[{\"@type\":\"SearchAction\",\"target\":{\"@type\":\"EntryPoint\",\"urlTemplate\":\"https:\\\/\\\/events.ipv.pt\\\/uicisa\\\/?s={search_term_string}\"},\"query-input\":{\"@type\":\"PropertyValueSpecification\",\"valueRequired\":true,\"valueName\":\"search_term_string\"}}],\"inLanguage\":\"pt-PT\"},{\"@type\":\"Organization\",\"@id\":\"https:\\\/\\\/events.ipv.pt\\\/uicisa\\\/#organization\",\"name\":\"UICISA\",\"url\":\"https:\\\/\\\/events.ipv.pt\\\/uicisa\\\/\",\"logo\":{\"@type\":\"ImageObject\",\"inLanguage\":\"pt-PT\",\"@id\":\"https:\\\/\\\/events.ipv.pt\\\/uicisa\\\/#\\\/schema\\\/logo\\\/image\\\/\",\"url\":\"https:\\\/\\\/events.ipv.pt\\\/uicisa\\\/wp-content\\\/uploads\\\/2026\\\/04\\\/cropped-UICISA_lg.png\",\"contentUrl\":\"https:\\\/\\\/events.ipv.pt\\\/uicisa\\\/wp-content\\\/uploads\\\/2026\\\/04\\\/cropped-UICISA_lg.png\",\"width\":831,\"height\":300,\"caption\":\"UICISA\"},\"image\":{\"@id\":\"https:\\\/\\\/events.ipv.pt\\\/uicisa\\\/#\\\/schema\\\/logo\\\/image\\\/\"}},{\"@type\":\"Person\",\"@id\":\"https:\\\/\\\/events.ipv.pt\\\/uicisa\\\/#\\\/schema\\\/person\\\/ccac39a7f38bea8c520def2e001280ee\",\"name\":\"cristina\",\"image\":{\"@type\":\"ImageObject\",\"inLanguage\":\"pt-PT\",\"@id\":\"https:\\\/\\\/secure.gravatar.com\\\/avatar\\\/2195ec5194a145ca5d2c2ad965aa08b0d72d7d4157da345cccfeaa221a984952?s=96&d=mm&r=g\",\"url\":\"https:\\\/\\\/secure.gravatar.com\\\/avatar\\\/2195ec5194a145ca5d2c2ad965aa08b0d72d7d4157da345cccfeaa221a984952?s=96&d=mm&r=g\",\"contentUrl\":\"https:\\\/\\\/secure.gravatar.com\\\/avatar\\\/2195ec5194a145ca5d2c2ad965aa08b0d72d7d4157da345cccfeaa221a984952?s=96&d=mm&r=g\",\"caption\":\"cristina\"},\"sameAs\":[\"http:\\\/\\\/localhost\\\/uicisa\"],\"url\":\"https:\\\/\\\/events.ipv.pt\\\/uicisa\\\/author\\\/cristina\\\/\"}]}<\/script>\r\n<!-- \/ Yoast SEO plugin. -->","yoast_head_json":{"title":"Perspetivas e experi\u00eancias do p\u00f3s-cuidador informal sobre a sua rede de suporte: um protocolo de revis\u00e3o sistem\u00e1tica da literatura com meta-s\u00edntese &#8902; UICISA","robots":{"index":"index","follow":"follow","max-snippet":"max-snippet:-1","max-image-preview":"max-image-preview:large","max-video-preview":"max-video-preview:-1"},"canonical":"https:\/\/events.ipv.pt\/uicisa\/perspetivas-e-experiencias-do-pos-cuidador-informal-sobre-a-sua-rede-de-suporte-um-protocolo-de-revisao-sistematica-da-literatura-com-meta-sintese\/","og_locale":"pt_PT","og_type":"article","og_title":"Perspetivas e experi\u00eancias do p\u00f3s-cuidador informal sobre a sua rede de suporte: um protocolo de revis\u00e3o sistem\u00e1tica da literatura com meta-s\u00edntese &#8902; UICISA","og_description":"Afonso, C. I. C., Marques, A. A., Santos, E. J. F., &#038; Amendoeira, J. (2023). Perspetivas e experi\u00eancias do p\u00f3s-cuidador informal sobre a sua rede de suporte: um protocolo de revis\u00e3o sistem\u00e1tica da literatura com meta-s\u00edntese. In Pr\u00e1tica Baseada em Evid\u00eancia: Experi\u00eancia dos cursos conducentes a microcredenciais do IPSantar\u00e9m-ESSS (pp. 51-60). Santar\u00e9m, Portugal: Instituto Polit\u00e9cnico [&hellip;]","og_url":"https:\/\/events.ipv.pt\/uicisa\/perspetivas-e-experiencias-do-pos-cuidador-informal-sobre-a-sua-rede-de-suporte-um-protocolo-de-revisao-sistematica-da-literatura-com-meta-sintese\/","og_site_name":"UICISA","article_published_time":"2023-07-04T09:19:42+00:00","article_modified_time":"2026-03-24T10:43:29+00:00","author":"cristina","twitter_card":"summary_large_image","twitter_misc":{"Escrito por":"cristina","Tempo estimado de leitura":"1 minuto"},"schema":{"@context":"https:\/\/schema.org","@graph":[{"@type":"Article","@id":"https:\/\/events.ipv.pt\/uicisa\/perspetivas-e-experiencias-do-pos-cuidador-informal-sobre-a-sua-rede-de-suporte-um-protocolo-de-revisao-sistematica-da-literatura-com-meta-sintese\/#article","isPartOf":{"@id":"https:\/\/events.ipv.pt\/uicisa\/perspetivas-e-experiencias-do-pos-cuidador-informal-sobre-a-sua-rede-de-suporte-um-protocolo-de-revisao-sistematica-da-literatura-com-meta-sintese\/"},"author":{"name":"cristina","@id":"https:\/\/events.ipv.pt\/uicisa\/#\/schema\/person\/ccac39a7f38bea8c520def2e001280ee"},"headline":"Perspetivas e experi\u00eancias do p\u00f3s-cuidador informal sobre a sua rede de suporte: um protocolo de revis\u00e3o sistem\u00e1tica da literatura com meta-s\u00edntese","datePublished":"2023-07-04T09:19:42+00:00","dateModified":"2026-03-24T10:43:29+00:00","mainEntityOfPage":{"@id":"https:\/\/events.ipv.pt\/uicisa\/perspetivas-e-experiencias-do-pos-cuidador-informal-sobre-a-sua-rede-de-suporte-um-protocolo-de-revisao-sistematica-da-literatura-com-meta-sintese\/"},"wordCount":102,"commentCount":0,"publisher":{"@id":"https:\/\/events.ipv.pt\/uicisa\/#organization"},"keywords":["Eduardo Santos"],"articleSection":["2023","cap\u00edtulos de livro"],"inLanguage":"pt-PT","potentialAction":[{"@type":"CommentAction","name":"Comment","target":["https:\/\/events.ipv.pt\/uicisa\/perspetivas-e-experiencias-do-pos-cuidador-informal-sobre-a-sua-rede-de-suporte-um-protocolo-de-revisao-sistematica-da-literatura-com-meta-sintese\/#respond"]}]},{"@type":"WebPage","@id":"https:\/\/events.ipv.pt\/uicisa\/perspetivas-e-experiencias-do-pos-cuidador-informal-sobre-a-sua-rede-de-suporte-um-protocolo-de-revisao-sistematica-da-literatura-com-meta-sintese\/","url":"https:\/\/events.ipv.pt\/uicisa\/perspetivas-e-experiencias-do-pos-cuidador-informal-sobre-a-sua-rede-de-suporte-um-protocolo-de-revisao-sistematica-da-literatura-com-meta-sintese\/","name":"Perspetivas e experi\u00eancias do p\u00f3s-cuidador informal sobre a sua rede de suporte: um protocolo de revis\u00e3o sistem\u00e1tica da literatura com meta-s\u00edntese &#8902; UICISA","isPartOf":{"@id":"https:\/\/events.ipv.pt\/uicisa\/#website"},"datePublished":"2023-07-04T09:19:42+00:00","dateModified":"2026-03-24T10:43:29+00:00","breadcrumb":{"@id":"https:\/\/events.ipv.pt\/uicisa\/perspetivas-e-experiencias-do-pos-cuidador-informal-sobre-a-sua-rede-de-suporte-um-protocolo-de-revisao-sistematica-da-literatura-com-meta-sintese\/#breadcrumb"},"inLanguage":"pt-PT","potentialAction":[{"@type":"ReadAction","target":["https:\/\/events.ipv.pt\/uicisa\/perspetivas-e-experiencias-do-pos-cuidador-informal-sobre-a-sua-rede-de-suporte-um-protocolo-de-revisao-sistematica-da-literatura-com-meta-sintese\/"]}]},{"@type":"BreadcrumbList","@id":"https:\/\/events.ipv.pt\/uicisa\/perspetivas-e-experiencias-do-pos-cuidador-informal-sobre-a-sua-rede-de-suporte-um-protocolo-de-revisao-sistematica-da-literatura-com-meta-sintese\/#breadcrumb","itemListElement":[{"@type":"ListItem","position":1,"name":"In\u00edcio","item":"https:\/\/events.ipv.pt\/uicisa\/"},{"@type":"ListItem","position":2,"name":"Perspetivas e experi\u00eancias do p\u00f3s-cuidador informal sobre a sua rede de suporte: um protocolo de revis\u00e3o sistem\u00e1tica da literatura com meta-s\u00edntese"}]},{"@type":"WebSite","@id":"https:\/\/events.ipv.pt\/uicisa\/#website","url":"https:\/\/events.ipv.pt\/uicisa\/","name":"UICISA","description":"UICISA: E_ESEnfC\/ESSIPV","publisher":{"@id":"https:\/\/events.ipv.pt\/uicisa\/#organization"},"potentialAction":[{"@type":"SearchAction","target":{"@type":"EntryPoint","urlTemplate":"https:\/\/events.ipv.pt\/uicisa\/?s={search_term_string}"},"query-input":{"@type":"PropertyValueSpecification","valueRequired":true,"valueName":"search_term_string"}}],"inLanguage":"pt-PT"},{"@type":"Organization","@id":"https:\/\/events.ipv.pt\/uicisa\/#organization","name":"UICISA","url":"https:\/\/events.ipv.pt\/uicisa\/","logo":{"@type":"ImageObject","inLanguage":"pt-PT","@id":"https:\/\/events.ipv.pt\/uicisa\/#\/schema\/logo\/image\/","url":"https:\/\/events.ipv.pt\/uicisa\/wp-content\/uploads\/2026\/04\/cropped-UICISA_lg.png","contentUrl":"https:\/\/events.ipv.pt\/uicisa\/wp-content\/uploads\/2026\/04\/cropped-UICISA_lg.png","width":831,"height":300,"caption":"UICISA"},"image":{"@id":"https:\/\/events.ipv.pt\/uicisa\/#\/schema\/logo\/image\/"}},{"@type":"Person","@id":"https:\/\/events.ipv.pt\/uicisa\/#\/schema\/person\/ccac39a7f38bea8c520def2e001280ee","name":"cristina","image":{"@type":"ImageObject","inLanguage":"pt-PT","@id":"https:\/\/secure.gravatar.com\/avatar\/2195ec5194a145ca5d2c2ad965aa08b0d72d7d4157da345cccfeaa221a984952?s=96&d=mm&r=g","url":"https:\/\/secure.gravatar.com\/avatar\/2195ec5194a145ca5d2c2ad965aa08b0d72d7d4157da345cccfeaa221a984952?s=96&d=mm&r=g","contentUrl":"https:\/\/secure.gravatar.com\/avatar\/2195ec5194a145ca5d2c2ad965aa08b0d72d7d4157da345cccfeaa221a984952?s=96&d=mm&r=g","caption":"cristina"},"sameAs":["http:\/\/localhost\/uicisa"],"url":"https:\/\/events.ipv.pt\/uicisa\/author\/cristina\/"}]}},"_links":{"self":[{"href":"https:\/\/events.ipv.pt\/uicisa\/wp-json\/wp\/v2\/posts\/1118","targetHints":{"allow":["GET"]}}],"collection":[{"href":"https:\/\/events.ipv.pt\/uicisa\/wp-json\/wp\/v2\/posts"}],"about":[{"href":"https:\/\/events.ipv.pt\/uicisa\/wp-json\/wp\/v2\/types\/post"}],"author":[{"embeddable":true,"href":"https:\/\/events.ipv.pt\/uicisa\/wp-json\/wp\/v2\/users\/1"}],"replies":[{"embeddable":true,"href":"https:\/\/events.ipv.pt\/uicisa\/wp-json\/wp\/v2\/comments?post=1118"}],"version-history":[{"count":2,"href":"https:\/\/events.ipv.pt\/uicisa\/wp-json\/wp\/v2\/posts\/1118\/revisions"}],"predecessor-version":[{"id":1966,"href":"https:\/\/events.ipv.pt\/uicisa\/wp-json\/wp\/v2\/posts\/1118\/revisions\/1966"}],"wp:attachment":[{"href":"https:\/\/events.ipv.pt\/uicisa\/wp-json\/wp\/v2\/media?parent=1118"}],"wp:term":[{"taxonomy":"category","embeddable":true,"href":"https:\/\/events.ipv.pt\/uicisa\/wp-json\/wp\/v2\/categories?post=1118"},{"taxonomy":"post_tag","embeddable":true,"href":"https:\/\/events.ipv.pt\/uicisa\/wp-json\/wp\/v2\/tags?post=1118"}],"curies":[{"name":"wp","href":"https:\/\/api.w.org\/{rel}","templated":true}]}}