{"id":476,"date":"2023-11-21T11:25:54","date_gmt":"2023-11-21T11:25:54","guid":{"rendered":"http:\/\/localhost\/uicisa\/?p=476"},"modified":"2025-07-02T11:17:50","modified_gmt":"2025-07-02T11:17:50","slug":"cafe-ciencia-a-investigacao-cientifica-do-ipv-para-o-mundo","status":"publish","type":"post","link":"https:\/\/events.ipv.pt\/uicisa\/en\/cafe-ciencia-a-investigacao-cientifica-do-ipv-para-o-mundo\/","title":{"rendered":"[Caf\u00e9 Ci\u00eancia] A Investiga\u00e7\u00e3o cient\u00edfica: do IPV para o mundo"},"content":{"rendered":"<p><strong>21.11.2023 \u2022 17:30<\/strong><br \/>INSTITUTO POLIT\u00c9CNICO DE VISEU \u2022 <a class=\"bt-redondo\" href=\"https:\/\/docs.google.com\/forms\/d\/1gKMIkmz8JjH5ETDeH4uYXTORxXTjkhDjwCS0cpbN_ms\" rel=\"noopener\" target=\"_blank\">inscri\u00e7\u00e3o gratuita<\/a><\/p>\n<p><iframe loading=\"lazy\" src=\"http:\/\/localhost\/uicisa\/wp-content\/uploads\/2023\/11\/semanaCT.pdf\" width=\"100%\" height=\"600\"> <\/iframe><\/p>\n<p>A comemora\u00e7\u00e3o da Semana da Ci\u00eancia e da Tecnologia ir\u00e1 decorrer a n\u00edvel nacional entre 20 a 26 de novembro,  para celebrar a ci\u00eancia, a comunidade cient\u00edfica e o trabalho que se desenvolve para a sociedade.<br \/>\nAcolhendo esta iniciativa, e querendo deixar a nossa pegada, o IPV juntamente com os seus Centros de Investiga\u00e7\u00e3o tamb\u00e9m ir\u00e3o promover uma a\u00e7\u00e3o, o Caf\u00e9 Ci\u00eancia \u201cA Investiga\u00e7\u00e3o cient\u00edfica: do IPV para o mundo\u201d, pelas 17:30h no dia 21 de novembro, num evento h\u00edbrido, com dura\u00e7\u00e3o previs\u00edvel de 1 hora.<\/p>\n<p>Em anexo segue o convite para a participa\u00e7\u00e3o nesta iniciativa de todos os docentes, investigadores e toda a comunidade, procurando promover a cultura cient\u00edfica e tecnol\u00f3gica na nossa institui\u00e7\u00e3o.<\/p>","protected":false},"excerpt":{"rendered":"<p>21.11.2023 \u2022 17:30INSTITUTO POLIT\u00c9CNICO DE VISEU \u2022 inscri\u00e7\u00e3o gratuita A comemora\u00e7\u00e3o da Semana da Ci\u00eancia e da Tecnologia ir\u00e1 decorrer a n\u00edvel nacional entre 20 a 26 de novembro, para celebrar a ci\u00eancia, a comunidade cient\u00edfica e o trabalho que se desenvolve para a sociedade. Acolhendo esta iniciativa, e querendo deixar a nossa pegada, o [&hellip;]<\/p>\n","protected":false},"author":1,"featured_media":477,"comment_status":"closed","ping_status":"closed","sticky":false,"template":"","format":"standard","meta":{"site-sidebar-layout":"default","site-content-layout":"","ast-site-content-layout":"normal-width-container","site-content-style":"boxed","site-sidebar-style":"default","ast-global-header-display":"","ast-banner-title-visibility":"","ast-main-header-display":"","ast-hfb-above-header-display":"","ast-hfb-below-header-display":"","ast-hfb-mobile-header-display":"","site-post-title":"","ast-breadcrumbs-content":"","ast-featured-img":"disabled","footer-sml-layout":"","ast-disable-related-posts":"","theme-transparent-header-meta":"default","adv-header-id-meta":"","stick-header-meta":"","header-above-stick-meta":"","header-main-stick-meta":"","header-below-stick-meta":"","astra-migrate-meta-layouts":"set","ast-page-background-enabled":"default","ast-page-background-meta":{"desktop":{"background-color":"var(--ast-global-color-4)","background-image":"","background-repeat":"repeat","background-position":"center center","background-size":"auto","background-attachment":"scroll","background-type":"","background-media":"","overlay-type":"","overlay-color":"","overlay-opacity":"","overlay-gradient":""},"tablet":{"background-color":"","background-image":"","background-repeat":"repeat","background-position":"center center","background-size":"auto","background-attachment":"scroll","background-type":"","background-media":"","overlay-type":"","overlay-color":"","overlay-opacity":"","overlay-gradient":""},"mobile":{"background-color":"","background-image":"","background-repeat":"repeat","background-position":"center center","background-size":"auto","background-attachment":"scroll","background-type":"","background-media":"","overlay-type":"","overlay-color":"","overlay-opacity":"","overlay-gradient":""}},"ast-content-background-meta":{"desktop":{"background-color":"var(--ast-global-color-5)","background-image":"","background-repeat":"repeat","background-position":"center center","background-size":"auto","background-attachment":"scroll","background-type":"","background-media":"","overlay-type":"","overlay-color":"","overlay-opacity":"","overlay-gradient":""},"tablet":{"background-color":"var(--ast-global-color-5)","background-image":"","background-repeat":"repeat","background-position":"center center","background-size":"auto","background-attachment":"scroll","background-type":"","background-media":"","overlay-type":"","overlay-color":"","overlay-opacity":"","overlay-gradient":""},"mobile":{"background-color":"var(--ast-global-color-5)","background-image":"","background-repeat":"repeat","background-position":"center center","background-size":"auto","background-attachment":"scroll","background-type":"","background-media":"","overlay-type":"","overlay-color":"","overlay-opacity":"","overlay-gradient":""}},"footnotes":"","_links_to":"","_links_to_target":""},"categories":[4],"tags":[112],"class_list":["post-476","post","type-post","status-publish","format-standard","has-post-thumbnail","hentry","category-event","tag-encontro"],"yoast_head":"<!-- This site is optimized with the Yoast SEO plugin v27.4 - https:\/\/yoast.com\/product\/yoast-seo-wordpress\/ -->\r\n<title>[Caf\u00e9 Ci\u00eancia] A Investiga\u00e7\u00e3o cient\u00edfica: do IPV para o mundo &#8902; UICISA<\/title>\r\n<meta name=\"robots\" content=\"index, follow, max-snippet:-1, max-image-preview:large, max-video-preview:-1\" \/>\r\n<link rel=\"canonical\" href=\"https:\/\/events.ipv.pt\/uicisa\/en\/cafe-ciencia-a-investigacao-cientifica-do-ipv-para-o-mundo\/\" \/>\r\n<meta property=\"og:locale\" content=\"en_GB\" \/>\r\n<meta property=\"og:type\" content=\"article\" \/>\r\n<meta property=\"og:title\" content=\"[Caf\u00e9 Ci\u00eancia] A Investiga\u00e7\u00e3o cient\u00edfica: do IPV para o mundo &#8902; UICISA\" \/>\r\n<meta property=\"og:description\" content=\"21.11.2023 \u2022 17:30INSTITUTO POLIT\u00c9CNICO DE VISEU \u2022 inscri\u00e7\u00e3o gratuita A comemora\u00e7\u00e3o da Semana da Ci\u00eancia e da Tecnologia ir\u00e1 decorrer a n\u00edvel nacional entre 20 a 26 de novembro, para celebrar a ci\u00eancia, a comunidade cient\u00edfica e o trabalho que se desenvolve para a sociedade. Acolhendo esta iniciativa, e querendo deixar a nossa pegada, o [&hellip;]\" \/>\r\n<meta property=\"og:url\" content=\"https:\/\/events.ipv.pt\/uicisa\/en\/cafe-ciencia-a-investigacao-cientifica-do-ipv-para-o-mundo\/\" \/>\r\n<meta property=\"og:site_name\" content=\"UICISA\" \/>\r\n<meta property=\"article:published_time\" content=\"2023-11-21T11:25:54+00:00\" \/>\r\n<meta property=\"article:modified_time\" content=\"2025-07-02T11:17:50+00:00\" \/>\r\n<meta property=\"og:image\" content=\"https:\/\/events.ipv.pt\/uicisa\/wp-content\/uploads\/2023\/11\/cafeciencia.jpg\" \/>\r\n\t<meta property=\"og:image:width\" content=\"800\" \/>\r\n\t<meta property=\"og:image:height\" content=\"400\" \/>\r\n\t<meta property=\"og:image:type\" content=\"image\/jpeg\" \/>\r\n<meta name=\"author\" content=\"cristina\" \/>\r\n<meta name=\"twitter:card\" content=\"summary_large_image\" \/>\r\n<meta name=\"twitter:label1\" content=\"Written by\" \/>\n\t<meta name=\"twitter:data1\" content=\"cristina\" \/>\n\t<meta name=\"twitter:label2\" content=\"Estimated reading time\" \/>\n\t<meta name=\"twitter:data2\" content=\"1 minute\" \/>\r\n<script type=\"application\/ld+json\" class=\"yoast-schema-graph\">{\"@context\":\"https:\\\/\\\/schema.org\",\"@graph\":[{\"@type\":\"Article\",\"@id\":\"https:\\\/\\\/events.ipv.pt\\\/uicisa\\\/en\\\/cafe-ciencia-a-investigacao-cientifica-do-ipv-para-o-mundo\\\/#article\",\"isPartOf\":{\"@id\":\"https:\\\/\\\/events.ipv.pt\\\/uicisa\\\/en\\\/cafe-ciencia-a-investigacao-cientifica-do-ipv-para-o-mundo\\\/\"},\"author\":{\"name\":\"cristina\",\"@id\":\"https:\\\/\\\/events.ipv.pt\\\/uicisa\\\/#\\\/schema\\\/person\\\/ccac39a7f38bea8c520def2e001280ee\"},\"headline\":\"[Caf\u00e9 Ci\u00eancia] A Investiga\u00e7\u00e3o cient\u00edfica: do IPV para o mundo\",\"datePublished\":\"2023-11-21T11:25:54+00:00\",\"dateModified\":\"2025-07-02T11:17:50+00:00\",\"mainEntityOfPage\":{\"@id\":\"https:\\\/\\\/events.ipv.pt\\\/uicisa\\\/en\\\/cafe-ciencia-a-investigacao-cientifica-do-ipv-para-o-mundo\\\/\"},\"wordCount\":151,\"publisher\":{\"@id\":\"https:\\\/\\\/events.ipv.pt\\\/uicisa\\\/#organization\"},\"image\":{\"@id\":\"https:\\\/\\\/events.ipv.pt\\\/uicisa\\\/en\\\/cafe-ciencia-a-investigacao-cientifica-do-ipv-para-o-mundo\\\/#primaryimage\"},\"thumbnailUrl\":\"https:\\\/\\\/events.ipv.pt\\\/uicisa\\\/wp-content\\\/uploads\\\/2023\\\/11\\\/cafeciencia.jpg\",\"keywords\":[\"[encontro]\"],\"articleSection\":[\"event\"],\"inLanguage\":\"en-GB\"},{\"@type\":\"WebPage\",\"@id\":\"https:\\\/\\\/events.ipv.pt\\\/uicisa\\\/en\\\/cafe-ciencia-a-investigacao-cientifica-do-ipv-para-o-mundo\\\/\",\"url\":\"https:\\\/\\\/events.ipv.pt\\\/uicisa\\\/en\\\/cafe-ciencia-a-investigacao-cientifica-do-ipv-para-o-mundo\\\/\",\"name\":\"[Caf\u00e9 Ci\u00eancia] A Investiga\u00e7\u00e3o cient\u00edfica: do IPV para o mundo &#8902; UICISA\",\"isPartOf\":{\"@id\":\"https:\\\/\\\/events.ipv.pt\\\/uicisa\\\/#website\"},\"primaryImageOfPage\":{\"@id\":\"https:\\\/\\\/events.ipv.pt\\\/uicisa\\\/en\\\/cafe-ciencia-a-investigacao-cientifica-do-ipv-para-o-mundo\\\/#primaryimage\"},\"image\":{\"@id\":\"https:\\\/\\\/events.ipv.pt\\\/uicisa\\\/en\\\/cafe-ciencia-a-investigacao-cientifica-do-ipv-para-o-mundo\\\/#primaryimage\"},\"thumbnailUrl\":\"https:\\\/\\\/events.ipv.pt\\\/uicisa\\\/wp-content\\\/uploads\\\/2023\\\/11\\\/cafeciencia.jpg\",\"datePublished\":\"2023-11-21T11:25:54+00:00\",\"dateModified\":\"2025-07-02T11:17:50+00:00\",\"breadcrumb\":{\"@id\":\"https:\\\/\\\/events.ipv.pt\\\/uicisa\\\/en\\\/cafe-ciencia-a-investigacao-cientifica-do-ipv-para-o-mundo\\\/#breadcrumb\"},\"inLanguage\":\"en-GB\",\"potentialAction\":[{\"@type\":\"ReadAction\",\"target\":[\"https:\\\/\\\/events.ipv.pt\\\/uicisa\\\/en\\\/cafe-ciencia-a-investigacao-cientifica-do-ipv-para-o-mundo\\\/\"]}]},{\"@type\":\"ImageObject\",\"inLanguage\":\"en-GB\",\"@id\":\"https:\\\/\\\/events.ipv.pt\\\/uicisa\\\/en\\\/cafe-ciencia-a-investigacao-cientifica-do-ipv-para-o-mundo\\\/#primaryimage\",\"url\":\"https:\\\/\\\/events.ipv.pt\\\/uicisa\\\/wp-content\\\/uploads\\\/2023\\\/11\\\/cafeciencia.jpg\",\"contentUrl\":\"https:\\\/\\\/events.ipv.pt\\\/uicisa\\\/wp-content\\\/uploads\\\/2023\\\/11\\\/cafeciencia.jpg\",\"width\":800,\"height\":400},{\"@type\":\"BreadcrumbList\",\"@id\":\"https:\\\/\\\/events.ipv.pt\\\/uicisa\\\/en\\\/cafe-ciencia-a-investigacao-cientifica-do-ipv-para-o-mundo\\\/#breadcrumb\",\"itemListElement\":[{\"@type\":\"ListItem\",\"position\":1,\"name\":\"In\u00edcio\",\"item\":\"https:\\\/\\\/events.ipv.pt\\\/uicisa\\\/\"},{\"@type\":\"ListItem\",\"position\":2,\"name\":\"[Caf\u00e9 Ci\u00eancia] A Investiga\u00e7\u00e3o cient\u00edfica: do IPV para o mundo\"}]},{\"@type\":\"WebSite\",\"@id\":\"https:\\\/\\\/events.ipv.pt\\\/uicisa\\\/#website\",\"url\":\"https:\\\/\\\/events.ipv.pt\\\/uicisa\\\/\",\"name\":\"UICISA\",\"description\":\"UICISA: E_ESEnfC\\\/ESSIPV\",\"publisher\":{\"@id\":\"https:\\\/\\\/events.ipv.pt\\\/uicisa\\\/#organization\"},\"potentialAction\":[{\"@type\":\"SearchAction\",\"target\":{\"@type\":\"EntryPoint\",\"urlTemplate\":\"https:\\\/\\\/events.ipv.pt\\\/uicisa\\\/?s={search_term_string}\"},\"query-input\":{\"@type\":\"PropertyValueSpecification\",\"valueRequired\":true,\"valueName\":\"search_term_string\"}}],\"inLanguage\":\"en-GB\"},{\"@type\":\"Organization\",\"@id\":\"https:\\\/\\\/events.ipv.pt\\\/uicisa\\\/#organization\",\"name\":\"UICISA\",\"url\":\"https:\\\/\\\/events.ipv.pt\\\/uicisa\\\/\",\"logo\":{\"@type\":\"ImageObject\",\"inLanguage\":\"en-GB\",\"@id\":\"https:\\\/\\\/events.ipv.pt\\\/uicisa\\\/#\\\/schema\\\/logo\\\/image\\\/\",\"url\":\"https:\\\/\\\/events.ipv.pt\\\/uicisa\\\/wp-content\\\/uploads\\\/2026\\\/04\\\/cropped-UICISA_lg.png\",\"contentUrl\":\"https:\\\/\\\/events.ipv.pt\\\/uicisa\\\/wp-content\\\/uploads\\\/2026\\\/04\\\/cropped-UICISA_lg.png\",\"width\":831,\"height\":300,\"caption\":\"UICISA\"},\"image\":{\"@id\":\"https:\\\/\\\/events.ipv.pt\\\/uicisa\\\/#\\\/schema\\\/logo\\\/image\\\/\"}},{\"@type\":\"Person\",\"@id\":\"https:\\\/\\\/events.ipv.pt\\\/uicisa\\\/#\\\/schema\\\/person\\\/ccac39a7f38bea8c520def2e001280ee\",\"name\":\"cristina\",\"image\":{\"@type\":\"ImageObject\",\"inLanguage\":\"en-GB\",\"@id\":\"https:\\\/\\\/secure.gravatar.com\\\/avatar\\\/2195ec5194a145ca5d2c2ad965aa08b0d72d7d4157da345cccfeaa221a984952?s=96&d=mm&r=g\",\"url\":\"https:\\\/\\\/secure.gravatar.com\\\/avatar\\\/2195ec5194a145ca5d2c2ad965aa08b0d72d7d4157da345cccfeaa221a984952?s=96&d=mm&r=g\",\"contentUrl\":\"https:\\\/\\\/secure.gravatar.com\\\/avatar\\\/2195ec5194a145ca5d2c2ad965aa08b0d72d7d4157da345cccfeaa221a984952?s=96&d=mm&r=g\",\"caption\":\"cristina\"},\"sameAs\":[\"http:\\\/\\\/localhost\\\/uicisa\"],\"url\":\"https:\\\/\\\/events.ipv.pt\\\/uicisa\\\/en\\\/author\\\/cristina\\\/\"}]}<\/script>\r\n<!-- \/ Yoast SEO plugin. -->","yoast_head_json":{"title":"[Caf\u00e9 Ci\u00eancia] A Investiga\u00e7\u00e3o cient\u00edfica: do IPV para o mundo &#8902; UICISA","robots":{"index":"index","follow":"follow","max-snippet":"max-snippet:-1","max-image-preview":"max-image-preview:large","max-video-preview":"max-video-preview:-1"},"canonical":"https:\/\/events.ipv.pt\/uicisa\/en\/cafe-ciencia-a-investigacao-cientifica-do-ipv-para-o-mundo\/","og_locale":"en_GB","og_type":"article","og_title":"[Caf\u00e9 Ci\u00eancia] A Investiga\u00e7\u00e3o cient\u00edfica: do IPV para o mundo &#8902; UICISA","og_description":"21.11.2023 \u2022 17:30INSTITUTO POLIT\u00c9CNICO DE VISEU \u2022 inscri\u00e7\u00e3o gratuita A comemora\u00e7\u00e3o da Semana da Ci\u00eancia e da Tecnologia ir\u00e1 decorrer a n\u00edvel nacional entre 20 a 26 de novembro, para celebrar a ci\u00eancia, a comunidade cient\u00edfica e o trabalho que se desenvolve para a sociedade. Acolhendo esta iniciativa, e querendo deixar a nossa pegada, o [&hellip;]","og_url":"https:\/\/events.ipv.pt\/uicisa\/en\/cafe-ciencia-a-investigacao-cientifica-do-ipv-para-o-mundo\/","og_site_name":"UICISA","article_published_time":"2023-11-21T11:25:54+00:00","article_modified_time":"2025-07-02T11:17:50+00:00","og_image":[{"width":800,"height":400,"url":"https:\/\/events.ipv.pt\/uicisa\/wp-content\/uploads\/2023\/11\/cafeciencia.jpg","type":"image\/jpeg"}],"author":"cristina","twitter_card":"summary_large_image","twitter_misc":{"Written by":"cristina","Estimated reading time":"1 minute"},"schema":{"@context":"https:\/\/schema.org","@graph":[{"@type":"Article","@id":"https:\/\/events.ipv.pt\/uicisa\/en\/cafe-ciencia-a-investigacao-cientifica-do-ipv-para-o-mundo\/#article","isPartOf":{"@id":"https:\/\/events.ipv.pt\/uicisa\/en\/cafe-ciencia-a-investigacao-cientifica-do-ipv-para-o-mundo\/"},"author":{"name":"cristina","@id":"https:\/\/events.ipv.pt\/uicisa\/#\/schema\/person\/ccac39a7f38bea8c520def2e001280ee"},"headline":"[Caf\u00e9 Ci\u00eancia] A Investiga\u00e7\u00e3o cient\u00edfica: do IPV para o mundo","datePublished":"2023-11-21T11:25:54+00:00","dateModified":"2025-07-02T11:17:50+00:00","mainEntityOfPage":{"@id":"https:\/\/events.ipv.pt\/uicisa\/en\/cafe-ciencia-a-investigacao-cientifica-do-ipv-para-o-mundo\/"},"wordCount":151,"publisher":{"@id":"https:\/\/events.ipv.pt\/uicisa\/#organization"},"image":{"@id":"https:\/\/events.ipv.pt\/uicisa\/en\/cafe-ciencia-a-investigacao-cientifica-do-ipv-para-o-mundo\/#primaryimage"},"thumbnailUrl":"https:\/\/events.ipv.pt\/uicisa\/wp-content\/uploads\/2023\/11\/cafeciencia.jpg","keywords":["[encontro]"],"articleSection":["event"],"inLanguage":"en-GB"},{"@type":"WebPage","@id":"https:\/\/events.ipv.pt\/uicisa\/en\/cafe-ciencia-a-investigacao-cientifica-do-ipv-para-o-mundo\/","url":"https:\/\/events.ipv.pt\/uicisa\/en\/cafe-ciencia-a-investigacao-cientifica-do-ipv-para-o-mundo\/","name":"[Caf\u00e9 Ci\u00eancia] A Investiga\u00e7\u00e3o cient\u00edfica: do IPV para o mundo &#8902; UICISA","isPartOf":{"@id":"https:\/\/events.ipv.pt\/uicisa\/#website"},"primaryImageOfPage":{"@id":"https:\/\/events.ipv.pt\/uicisa\/en\/cafe-ciencia-a-investigacao-cientifica-do-ipv-para-o-mundo\/#primaryimage"},"image":{"@id":"https:\/\/events.ipv.pt\/uicisa\/en\/cafe-ciencia-a-investigacao-cientifica-do-ipv-para-o-mundo\/#primaryimage"},"thumbnailUrl":"https:\/\/events.ipv.pt\/uicisa\/wp-content\/uploads\/2023\/11\/cafeciencia.jpg","datePublished":"2023-11-21T11:25:54+00:00","dateModified":"2025-07-02T11:17:50+00:00","breadcrumb":{"@id":"https:\/\/events.ipv.pt\/uicisa\/en\/cafe-ciencia-a-investigacao-cientifica-do-ipv-para-o-mundo\/#breadcrumb"},"inLanguage":"en-GB","potentialAction":[{"@type":"ReadAction","target":["https:\/\/events.ipv.pt\/uicisa\/en\/cafe-ciencia-a-investigacao-cientifica-do-ipv-para-o-mundo\/"]}]},{"@type":"ImageObject","inLanguage":"en-GB","@id":"https:\/\/events.ipv.pt\/uicisa\/en\/cafe-ciencia-a-investigacao-cientifica-do-ipv-para-o-mundo\/#primaryimage","url":"https:\/\/events.ipv.pt\/uicisa\/wp-content\/uploads\/2023\/11\/cafeciencia.jpg","contentUrl":"https:\/\/events.ipv.pt\/uicisa\/wp-content\/uploads\/2023\/11\/cafeciencia.jpg","width":800,"height":400},{"@type":"BreadcrumbList","@id":"https:\/\/events.ipv.pt\/uicisa\/en\/cafe-ciencia-a-investigacao-cientifica-do-ipv-para-o-mundo\/#breadcrumb","itemListElement":[{"@type":"ListItem","position":1,"name":"In\u00edcio","item":"https:\/\/events.ipv.pt\/uicisa\/"},{"@type":"ListItem","position":2,"name":"[Caf\u00e9 Ci\u00eancia] A Investiga\u00e7\u00e3o cient\u00edfica: do IPV para o mundo"}]},{"@type":"WebSite","@id":"https:\/\/events.ipv.pt\/uicisa\/#website","url":"https:\/\/events.ipv.pt\/uicisa\/","name":"UICISA","description":"UICISA: E_ESEnfC\/ESSIPV","publisher":{"@id":"https:\/\/events.ipv.pt\/uicisa\/#organization"},"potentialAction":[{"@type":"SearchAction","target":{"@type":"EntryPoint","urlTemplate":"https:\/\/events.ipv.pt\/uicisa\/?s={search_term_string}"},"query-input":{"@type":"PropertyValueSpecification","valueRequired":true,"valueName":"search_term_string"}}],"inLanguage":"en-GB"},{"@type":"Organization","@id":"https:\/\/events.ipv.pt\/uicisa\/#organization","name":"UICISA","url":"https:\/\/events.ipv.pt\/uicisa\/","logo":{"@type":"ImageObject","inLanguage":"en-GB","@id":"https:\/\/events.ipv.pt\/uicisa\/#\/schema\/logo\/image\/","url":"https:\/\/events.ipv.pt\/uicisa\/wp-content\/uploads\/2026\/04\/cropped-UICISA_lg.png","contentUrl":"https:\/\/events.ipv.pt\/uicisa\/wp-content\/uploads\/2026\/04\/cropped-UICISA_lg.png","width":831,"height":300,"caption":"UICISA"},"image":{"@id":"https:\/\/events.ipv.pt\/uicisa\/#\/schema\/logo\/image\/"}},{"@type":"Person","@id":"https:\/\/events.ipv.pt\/uicisa\/#\/schema\/person\/ccac39a7f38bea8c520def2e001280ee","name":"cristina","image":{"@type":"ImageObject","inLanguage":"en-GB","@id":"https:\/\/secure.gravatar.com\/avatar\/2195ec5194a145ca5d2c2ad965aa08b0d72d7d4157da345cccfeaa221a984952?s=96&d=mm&r=g","url":"https:\/\/secure.gravatar.com\/avatar\/2195ec5194a145ca5d2c2ad965aa08b0d72d7d4157da345cccfeaa221a984952?s=96&d=mm&r=g","contentUrl":"https:\/\/secure.gravatar.com\/avatar\/2195ec5194a145ca5d2c2ad965aa08b0d72d7d4157da345cccfeaa221a984952?s=96&d=mm&r=g","caption":"cristina"},"sameAs":["http:\/\/localhost\/uicisa"],"url":"https:\/\/events.ipv.pt\/uicisa\/en\/author\/cristina\/"}]}},"_links":{"self":[{"href":"https:\/\/events.ipv.pt\/uicisa\/en\/wp-json\/wp\/v2\/posts\/476","targetHints":{"allow":["GET"]}}],"collection":[{"href":"https:\/\/events.ipv.pt\/uicisa\/en\/wp-json\/wp\/v2\/posts"}],"about":[{"href":"https:\/\/events.ipv.pt\/uicisa\/en\/wp-json\/wp\/v2\/types\/post"}],"author":[{"embeddable":true,"href":"https:\/\/events.ipv.pt\/uicisa\/en\/wp-json\/wp\/v2\/users\/1"}],"replies":[{"embeddable":true,"href":"https:\/\/events.ipv.pt\/uicisa\/en\/wp-json\/wp\/v2\/comments?post=476"}],"version-history":[{"count":6,"href":"https:\/\/events.ipv.pt\/uicisa\/en\/wp-json\/wp\/v2\/posts\/476\/revisions"}],"predecessor-version":[{"id":1710,"href":"https:\/\/events.ipv.pt\/uicisa\/en\/wp-json\/wp\/v2\/posts\/476\/revisions\/1710"}],"wp:featuredmedia":[{"embeddable":true,"href":"https:\/\/events.ipv.pt\/uicisa\/en\/wp-json\/wp\/v2\/media\/477"}],"wp:attachment":[{"href":"https:\/\/events.ipv.pt\/uicisa\/en\/wp-json\/wp\/v2\/media?parent=476"}],"wp:term":[{"taxonomy":"category","embeddable":true,"href":"https:\/\/events.ipv.pt\/uicisa\/en\/wp-json\/wp\/v2\/categories?post=476"},{"taxonomy":"post_tag","embeddable":true,"href":"https:\/\/events.ipv.pt\/uicisa\/en\/wp-json\/wp\/v2\/tags?post=476"}],"curies":[{"name":"wp","href":"https:\/\/api.w.org\/{rel}","templated":true}]}}