{"id":467,"date":"2022-06-22T15:38:19","date_gmt":"2022-06-22T15:38:19","guid":{"rendered":"http:\/\/localhost\/uicisa\/?p=467"},"modified":"2025-07-02T10:13:32","modified_gmt":"2025-07-02T10:13:32","slug":"projeto-olhar-para-quem-cuida","status":"publish","type":"post","link":"https:\/\/events.ipv.pt\/uicisa\/en\/projeto-olhar-para-quem-cuida\/","title":{"rendered":"Olhar + Para Quem Cuida"},"content":{"rendered":"<p><strong>Investigador Respons\u00e1vel<\/strong><br \/>\nMaria Odete Pereira Amaral<\/p>\n<p><strong>Duration:<\/strong> Aplic\u00e1vel sempre que haja cuidadores<\/p>\n<p><strong>Membros da equipa<\/strong><br \/>\nSofia Margarida Guedes de Campos Pires<br \/>\nSusana Marisa Loureiro Pais Batista<br \/>\nAmadeu Matos Gon\u00e7alves<br \/>\nS\u00f3nia Patr\u00edcia Teixeira da Silva Alves<\/p>\n<div class=\"traco\"><\/div>\n<p>O Projeto OLHAR+ para quem cuida \u00e9 um projeto de interven\u00e7\u00e3o comunit\u00e1ria para a capacita\u00e7\u00e3o de cuidadores formais e informais. Foi submetido pela Investigadora Odete Amaral e um grupo de estudantes da Escola Superior de Sa\u00fade de Viseu (ESSV) ao Or\u00e7amento Participativo Jovem 2016\/2017 promovido pela Camara Municipal de Viseu tendo sido premiado com o 2\u00ba lugar num valor de 25.000 euros. Foi concebido tendo presente o cen\u00e1rio sociodemogr\u00e1fico e epidemiol\u00f3gico a n\u00edvel nacional e sobretudo regional. Em Portugal tem-se verificado um aumento do \u00edndice de envelhecimento com valores bastante significativos na regi\u00e3o de Viseu (\u00cdndice de envelhecimento 2001 &#8211; 88,9%; 2011 &#8211; 116,9%; 2016 &#8211; 142,3%; 2017 \u2013 147,4% e 2020 \u2013 161,8%). Assim, o Projeto visou dar resposta \u00e0s necessidades da comunidade promovendo a humaniza\u00e7\u00e3o e parceria dos cuidados de sa\u00fade atrav\u00e9s da capacita\u00e7\u00e3o de cuidadores informais e formais no sentido da promo\u00e7\u00e3o do bem-estar e da qualidade de vida das Pessoas que cuidam e cuidadores. Decorreu uma primeira edi\u00e7\u00e3o do projeto em 2019. No final, desta edi\u00e7\u00e3o realizou-se a avalia\u00e7\u00e3o do mesmo \u2013 tendo sido a maioria dos itens pontuados com o n\u00edvel 5 (o mais elevado) e globalmente avaliaram o programa com \u201cExcelente\u201d, referindo \u201csendo uma forma\u00e7\u00e3o com muito interesse, que permitiu adquirir conhecimentos que ajudam a superar obst\u00e1culos di\u00e1rios no cuidar da pessoa dependente\u201d. Os formandos sugeriram como forma\u00e7\u00e3o a incluir uma vez que \u00e9 uma dificuldade sentida no dia a dia enquanto cuidadores a \u201cComunica\u00e7\u00e3o com uma pessoa com dem\u00eancia\u201d.<br \/>\nNesta segunda edi\u00e7\u00e3o do Projeto o objetivo principal mant\u00e9m-se &#8211; Capacitar os cuidadores no cuidar da pessoa em situa\u00e7\u00e3o de depend\u00eancia. Para a concretiza\u00e7\u00e3o deste objetivo foi atualizado o plano de a\u00e7\u00e3o. Divulgado o programa e cronograma das sess\u00f5es pelas redes sociais para que os cuidadores interessados se inscrevessem e frequentassem as sess\u00f5es de educa\u00e7\u00e3o para a sa\u00fade.<br \/>\nSess\u00f5es: Te\u00f3rico-Pr\u00e1ticas (desenvolvimento de conhecimentos e treino \/ pr\u00e1tica simulada dos procedimentos a prestar \u00e0 pessoa cuidada) por forma a capacitar os cuidadores para uma presta\u00e7\u00e3o mais segura. Sess\u00f5es a desenvolver: Higiene e conforto; Higiene oral; Posicionamentos e transfer\u00eancias; Alimenta\u00e7\u00e3o; Elimina\u00e7\u00e3o (vesical e intestinal); Preven\u00e7\u00e3o das \u00falceras por press\u00e3o; Preven\u00e7\u00e3o de acidentes \/ quedas; Gest\u00e3o da terap\u00eautica; Cuide de si pr\u00f3prio; Sess\u00e3o de Mindfulness; Como lidar com a pessoa com dem\u00eancia e Sess\u00e3o de Gin\u00e1stica laboral \u2013 exerc\u00edcios para preven\u00e7\u00e3o das lombalgias e melhoria da qualidade de vida. Formadores: Docentes da ESSV, estudantes do 4\u00ba ano do 1\u00ba ciclo de estudo e profissionais da pr\u00e1tica cl\u00ednica com experi\u00eancia reconhecida na tem\u00e1tica. Cada formando pode realizar todo o programa de forma\u00e7\u00e3o ou inscrever-se apenas nas sess\u00f5es que considere uma necessidade e prioridade para melhorar o seu desempenho.  A 2\u00aa edi\u00e7\u00e3o do projeto decorreu entre mar\u00e7o e junho de 2022.<br \/>\nDa avalia\u00e7\u00e3o das sess\u00f5es decorridas na 1\u00aa e 2\u00aa edi\u00e7\u00e3o foi criada uma consulta ao cuidador, de Enfermagem e Psicologia, a realizar nas instala\u00e7\u00f5es e com profissionais da ESSV.<\/p>","protected":false},"excerpt":{"rendered":"<p>Investigador Respons\u00e1vel Maria Odete Pereira Amaral Dura\u00e7\u00e3o: Aplic\u00e1vel sempre que haja cuidadores Membros da equipa Sofia Margarida Guedes de Campos Pires Susana Marisa Loureiro Pais Batista Amadeu Matos Gon\u00e7alves S\u00f3nia Patr\u00edcia Teixeira da Silva Alves O Projeto OLHAR+ para quem cuida \u00e9 um projeto de interven\u00e7\u00e3o comunit\u00e1ria para a capacita\u00e7\u00e3o de cuidadores formais e informais. [&hellip;]<\/p>\n","protected":false},"author":1,"featured_media":1652,"comment_status":"closed","ping_status":"closed","sticky":false,"template":"","format":"standard","meta":{"site-sidebar-layout":"default","site-content-layout":"default","ast-site-content-layout":"normal-width-container","site-content-style":"boxed","site-sidebar-style":"default","ast-global-header-display":"","ast-banner-title-visibility":"","ast-main-header-display":"","ast-hfb-above-header-display":"","ast-hfb-below-header-display":"","ast-hfb-mobile-header-display":"","site-post-title":"","ast-breadcrumbs-content":"","ast-featured-img":"","footer-sml-layout":"","ast-disable-related-posts":"","theme-transparent-header-meta":"default","adv-header-id-meta":"","stick-header-meta":"","header-above-stick-meta":"","header-main-stick-meta":"","header-below-stick-meta":"","astra-migrate-meta-layouts":"set","ast-page-background-enabled":"default","ast-page-background-meta":{"desktop":{"background-color":"var(--ast-global-color-4)","background-image":"","background-repeat":"repeat","background-position":"center center","background-size":"auto","background-attachment":"scroll","background-type":"","background-media":"","overlay-type":"","overlay-color":"","overlay-opacity":"","overlay-gradient":""},"tablet":{"background-color":"","background-image":"","background-repeat":"repeat","background-position":"center center","background-size":"auto","background-attachment":"scroll","background-type":"","background-media":"","overlay-type":"","overlay-color":"","overlay-opacity":"","overlay-gradient":""},"mobile":{"background-color":"","background-image":"","background-repeat":"repeat","background-position":"center center","background-size":"auto","background-attachment":"scroll","background-type":"","background-media":"","overlay-type":"","overlay-color":"","overlay-opacity":"","overlay-gradient":""}},"ast-content-background-meta":{"desktop":{"background-color":"var(--ast-global-color-5)","background-image":"","background-repeat":"repeat","background-position":"center center","background-size":"auto","background-attachment":"scroll","background-type":"","background-media":"","overlay-type":"","overlay-color":"","overlay-opacity":"","overlay-gradient":""},"tablet":{"background-color":"var(--ast-global-color-5)","background-image":"","background-repeat":"repeat","background-position":"center center","background-size":"auto","background-attachment":"scroll","background-type":"","background-media":"","overlay-type":"","overlay-color":"","overlay-opacity":"","overlay-gradient":""},"mobile":{"background-color":"var(--ast-global-color-5)","background-image":"","background-repeat":"repeat","background-position":"center center","background-size":"auto","background-attachment":"scroll","background-type":"","background-media":"","overlay-type":"","overlay-color":"","overlay-opacity":"","overlay-gradient":""}},"footnotes":"","_links_to":"","_links_to_target":""},"categories":[52],"tags":[106,85,86,67,102,74],"class_list":["post-467","post","type-post","status-publish","format-standard","has-post-thumbnail","hentry","category-projeto","tag-aplicavel-sempre-que-haja-cuidadores","tag-amadeu-goncalves","tag-odete-amaral","tag-sofia-campos","tag-sonia-alves","tag-susana-batista"],"yoast_head":"<!-- This site is optimized with the Yoast SEO plugin v27.4 - https:\/\/yoast.com\/product\/yoast-seo-wordpress\/ -->\r\n<title>Olhar + Para Quem Cuida &#8902; UICISA<\/title>\r\n<meta name=\"robots\" content=\"index, follow, max-snippet:-1, max-image-preview:large, max-video-preview:-1\" \/>\r\n<link rel=\"canonical\" href=\"https:\/\/events.ipv.pt\/uicisa\/en\/projeto-olhar-para-quem-cuida\/\" \/>\r\n<meta property=\"og:locale\" content=\"en_GB\" \/>\r\n<meta property=\"og:type\" content=\"article\" \/>\r\n<meta property=\"og:title\" content=\"Olhar + Para Quem Cuida &#8902; UICISA\" \/>\r\n<meta property=\"og:description\" content=\"Investigador Respons\u00e1vel Maria Odete Pereira Amaral Dura\u00e7\u00e3o: Aplic\u00e1vel sempre que haja cuidadores Membros da equipa Sofia Margarida Guedes de Campos Pires Susana Marisa Loureiro Pais Batista Amadeu Matos Gon\u00e7alves S\u00f3nia Patr\u00edcia Teixeira da Silva Alves O Projeto OLHAR+ para quem cuida \u00e9 um projeto de interven\u00e7\u00e3o comunit\u00e1ria para a capacita\u00e7\u00e3o de cuidadores formais e informais. [&hellip;]\" \/>\r\n<meta property=\"og:url\" content=\"https:\/\/events.ipv.pt\/uicisa\/en\/projeto-olhar-para-quem-cuida\/\" \/>\r\n<meta property=\"og:site_name\" content=\"UICISA\" \/>\r\n<meta property=\"article:published_time\" content=\"2022-06-22T15:38:19+00:00\" \/>\r\n<meta property=\"article:modified_time\" content=\"2025-07-02T10:13:32+00:00\" \/>\r\n<meta property=\"og:image\" content=\"https:\/\/events.ipv.pt\/uicisa\/wp-content\/uploads\/2022\/06\/olhar.png\" \/>\r\n\t<meta property=\"og:image:width\" content=\"702\" \/>\r\n\t<meta property=\"og:image:height\" content=\"300\" \/>\r\n\t<meta property=\"og:image:type\" content=\"image\/png\" \/>\r\n<meta name=\"author\" content=\"cristina\" \/>\r\n<meta name=\"twitter:card\" content=\"summary_large_image\" \/>\r\n<meta name=\"twitter:label1\" content=\"Written by\" \/>\n\t<meta name=\"twitter:data1\" content=\"cristina\" \/>\n\t<meta name=\"twitter:label2\" content=\"Estimated reading time\" \/>\n\t<meta name=\"twitter:data2\" content=\"4 minutes\" \/>\r\n<script type=\"application\/ld+json\" class=\"yoast-schema-graph\">{\"@context\":\"https:\\\/\\\/schema.org\",\"@graph\":[{\"@type\":\"Article\",\"@id\":\"https:\\\/\\\/events.ipv.pt\\\/uicisa\\\/projeto-olhar-para-quem-cuida\\\/#article\",\"isPartOf\":{\"@id\":\"https:\\\/\\\/events.ipv.pt\\\/uicisa\\\/projeto-olhar-para-quem-cuida\\\/\"},\"author\":{\"name\":\"cristina\",\"@id\":\"https:\\\/\\\/events.ipv.pt\\\/uicisa\\\/#\\\/schema\\\/person\\\/ccac39a7f38bea8c520def2e001280ee\"},\"headline\":\"Olhar + Para Quem Cuida\",\"datePublished\":\"2022-06-22T15:38:19+00:00\",\"dateModified\":\"2025-07-02T10:13:32+00:00\",\"mainEntityOfPage\":{\"@id\":\"https:\\\/\\\/events.ipv.pt\\\/uicisa\\\/projeto-olhar-para-quem-cuida\\\/\"},\"wordCount\":564,\"publisher\":{\"@id\":\"https:\\\/\\\/events.ipv.pt\\\/uicisa\\\/#organization\"},\"image\":{\"@id\":\"https:\\\/\\\/events.ipv.pt\\\/uicisa\\\/projeto-olhar-para-quem-cuida\\\/#primaryimage\"},\"thumbnailUrl\":\"https:\\\/\\\/events.ipv.pt\\\/uicisa\\\/wp-content\\\/uploads\\\/2022\\\/06\\\/olhar.png\",\"keywords\":[\"[aplic\u00e1vel sempre que haja cuidadores]\",\"Amadeu Gon\u00e7alves\",\"Odete Amaral\",\"Sofia Campos\",\"S\u00f3nia Alves\",\"Susana Batista\"],\"articleSection\":[\"projeto\"],\"inLanguage\":\"en-GB\"},{\"@type\":\"WebPage\",\"@id\":\"https:\\\/\\\/events.ipv.pt\\\/uicisa\\\/projeto-olhar-para-quem-cuida\\\/\",\"url\":\"https:\\\/\\\/events.ipv.pt\\\/uicisa\\\/projeto-olhar-para-quem-cuida\\\/\",\"name\":\"Olhar + Para Quem Cuida &#8902; UICISA\",\"isPartOf\":{\"@id\":\"https:\\\/\\\/events.ipv.pt\\\/uicisa\\\/#website\"},\"primaryImageOfPage\":{\"@id\":\"https:\\\/\\\/events.ipv.pt\\\/uicisa\\\/projeto-olhar-para-quem-cuida\\\/#primaryimage\"},\"image\":{\"@id\":\"https:\\\/\\\/events.ipv.pt\\\/uicisa\\\/projeto-olhar-para-quem-cuida\\\/#primaryimage\"},\"thumbnailUrl\":\"https:\\\/\\\/events.ipv.pt\\\/uicisa\\\/wp-content\\\/uploads\\\/2022\\\/06\\\/olhar.png\",\"datePublished\":\"2022-06-22T15:38:19+00:00\",\"dateModified\":\"2025-07-02T10:13:32+00:00\",\"breadcrumb\":{\"@id\":\"https:\\\/\\\/events.ipv.pt\\\/uicisa\\\/projeto-olhar-para-quem-cuida\\\/#breadcrumb\"},\"inLanguage\":\"en-GB\",\"potentialAction\":[{\"@type\":\"ReadAction\",\"target\":[\"https:\\\/\\\/events.ipv.pt\\\/uicisa\\\/projeto-olhar-para-quem-cuida\\\/\"]}]},{\"@type\":\"ImageObject\",\"inLanguage\":\"en-GB\",\"@id\":\"https:\\\/\\\/events.ipv.pt\\\/uicisa\\\/projeto-olhar-para-quem-cuida\\\/#primaryimage\",\"url\":\"https:\\\/\\\/events.ipv.pt\\\/uicisa\\\/wp-content\\\/uploads\\\/2022\\\/06\\\/olhar.png\",\"contentUrl\":\"https:\\\/\\\/events.ipv.pt\\\/uicisa\\\/wp-content\\\/uploads\\\/2022\\\/06\\\/olhar.png\",\"width\":702,\"height\":300},{\"@type\":\"BreadcrumbList\",\"@id\":\"https:\\\/\\\/events.ipv.pt\\\/uicisa\\\/projeto-olhar-para-quem-cuida\\\/#breadcrumb\",\"itemListElement\":[{\"@type\":\"ListItem\",\"position\":1,\"name\":\"In\u00edcio\",\"item\":\"https:\\\/\\\/events.ipv.pt\\\/uicisa\\\/\"},{\"@type\":\"ListItem\",\"position\":2,\"name\":\"Olhar + Para Quem Cuida\"}]},{\"@type\":\"WebSite\",\"@id\":\"https:\\\/\\\/events.ipv.pt\\\/uicisa\\\/#website\",\"url\":\"https:\\\/\\\/events.ipv.pt\\\/uicisa\\\/\",\"name\":\"UICISA\",\"description\":\"UICISA: E_ESEnfC\\\/ESSIPV\",\"publisher\":{\"@id\":\"https:\\\/\\\/events.ipv.pt\\\/uicisa\\\/#organization\"},\"potentialAction\":[{\"@type\":\"SearchAction\",\"target\":{\"@type\":\"EntryPoint\",\"urlTemplate\":\"https:\\\/\\\/events.ipv.pt\\\/uicisa\\\/?s={search_term_string}\"},\"query-input\":{\"@type\":\"PropertyValueSpecification\",\"valueRequired\":true,\"valueName\":\"search_term_string\"}}],\"inLanguage\":\"en-GB\"},{\"@type\":\"Organization\",\"@id\":\"https:\\\/\\\/events.ipv.pt\\\/uicisa\\\/#organization\",\"name\":\"UICISA\",\"url\":\"https:\\\/\\\/events.ipv.pt\\\/uicisa\\\/\",\"logo\":{\"@type\":\"ImageObject\",\"inLanguage\":\"en-GB\",\"@id\":\"https:\\\/\\\/events.ipv.pt\\\/uicisa\\\/#\\\/schema\\\/logo\\\/image\\\/\",\"url\":\"https:\\\/\\\/events.ipv.pt\\\/uicisa\\\/wp-content\\\/uploads\\\/2026\\\/04\\\/cropped-UICISA_lg.png\",\"contentUrl\":\"https:\\\/\\\/events.ipv.pt\\\/uicisa\\\/wp-content\\\/uploads\\\/2026\\\/04\\\/cropped-UICISA_lg.png\",\"width\":831,\"height\":300,\"caption\":\"UICISA\"},\"image\":{\"@id\":\"https:\\\/\\\/events.ipv.pt\\\/uicisa\\\/#\\\/schema\\\/logo\\\/image\\\/\"}},{\"@type\":\"Person\",\"@id\":\"https:\\\/\\\/events.ipv.pt\\\/uicisa\\\/#\\\/schema\\\/person\\\/ccac39a7f38bea8c520def2e001280ee\",\"name\":\"cristina\",\"image\":{\"@type\":\"ImageObject\",\"inLanguage\":\"en-GB\",\"@id\":\"https:\\\/\\\/secure.gravatar.com\\\/avatar\\\/2195ec5194a145ca5d2c2ad965aa08b0d72d7d4157da345cccfeaa221a984952?s=96&d=mm&r=g\",\"url\":\"https:\\\/\\\/secure.gravatar.com\\\/avatar\\\/2195ec5194a145ca5d2c2ad965aa08b0d72d7d4157da345cccfeaa221a984952?s=96&d=mm&r=g\",\"contentUrl\":\"https:\\\/\\\/secure.gravatar.com\\\/avatar\\\/2195ec5194a145ca5d2c2ad965aa08b0d72d7d4157da345cccfeaa221a984952?s=96&d=mm&r=g\",\"caption\":\"cristina\"},\"sameAs\":[\"http:\\\/\\\/localhost\\\/uicisa\"],\"url\":\"https:\\\/\\\/events.ipv.pt\\\/uicisa\\\/en\\\/author\\\/cristina\\\/\"}]}<\/script>\r\n<!-- \/ Yoast SEO plugin. -->","yoast_head_json":{"title":"Olhar + Para Quem Cuida &#8902; UICISA","robots":{"index":"index","follow":"follow","max-snippet":"max-snippet:-1","max-image-preview":"max-image-preview:large","max-video-preview":"max-video-preview:-1"},"canonical":"https:\/\/events.ipv.pt\/uicisa\/en\/projeto-olhar-para-quem-cuida\/","og_locale":"en_GB","og_type":"article","og_title":"Olhar + Para Quem Cuida &#8902; UICISA","og_description":"Investigador Respons\u00e1vel Maria Odete Pereira Amaral Dura\u00e7\u00e3o: Aplic\u00e1vel sempre que haja cuidadores Membros da equipa Sofia Margarida Guedes de Campos Pires Susana Marisa Loureiro Pais Batista Amadeu Matos Gon\u00e7alves S\u00f3nia Patr\u00edcia Teixeira da Silva Alves O Projeto OLHAR+ para quem cuida \u00e9 um projeto de interven\u00e7\u00e3o comunit\u00e1ria para a capacita\u00e7\u00e3o de cuidadores formais e informais. [&hellip;]","og_url":"https:\/\/events.ipv.pt\/uicisa\/en\/projeto-olhar-para-quem-cuida\/","og_site_name":"UICISA","article_published_time":"2022-06-22T15:38:19+00:00","article_modified_time":"2025-07-02T10:13:32+00:00","og_image":[{"width":702,"height":300,"url":"https:\/\/events.ipv.pt\/uicisa\/wp-content\/uploads\/2022\/06\/olhar.png","type":"image\/png"}],"author":"cristina","twitter_card":"summary_large_image","twitter_misc":{"Written by":"cristina","Estimated reading time":"4 minutes"},"schema":{"@context":"https:\/\/schema.org","@graph":[{"@type":"Article","@id":"https:\/\/events.ipv.pt\/uicisa\/projeto-olhar-para-quem-cuida\/#article","isPartOf":{"@id":"https:\/\/events.ipv.pt\/uicisa\/projeto-olhar-para-quem-cuida\/"},"author":{"name":"cristina","@id":"https:\/\/events.ipv.pt\/uicisa\/#\/schema\/person\/ccac39a7f38bea8c520def2e001280ee"},"headline":"Olhar + Para Quem Cuida","datePublished":"2022-06-22T15:38:19+00:00","dateModified":"2025-07-02T10:13:32+00:00","mainEntityOfPage":{"@id":"https:\/\/events.ipv.pt\/uicisa\/projeto-olhar-para-quem-cuida\/"},"wordCount":564,"publisher":{"@id":"https:\/\/events.ipv.pt\/uicisa\/#organization"},"image":{"@id":"https:\/\/events.ipv.pt\/uicisa\/projeto-olhar-para-quem-cuida\/#primaryimage"},"thumbnailUrl":"https:\/\/events.ipv.pt\/uicisa\/wp-content\/uploads\/2022\/06\/olhar.png","keywords":["[aplic\u00e1vel sempre que haja cuidadores]","Amadeu Gon\u00e7alves","Odete Amaral","Sofia Campos","S\u00f3nia Alves","Susana Batista"],"articleSection":["projeto"],"inLanguage":"en-GB"},{"@type":"WebPage","@id":"https:\/\/events.ipv.pt\/uicisa\/projeto-olhar-para-quem-cuida\/","url":"https:\/\/events.ipv.pt\/uicisa\/projeto-olhar-para-quem-cuida\/","name":"Olhar + Para Quem Cuida &#8902; UICISA","isPartOf":{"@id":"https:\/\/events.ipv.pt\/uicisa\/#website"},"primaryImageOfPage":{"@id":"https:\/\/events.ipv.pt\/uicisa\/projeto-olhar-para-quem-cuida\/#primaryimage"},"image":{"@id":"https:\/\/events.ipv.pt\/uicisa\/projeto-olhar-para-quem-cuida\/#primaryimage"},"thumbnailUrl":"https:\/\/events.ipv.pt\/uicisa\/wp-content\/uploads\/2022\/06\/olhar.png","datePublished":"2022-06-22T15:38:19+00:00","dateModified":"2025-07-02T10:13:32+00:00","breadcrumb":{"@id":"https:\/\/events.ipv.pt\/uicisa\/projeto-olhar-para-quem-cuida\/#breadcrumb"},"inLanguage":"en-GB","potentialAction":[{"@type":"ReadAction","target":["https:\/\/events.ipv.pt\/uicisa\/projeto-olhar-para-quem-cuida\/"]}]},{"@type":"ImageObject","inLanguage":"en-GB","@id":"https:\/\/events.ipv.pt\/uicisa\/projeto-olhar-para-quem-cuida\/#primaryimage","url":"https:\/\/events.ipv.pt\/uicisa\/wp-content\/uploads\/2022\/06\/olhar.png","contentUrl":"https:\/\/events.ipv.pt\/uicisa\/wp-content\/uploads\/2022\/06\/olhar.png","width":702,"height":300},{"@type":"BreadcrumbList","@id":"https:\/\/events.ipv.pt\/uicisa\/projeto-olhar-para-quem-cuida\/#breadcrumb","itemListElement":[{"@type":"ListItem","position":1,"name":"In\u00edcio","item":"https:\/\/events.ipv.pt\/uicisa\/"},{"@type":"ListItem","position":2,"name":"Olhar + Para Quem Cuida"}]},{"@type":"WebSite","@id":"https:\/\/events.ipv.pt\/uicisa\/#website","url":"https:\/\/events.ipv.pt\/uicisa\/","name":"UICISA","description":"UICISA: E_ESEnfC\/ESSIPV","publisher":{"@id":"https:\/\/events.ipv.pt\/uicisa\/#organization"},"potentialAction":[{"@type":"SearchAction","target":{"@type":"EntryPoint","urlTemplate":"https:\/\/events.ipv.pt\/uicisa\/?s={search_term_string}"},"query-input":{"@type":"PropertyValueSpecification","valueRequired":true,"valueName":"search_term_string"}}],"inLanguage":"en-GB"},{"@type":"Organization","@id":"https:\/\/events.ipv.pt\/uicisa\/#organization","name":"UICISA","url":"https:\/\/events.ipv.pt\/uicisa\/","logo":{"@type":"ImageObject","inLanguage":"en-GB","@id":"https:\/\/events.ipv.pt\/uicisa\/#\/schema\/logo\/image\/","url":"https:\/\/events.ipv.pt\/uicisa\/wp-content\/uploads\/2026\/04\/cropped-UICISA_lg.png","contentUrl":"https:\/\/events.ipv.pt\/uicisa\/wp-content\/uploads\/2026\/04\/cropped-UICISA_lg.png","width":831,"height":300,"caption":"UICISA"},"image":{"@id":"https:\/\/events.ipv.pt\/uicisa\/#\/schema\/logo\/image\/"}},{"@type":"Person","@id":"https:\/\/events.ipv.pt\/uicisa\/#\/schema\/person\/ccac39a7f38bea8c520def2e001280ee","name":"cristina","image":{"@type":"ImageObject","inLanguage":"en-GB","@id":"https:\/\/secure.gravatar.com\/avatar\/2195ec5194a145ca5d2c2ad965aa08b0d72d7d4157da345cccfeaa221a984952?s=96&d=mm&r=g","url":"https:\/\/secure.gravatar.com\/avatar\/2195ec5194a145ca5d2c2ad965aa08b0d72d7d4157da345cccfeaa221a984952?s=96&d=mm&r=g","contentUrl":"https:\/\/secure.gravatar.com\/avatar\/2195ec5194a145ca5d2c2ad965aa08b0d72d7d4157da345cccfeaa221a984952?s=96&d=mm&r=g","caption":"cristina"},"sameAs":["http:\/\/localhost\/uicisa"],"url":"https:\/\/events.ipv.pt\/uicisa\/en\/author\/cristina\/"}]}},"_links":{"self":[{"href":"https:\/\/events.ipv.pt\/uicisa\/en\/wp-json\/wp\/v2\/posts\/467","targetHints":{"allow":["GET"]}}],"collection":[{"href":"https:\/\/events.ipv.pt\/uicisa\/en\/wp-json\/wp\/v2\/posts"}],"about":[{"href":"https:\/\/events.ipv.pt\/uicisa\/en\/wp-json\/wp\/v2\/types\/post"}],"author":[{"embeddable":true,"href":"https:\/\/events.ipv.pt\/uicisa\/en\/wp-json\/wp\/v2\/users\/1"}],"replies":[{"embeddable":true,"href":"https:\/\/events.ipv.pt\/uicisa\/en\/wp-json\/wp\/v2\/comments?post=467"}],"version-history":[{"count":6,"href":"https:\/\/events.ipv.pt\/uicisa\/en\/wp-json\/wp\/v2\/posts\/467\/revisions"}],"predecessor-version":[{"id":1676,"href":"https:\/\/events.ipv.pt\/uicisa\/en\/wp-json\/wp\/v2\/posts\/467\/revisions\/1676"}],"wp:featuredmedia":[{"embeddable":true,"href":"https:\/\/events.ipv.pt\/uicisa\/en\/wp-json\/wp\/v2\/media\/1652"}],"wp:attachment":[{"href":"https:\/\/events.ipv.pt\/uicisa\/en\/wp-json\/wp\/v2\/media?parent=467"}],"wp:term":[{"taxonomy":"category","embeddable":true,"href":"https:\/\/events.ipv.pt\/uicisa\/en\/wp-json\/wp\/v2\/categories?post=467"},{"taxonomy":"post_tag","embeddable":true,"href":"https:\/\/events.ipv.pt\/uicisa\/en\/wp-json\/wp\/v2\/tags?post=467"}],"curies":[{"name":"wp","href":"https:\/\/api.w.org\/{rel}","templated":true}]}}