{"id":257,"date":"2020-03-21T15:17:28","date_gmt":"2020-03-21T15:17:28","guid":{"rendered":"http:\/\/localhost\/uicisa\/?p=257"},"modified":"2025-07-02T10:20:07","modified_gmt":"2025-07-02T10:20:07","slug":"proj-ipv-idi-030jasm-janela-aberta-sobre-o-mundo-linguas-estrangeiras-criatividade-multimodal-e-inovacao-pedagogica-no-ensino-superior","status":"publish","type":"post","link":"https:\/\/events.ipv.pt\/uicisa\/en\/proj-ipv-idi-030jasm-janela-aberta-sobre-o-mundo-linguas-estrangeiras-criatividade-multimodal-e-inovacao-pedagogica-no-ensino-superior\/","title":{"rendered":"[PROJ\/IPV\/ID&#038;I\/030] JASM \u2013 Janela aberta sobre o mundo: L\u00ednguas estrangeiras, criatividade multimodal e inova\u00e7\u00e3o pedag\u00f3gica no ensino superior"},"content":{"rendered":"<p><strong>Investigador Respons\u00e1vel<\/strong><br \/>\nV\u00e9ronique Delplancq<\/p>\n<p><strong>Duration:<\/strong> 2020 \u2013 2022<\/p>\n<p><strong>UICISA: E Team Members<\/strong><br \/>\nEm\u00edlia Coutinho<\/p>\n<p><strong>Entidades financiadoras<\/strong><br \/>\nCGD; PV<\/p>\n<div class=\"traco\"><\/div>\n<p>Pedagogical innovation is at the centre of Higher Education (HE) priorities, with a concern to renew its practices in order to motivate students and provide experiences adapted to the professional reality. The improvement in foreign languages (FL), especially with students who do not proceed with language training, does not discard this questioning, even because the competences in FL in the work environment are unanimously recognized as vital, being therefore, by right their inclusion in the training plans. The Project-based learning approach in an interdisciplinary and collaborative work perspective, using multimodality in communication, is a consistent asset working the various dimensions of language in French and English, in their connections with cognitive representations. JASM project aims to develop an experience of active pedagogy at the School of Education of Viseu with students of the 1st cycle in Media Studies enrolled in the various FL curricular units in order to promote the acquisition of multilingual skills and the development of a plurilingual conscience thanks to the mobilization of the various dimensions of language (aesthetic and emotional, in addition to cognitive), in a creative, collaborative and interdisciplinary work environment. In this project, the topic of interdisciplinarity is highlighted, combining FL with digital art.\nKeywords: pedagogical innovation, higher education, project-based learning approach, foreign languages and linguistic and cultural diversity, multilingual and multimodal artistic creativity, collaborative and cooperative work, aesthetics and emotion.<br \/>\nDestaca-se neste projeto a quest\u00e3o da interdisciplinaridade, aliando as LE \u00e0 arte digital.<br \/>\n<strong>Palavras chave:<\/strong> inova\u00e7\u00e3o pedag\u00f3gica, ensino superior, pedagogia de projeto, l\u00ednguas estrangeiras e diversidade lingu\u00edstica e cultural, criatividade art\u00edstica multilingue e multimodal, trabalho colaborativo e cooperativo, est\u00e9tica e emo\u00e7\u00e3o.<\/p>","protected":false},"excerpt":{"rendered":"<p>Investigador Respons\u00e1vel V\u00e9ronique Delplancq Dura\u00e7\u00e3o: 2020 \u2013 2022 Membros da equipa do UICISA: E Em\u00edlia Coutinho Entidades financiadoras CGD; PV A inova\u00e7\u00e3o pedag\u00f3gica est\u00e1 no centro das prioridades do ensino superior (ES), com a preocupa\u00e7\u00e3o em renovar as suas pr\u00e1ticas no intuito de motivar os estudantes e de proporcionar experi\u00eancias adaptadas \u00e0 realidade profissional. O [&hellip;]<\/p>\n","protected":false},"author":1,"featured_media":0,"comment_status":"closed","ping_status":"closed","sticky":false,"template":"","format":"standard","meta":{"site-sidebar-layout":"default","site-content-layout":"default","ast-site-content-layout":"normal-width-container","site-content-style":"boxed","site-sidebar-style":"default","ast-global-header-display":"","ast-banner-title-visibility":"","ast-main-header-display":"","ast-hfb-above-header-display":"","ast-hfb-below-header-display":"","ast-hfb-mobile-header-display":"","site-post-title":"","ast-breadcrumbs-content":"","ast-featured-img":"","footer-sml-layout":"","ast-disable-related-posts":"","theme-transparent-header-meta":"default","adv-header-id-meta":"","stick-header-meta":"","header-above-stick-meta":"","header-main-stick-meta":"","header-below-stick-meta":"","astra-migrate-meta-layouts":"set","ast-page-background-enabled":"default","ast-page-background-meta":{"desktop":{"background-color":"var(--ast-global-color-4)","background-image":"","background-repeat":"repeat","background-position":"center center","background-size":"auto","background-attachment":"scroll","background-type":"","background-media":"","overlay-type":"","overlay-color":"","overlay-opacity":"","overlay-gradient":""},"tablet":{"background-color":"","background-image":"","background-repeat":"repeat","background-position":"center center","background-size":"auto","background-attachment":"scroll","background-type":"","background-media":"","overlay-type":"","overlay-color":"","overlay-opacity":"","overlay-gradient":""},"mobile":{"background-color":"","background-image":"","background-repeat":"repeat","background-position":"center center","background-size":"auto","background-attachment":"scroll","background-type":"","background-media":"","overlay-type":"","overlay-color":"","overlay-opacity":"","overlay-gradient":""}},"ast-content-background-meta":{"desktop":{"background-color":"var(--ast-global-color-5)","background-image":"","background-repeat":"repeat","background-position":"center center","background-size":"auto","background-attachment":"scroll","background-type":"","background-media":"","overlay-type":"","overlay-color":"","overlay-opacity":"","overlay-gradient":""},"tablet":{"background-color":"var(--ast-global-color-5)","background-image":"","background-repeat":"repeat","background-position":"center center","background-size":"auto","background-attachment":"scroll","background-type":"","background-media":"","overlay-type":"","overlay-color":"","overlay-opacity":"","overlay-gradient":""},"mobile":{"background-color":"var(--ast-global-color-5)","background-image":"","background-repeat":"repeat","background-position":"center center","background-size":"auto","background-attachment":"scroll","background-type":"","background-media":"","overlay-type":"","overlay-color":"","overlay-opacity":"","overlay-gradient":""}},"footnotes":"","_links_to":"","_links_to_target":""},"categories":[52],"tags":[109,71],"class_list":["post-257","post","type-post","status-publish","format-standard","hentry","category-projeto","tag-2020-2022","tag-emilia-coutinho"],"yoast_head":"<!-- This site is optimized with the Yoast SEO plugin v27.4 - https:\/\/yoast.com\/product\/yoast-seo-wordpress\/ -->\r\n<title>[PROJ\/IPV\/ID&amp;I\/030] JASM \u2013 Janela aberta sobre o mundo: L\u00ednguas estrangeiras, criatividade multimodal e inova\u00e7\u00e3o pedag\u00f3gica no ensino superior &#8902; UICISA<\/title>\r\n<meta name=\"robots\" content=\"index, follow, max-snippet:-1, max-image-preview:large, max-video-preview:-1\" \/>\r\n<link rel=\"canonical\" href=\"https:\/\/events.ipv.pt\/uicisa\/en\/proj-ipv-idi-030jasm-janela-aberta-sobre-o-mundo-linguas-estrangeiras-criatividade-multimodal-e-inovacao-pedagogica-no-ensino-superior\/\" \/>\r\n<meta property=\"og:locale\" content=\"en_GB\" \/>\r\n<meta property=\"og:type\" content=\"article\" \/>\r\n<meta property=\"og:title\" content=\"[PROJ\/IPV\/ID&amp;I\/030] JASM \u2013 Janela aberta sobre o mundo: L\u00ednguas estrangeiras, criatividade multimodal e inova\u00e7\u00e3o pedag\u00f3gica no ensino superior &#8902; UICISA\" \/>\r\n<meta property=\"og:description\" content=\"Investigador Respons\u00e1vel V\u00e9ronique Delplancq Dura\u00e7\u00e3o: 2020 \u2013 2022 Membros da equipa do UICISA: E Em\u00edlia Coutinho Entidades financiadoras CGD; PV A inova\u00e7\u00e3o pedag\u00f3gica est\u00e1 no centro das prioridades do ensino superior (ES), com a preocupa\u00e7\u00e3o em renovar as suas pr\u00e1ticas no intuito de motivar os estudantes e de proporcionar experi\u00eancias adaptadas \u00e0 realidade profissional. O [&hellip;]\" \/>\r\n<meta property=\"og:url\" content=\"https:\/\/events.ipv.pt\/uicisa\/en\/proj-ipv-idi-030jasm-janela-aberta-sobre-o-mundo-linguas-estrangeiras-criatividade-multimodal-e-inovacao-pedagogica-no-ensino-superior\/\" \/>\r\n<meta property=\"og:site_name\" content=\"UICISA\" \/>\r\n<meta property=\"article:published_time\" content=\"2020-03-21T15:17:28+00:00\" \/>\r\n<meta property=\"article:modified_time\" content=\"2025-07-02T10:20:07+00:00\" \/>\r\n<meta name=\"author\" content=\"cristina\" \/>\r\n<meta name=\"twitter:card\" content=\"summary_large_image\" \/>\r\n<meta name=\"twitter:label1\" content=\"Written by\" \/>\n\t<meta name=\"twitter:data1\" content=\"cristina\" \/>\n\t<meta name=\"twitter:label2\" content=\"Estimated reading time\" \/>\n\t<meta name=\"twitter:data2\" content=\"2 minutes\" \/>\r\n<script type=\"application\/ld+json\" class=\"yoast-schema-graph\">{\"@context\":\"https:\\\/\\\/schema.org\",\"@graph\":[{\"@type\":\"Article\",\"@id\":\"https:\\\/\\\/events.ipv.pt\\\/uicisa\\\/proj-ipv-idi-030jasm-janela-aberta-sobre-o-mundo-linguas-estrangeiras-criatividade-multimodal-e-inovacao-pedagogica-no-ensino-superior\\\/#article\",\"isPartOf\":{\"@id\":\"https:\\\/\\\/events.ipv.pt\\\/uicisa\\\/proj-ipv-idi-030jasm-janela-aberta-sobre-o-mundo-linguas-estrangeiras-criatividade-multimodal-e-inovacao-pedagogica-no-ensino-superior\\\/\"},\"author\":{\"name\":\"cristina\",\"@id\":\"https:\\\/\\\/events.ipv.pt\\\/uicisa\\\/#\\\/schema\\\/person\\\/ccac39a7f38bea8c520def2e001280ee\"},\"headline\":\"[PROJ\\\/IPV\\\/ID&#038;I\\\/030] JASM \u2013 Janela aberta sobre o mundo: L\u00ednguas estrangeiras, criatividade multimodal e inova\u00e7\u00e3o pedag\u00f3gica no ensino superior\",\"datePublished\":\"2020-03-21T15:17:28+00:00\",\"dateModified\":\"2025-07-02T10:20:07+00:00\",\"mainEntityOfPage\":{\"@id\":\"https:\\\/\\\/events.ipv.pt\\\/uicisa\\\/proj-ipv-idi-030jasm-janela-aberta-sobre-o-mundo-linguas-estrangeiras-criatividade-multimodal-e-inovacao-pedagogica-no-ensino-superior\\\/\"},\"wordCount\":319,\"publisher\":{\"@id\":\"https:\\\/\\\/events.ipv.pt\\\/uicisa\\\/#organization\"},\"keywords\":[\"[2020 \u2013 2022]\",\"Em\u00edlia Coutinho\"],\"articleSection\":[\"projeto\"],\"inLanguage\":\"en-GB\"},{\"@type\":\"WebPage\",\"@id\":\"https:\\\/\\\/events.ipv.pt\\\/uicisa\\\/proj-ipv-idi-030jasm-janela-aberta-sobre-o-mundo-linguas-estrangeiras-criatividade-multimodal-e-inovacao-pedagogica-no-ensino-superior\\\/\",\"url\":\"https:\\\/\\\/events.ipv.pt\\\/uicisa\\\/proj-ipv-idi-030jasm-janela-aberta-sobre-o-mundo-linguas-estrangeiras-criatividade-multimodal-e-inovacao-pedagogica-no-ensino-superior\\\/\",\"name\":\"[PROJ\\\/IPV\\\/ID&I\\\/030] JASM \u2013 Janela aberta sobre o mundo: L\u00ednguas estrangeiras, criatividade multimodal e inova\u00e7\u00e3o pedag\u00f3gica no ensino superior &#8902; UICISA\",\"isPartOf\":{\"@id\":\"https:\\\/\\\/events.ipv.pt\\\/uicisa\\\/#website\"},\"datePublished\":\"2020-03-21T15:17:28+00:00\",\"dateModified\":\"2025-07-02T10:20:07+00:00\",\"breadcrumb\":{\"@id\":\"https:\\\/\\\/events.ipv.pt\\\/uicisa\\\/proj-ipv-idi-030jasm-janela-aberta-sobre-o-mundo-linguas-estrangeiras-criatividade-multimodal-e-inovacao-pedagogica-no-ensino-superior\\\/#breadcrumb\"},\"inLanguage\":\"en-GB\",\"potentialAction\":[{\"@type\":\"ReadAction\",\"target\":[\"https:\\\/\\\/events.ipv.pt\\\/uicisa\\\/proj-ipv-idi-030jasm-janela-aberta-sobre-o-mundo-linguas-estrangeiras-criatividade-multimodal-e-inovacao-pedagogica-no-ensino-superior\\\/\"]}]},{\"@type\":\"BreadcrumbList\",\"@id\":\"https:\\\/\\\/events.ipv.pt\\\/uicisa\\\/proj-ipv-idi-030jasm-janela-aberta-sobre-o-mundo-linguas-estrangeiras-criatividade-multimodal-e-inovacao-pedagogica-no-ensino-superior\\\/#breadcrumb\",\"itemListElement\":[{\"@type\":\"ListItem\",\"position\":1,\"name\":\"In\u00edcio\",\"item\":\"https:\\\/\\\/events.ipv.pt\\\/uicisa\\\/\"},{\"@type\":\"ListItem\",\"position\":2,\"name\":\"[PROJ\\\/IPV\\\/ID&#038;I\\\/030] JASM \u2013 Janela aberta sobre o mundo: L\u00ednguas estrangeiras, criatividade multimodal e inova\u00e7\u00e3o pedag\u00f3gica no ensino superior\"}]},{\"@type\":\"WebSite\",\"@id\":\"https:\\\/\\\/events.ipv.pt\\\/uicisa\\\/#website\",\"url\":\"https:\\\/\\\/events.ipv.pt\\\/uicisa\\\/\",\"name\":\"UICISA\",\"description\":\"UICISA: E_ESEnfC\\\/ESSIPV\",\"publisher\":{\"@id\":\"https:\\\/\\\/events.ipv.pt\\\/uicisa\\\/#organization\"},\"potentialAction\":[{\"@type\":\"SearchAction\",\"target\":{\"@type\":\"EntryPoint\",\"urlTemplate\":\"https:\\\/\\\/events.ipv.pt\\\/uicisa\\\/?s={search_term_string}\"},\"query-input\":{\"@type\":\"PropertyValueSpecification\",\"valueRequired\":true,\"valueName\":\"search_term_string\"}}],\"inLanguage\":\"en-GB\"},{\"@type\":\"Organization\",\"@id\":\"https:\\\/\\\/events.ipv.pt\\\/uicisa\\\/#organization\",\"name\":\"UICISA\",\"url\":\"https:\\\/\\\/events.ipv.pt\\\/uicisa\\\/\",\"logo\":{\"@type\":\"ImageObject\",\"inLanguage\":\"en-GB\",\"@id\":\"https:\\\/\\\/events.ipv.pt\\\/uicisa\\\/#\\\/schema\\\/logo\\\/image\\\/\",\"url\":\"https:\\\/\\\/events.ipv.pt\\\/uicisa\\\/wp-content\\\/uploads\\\/2026\\\/04\\\/cropped-UICISA_lg.png\",\"contentUrl\":\"https:\\\/\\\/events.ipv.pt\\\/uicisa\\\/wp-content\\\/uploads\\\/2026\\\/04\\\/cropped-UICISA_lg.png\",\"width\":831,\"height\":300,\"caption\":\"UICISA\"},\"image\":{\"@id\":\"https:\\\/\\\/events.ipv.pt\\\/uicisa\\\/#\\\/schema\\\/logo\\\/image\\\/\"}},{\"@type\":\"Person\",\"@id\":\"https:\\\/\\\/events.ipv.pt\\\/uicisa\\\/#\\\/schema\\\/person\\\/ccac39a7f38bea8c520def2e001280ee\",\"name\":\"cristina\",\"image\":{\"@type\":\"ImageObject\",\"inLanguage\":\"en-GB\",\"@id\":\"https:\\\/\\\/secure.gravatar.com\\\/avatar\\\/2195ec5194a145ca5d2c2ad965aa08b0d72d7d4157da345cccfeaa221a984952?s=96&d=mm&r=g\",\"url\":\"https:\\\/\\\/secure.gravatar.com\\\/avatar\\\/2195ec5194a145ca5d2c2ad965aa08b0d72d7d4157da345cccfeaa221a984952?s=96&d=mm&r=g\",\"contentUrl\":\"https:\\\/\\\/secure.gravatar.com\\\/avatar\\\/2195ec5194a145ca5d2c2ad965aa08b0d72d7d4157da345cccfeaa221a984952?s=96&d=mm&r=g\",\"caption\":\"cristina\"},\"sameAs\":[\"http:\\\/\\\/localhost\\\/uicisa\"],\"url\":\"https:\\\/\\\/events.ipv.pt\\\/uicisa\\\/en\\\/author\\\/cristina\\\/\"}]}<\/script>\r\n<!-- \/ Yoast SEO plugin. -->","yoast_head_json":{"title":"[PROJ\/IPV\/ID&I\/030] JASM \u2013 Janela aberta sobre o mundo: L\u00ednguas estrangeiras, criatividade multimodal e inova\u00e7\u00e3o pedag\u00f3gica no ensino superior &#8902; UICISA","robots":{"index":"index","follow":"follow","max-snippet":"max-snippet:-1","max-image-preview":"max-image-preview:large","max-video-preview":"max-video-preview:-1"},"canonical":"https:\/\/events.ipv.pt\/uicisa\/en\/proj-ipv-idi-030jasm-janela-aberta-sobre-o-mundo-linguas-estrangeiras-criatividade-multimodal-e-inovacao-pedagogica-no-ensino-superior\/","og_locale":"en_GB","og_type":"article","og_title":"[PROJ\/IPV\/ID&I\/030] JASM \u2013 Janela aberta sobre o mundo: L\u00ednguas estrangeiras, criatividade multimodal e inova\u00e7\u00e3o pedag\u00f3gica no ensino superior &#8902; UICISA","og_description":"Investigador Respons\u00e1vel V\u00e9ronique Delplancq Dura\u00e7\u00e3o: 2020 \u2013 2022 Membros da equipa do UICISA: E Em\u00edlia Coutinho Entidades financiadoras CGD; PV A inova\u00e7\u00e3o pedag\u00f3gica est\u00e1 no centro das prioridades do ensino superior (ES), com a preocupa\u00e7\u00e3o em renovar as suas pr\u00e1ticas no intuito de motivar os estudantes e de proporcionar experi\u00eancias adaptadas \u00e0 realidade profissional. O [&hellip;]","og_url":"https:\/\/events.ipv.pt\/uicisa\/en\/proj-ipv-idi-030jasm-janela-aberta-sobre-o-mundo-linguas-estrangeiras-criatividade-multimodal-e-inovacao-pedagogica-no-ensino-superior\/","og_site_name":"UICISA","article_published_time":"2020-03-21T15:17:28+00:00","article_modified_time":"2025-07-02T10:20:07+00:00","author":"cristina","twitter_card":"summary_large_image","twitter_misc":{"Written by":"cristina","Estimated reading time":"2 minutes"},"schema":{"@context":"https:\/\/schema.org","@graph":[{"@type":"Article","@id":"https:\/\/events.ipv.pt\/uicisa\/proj-ipv-idi-030jasm-janela-aberta-sobre-o-mundo-linguas-estrangeiras-criatividade-multimodal-e-inovacao-pedagogica-no-ensino-superior\/#article","isPartOf":{"@id":"https:\/\/events.ipv.pt\/uicisa\/proj-ipv-idi-030jasm-janela-aberta-sobre-o-mundo-linguas-estrangeiras-criatividade-multimodal-e-inovacao-pedagogica-no-ensino-superior\/"},"author":{"name":"cristina","@id":"https:\/\/events.ipv.pt\/uicisa\/#\/schema\/person\/ccac39a7f38bea8c520def2e001280ee"},"headline":"[PROJ\/IPV\/ID&#038;I\/030] JASM \u2013 Janela aberta sobre o mundo: L\u00ednguas estrangeiras, criatividade multimodal e inova\u00e7\u00e3o pedag\u00f3gica no ensino superior","datePublished":"2020-03-21T15:17:28+00:00","dateModified":"2025-07-02T10:20:07+00:00","mainEntityOfPage":{"@id":"https:\/\/events.ipv.pt\/uicisa\/proj-ipv-idi-030jasm-janela-aberta-sobre-o-mundo-linguas-estrangeiras-criatividade-multimodal-e-inovacao-pedagogica-no-ensino-superior\/"},"wordCount":319,"publisher":{"@id":"https:\/\/events.ipv.pt\/uicisa\/#organization"},"keywords":["[2020 \u2013 2022]","Em\u00edlia Coutinho"],"articleSection":["projeto"],"inLanguage":"en-GB"},{"@type":"WebPage","@id":"https:\/\/events.ipv.pt\/uicisa\/proj-ipv-idi-030jasm-janela-aberta-sobre-o-mundo-linguas-estrangeiras-criatividade-multimodal-e-inovacao-pedagogica-no-ensino-superior\/","url":"https:\/\/events.ipv.pt\/uicisa\/proj-ipv-idi-030jasm-janela-aberta-sobre-o-mundo-linguas-estrangeiras-criatividade-multimodal-e-inovacao-pedagogica-no-ensino-superior\/","name":"[PROJ\/IPV\/ID&I\/030] JASM \u2013 Janela aberta sobre o mundo: L\u00ednguas estrangeiras, criatividade multimodal e inova\u00e7\u00e3o pedag\u00f3gica no ensino superior &#8902; UICISA","isPartOf":{"@id":"https:\/\/events.ipv.pt\/uicisa\/#website"},"datePublished":"2020-03-21T15:17:28+00:00","dateModified":"2025-07-02T10:20:07+00:00","breadcrumb":{"@id":"https:\/\/events.ipv.pt\/uicisa\/proj-ipv-idi-030jasm-janela-aberta-sobre-o-mundo-linguas-estrangeiras-criatividade-multimodal-e-inovacao-pedagogica-no-ensino-superior\/#breadcrumb"},"inLanguage":"en-GB","potentialAction":[{"@type":"ReadAction","target":["https:\/\/events.ipv.pt\/uicisa\/proj-ipv-idi-030jasm-janela-aberta-sobre-o-mundo-linguas-estrangeiras-criatividade-multimodal-e-inovacao-pedagogica-no-ensino-superior\/"]}]},{"@type":"BreadcrumbList","@id":"https:\/\/events.ipv.pt\/uicisa\/proj-ipv-idi-030jasm-janela-aberta-sobre-o-mundo-linguas-estrangeiras-criatividade-multimodal-e-inovacao-pedagogica-no-ensino-superior\/#breadcrumb","itemListElement":[{"@type":"ListItem","position":1,"name":"In\u00edcio","item":"https:\/\/events.ipv.pt\/uicisa\/"},{"@type":"ListItem","position":2,"name":"[PROJ\/IPV\/ID&#038;I\/030] JASM \u2013 Janela aberta sobre o mundo: L\u00ednguas estrangeiras, criatividade multimodal e inova\u00e7\u00e3o pedag\u00f3gica no ensino superior"}]},{"@type":"WebSite","@id":"https:\/\/events.ipv.pt\/uicisa\/#website","url":"https:\/\/events.ipv.pt\/uicisa\/","name":"UICISA","description":"UICISA: E_ESEnfC\/ESSIPV","publisher":{"@id":"https:\/\/events.ipv.pt\/uicisa\/#organization"},"potentialAction":[{"@type":"SearchAction","target":{"@type":"EntryPoint","urlTemplate":"https:\/\/events.ipv.pt\/uicisa\/?s={search_term_string}"},"query-input":{"@type":"PropertyValueSpecification","valueRequired":true,"valueName":"search_term_string"}}],"inLanguage":"en-GB"},{"@type":"Organization","@id":"https:\/\/events.ipv.pt\/uicisa\/#organization","name":"UICISA","url":"https:\/\/events.ipv.pt\/uicisa\/","logo":{"@type":"ImageObject","inLanguage":"en-GB","@id":"https:\/\/events.ipv.pt\/uicisa\/#\/schema\/logo\/image\/","url":"https:\/\/events.ipv.pt\/uicisa\/wp-content\/uploads\/2026\/04\/cropped-UICISA_lg.png","contentUrl":"https:\/\/events.ipv.pt\/uicisa\/wp-content\/uploads\/2026\/04\/cropped-UICISA_lg.png","width":831,"height":300,"caption":"UICISA"},"image":{"@id":"https:\/\/events.ipv.pt\/uicisa\/#\/schema\/logo\/image\/"}},{"@type":"Person","@id":"https:\/\/events.ipv.pt\/uicisa\/#\/schema\/person\/ccac39a7f38bea8c520def2e001280ee","name":"cristina","image":{"@type":"ImageObject","inLanguage":"en-GB","@id":"https:\/\/secure.gravatar.com\/avatar\/2195ec5194a145ca5d2c2ad965aa08b0d72d7d4157da345cccfeaa221a984952?s=96&d=mm&r=g","url":"https:\/\/secure.gravatar.com\/avatar\/2195ec5194a145ca5d2c2ad965aa08b0d72d7d4157da345cccfeaa221a984952?s=96&d=mm&r=g","contentUrl":"https:\/\/secure.gravatar.com\/avatar\/2195ec5194a145ca5d2c2ad965aa08b0d72d7d4157da345cccfeaa221a984952?s=96&d=mm&r=g","caption":"cristina"},"sameAs":["http:\/\/localhost\/uicisa"],"url":"https:\/\/events.ipv.pt\/uicisa\/en\/author\/cristina\/"}]}},"_links":{"self":[{"href":"https:\/\/events.ipv.pt\/uicisa\/en\/wp-json\/wp\/v2\/posts\/257","targetHints":{"allow":["GET"]}}],"collection":[{"href":"https:\/\/events.ipv.pt\/uicisa\/en\/wp-json\/wp\/v2\/posts"}],"about":[{"href":"https:\/\/events.ipv.pt\/uicisa\/en\/wp-json\/wp\/v2\/types\/post"}],"author":[{"embeddable":true,"href":"https:\/\/events.ipv.pt\/uicisa\/en\/wp-json\/wp\/v2\/users\/1"}],"replies":[{"embeddable":true,"href":"https:\/\/events.ipv.pt\/uicisa\/en\/wp-json\/wp\/v2\/comments?post=257"}],"version-history":[{"count":5,"href":"https:\/\/events.ipv.pt\/uicisa\/en\/wp-json\/wp\/v2\/posts\/257\/revisions"}],"predecessor-version":[{"id":1680,"href":"https:\/\/events.ipv.pt\/uicisa\/en\/wp-json\/wp\/v2\/posts\/257\/revisions\/1680"}],"wp:attachment":[{"href":"https:\/\/events.ipv.pt\/uicisa\/en\/wp-json\/wp\/v2\/media?parent=257"}],"wp:term":[{"taxonomy":"category","embeddable":true,"href":"https:\/\/events.ipv.pt\/uicisa\/en\/wp-json\/wp\/v2\/categories?post=257"},{"taxonomy":"post_tag","embeddable":true,"href":"https:\/\/events.ipv.pt\/uicisa\/en\/wp-json\/wp\/v2\/tags?post=257"}],"curies":[{"name":"wp","href":"https:\/\/api.w.org\/{rel}","templated":true}]}}