{"id":247,"date":"2020-03-21T14:13:20","date_gmt":"2020-03-21T14:13:20","guid":{"rendered":"http:\/\/localhost\/uicisa\/?p=247"},"modified":"2025-07-02T10:25:15","modified_gmt":"2025-07-02T10:25:15","slug":"poci-01-0247-feder-047087ablefit-desenvolvimento-de-um-sistema-avancado-para-reabilitacao","status":"publish","type":"post","link":"https:\/\/events.ipv.pt\/uicisa\/en\/poci-01-0247-feder-047087ablefit-desenvolvimento-de-um-sistema-avancado-para-reabilitacao\/","title":{"rendered":"[POCI-01-0247-FEDER-047087] ABLEFIT: Desenvolvimento de um Sistema Avan\u00e7ado para Reabilita\u00e7\u00e3o"},"content":{"rendered":"<p><strong>Duration:<\/strong> 2020 \u2013 2022<\/p>\n<p><strong>UICISA: E Team Members<\/strong><br \/>\nCarlos Albuquerque<\/p>\n<p><strong>Entidades financiadoras<\/strong><br \/>\nCOMPETE2020; PORTUGAL2020; Fundo Europeu de Desenvolvimento Regional<\/p>\n<div class=\"traco\"><\/div>\n<p>The Ablefit project, co-financed by the European Regional Development Fund, through the POCI, proposes carrying out research and development (R&amp;D) activities, with a view to creating an advanced physical rehabilitation system aimed at bedridden patients with prolonged immobility and capable of to prevent complications associated with immobility in bed. Increasing the functional capacity of the musculoskeletal, cardiac and respiratory systems, as well as promoting the integration of physical exercise programs suited to the clinical condition of each patient, and also improving the patient's quality of life, are other objectives of this project under development. at the Health Sciences Research Unit: Nursing (UICISA: E).<br \/>\nPara o sucesso do Ablefit foi constitu\u00eddo um cons\u00f3rcio multidisciplinar, composto pela empresa ORTHOS XXI (promotor l\u00edder), com know-how e experi\u00eancia no desenvolvimento de dispositivos m\u00e9dicos e de reabilita\u00e7\u00e3o, e pelas entidades WISEWARE, IPC-ISEC e ESEnfC\/UICISA: E (com forte foco no sector healthcare).<\/p>","protected":false},"excerpt":{"rendered":"<p>Dura\u00e7\u00e3o: 2020 \u2013 2022 Membros da equipa do UICISA: E Carlos Albuquerque Entidades financiadoras COMPETE2020; PORTUGAL2020; Fundo Europeu de Desenvolvimento Regional O projeto Ablefit, cofinanciado pelo Fundo Europeu de Desenvolvimento Regional, atrav\u00e9s do POCI, prop\u00f5e a realiza\u00e7\u00e3o de atividades de investiga\u00e7\u00e3o e desenvolvimento (I&#038;D), com vista \u00e0 cria\u00e7\u00e3o de um sistema avan\u00e7ado de reabilita\u00e7\u00e3o f\u00edsica [&hellip;]<\/p>\n","protected":false},"author":1,"featured_media":0,"comment_status":"closed","ping_status":"closed","sticky":false,"template":"","format":"standard","meta":{"site-sidebar-layout":"default","site-content-layout":"default","ast-site-content-layout":"normal-width-container","site-content-style":"boxed","site-sidebar-style":"default","ast-global-header-display":"","ast-banner-title-visibility":"","ast-main-header-display":"","ast-hfb-above-header-display":"","ast-hfb-below-header-display":"","ast-hfb-mobile-header-display":"","site-post-title":"","ast-breadcrumbs-content":"","ast-featured-img":"","footer-sml-layout":"","ast-disable-related-posts":"","theme-transparent-header-meta":"default","adv-header-id-meta":"","stick-header-meta":"","header-above-stick-meta":"","header-main-stick-meta":"","header-below-stick-meta":"","astra-migrate-meta-layouts":"set","ast-page-background-enabled":"default","ast-page-background-meta":{"desktop":{"background-color":"var(--ast-global-color-4)","background-image":"","background-repeat":"repeat","background-position":"center center","background-size":"auto","background-attachment":"scroll","background-type":"","background-media":"","overlay-type":"","overlay-color":"","overlay-opacity":"","overlay-gradient":""},"tablet":{"background-color":"","background-image":"","background-repeat":"repeat","background-position":"center center","background-size":"auto","background-attachment":"scroll","background-type":"","background-media":"","overlay-type":"","overlay-color":"","overlay-opacity":"","overlay-gradient":""},"mobile":{"background-color":"","background-image":"","background-repeat":"repeat","background-position":"center center","background-size":"auto","background-attachment":"scroll","background-type":"","background-media":"","overlay-type":"","overlay-color":"","overlay-opacity":"","overlay-gradient":""}},"ast-content-background-meta":{"desktop":{"background-color":"var(--ast-global-color-5)","background-image":"","background-repeat":"repeat","background-position":"center center","background-size":"auto","background-attachment":"scroll","background-type":"","background-media":"","overlay-type":"","overlay-color":"","overlay-opacity":"","overlay-gradient":""},"tablet":{"background-color":"var(--ast-global-color-5)","background-image":"","background-repeat":"repeat","background-position":"center center","background-size":"auto","background-attachment":"scroll","background-type":"","background-media":"","overlay-type":"","overlay-color":"","overlay-opacity":"","overlay-gradient":""},"mobile":{"background-color":"var(--ast-global-color-5)","background-image":"","background-repeat":"repeat","background-position":"center center","background-size":"auto","background-attachment":"scroll","background-type":"","background-media":"","overlay-type":"","overlay-color":"","overlay-opacity":"","overlay-gradient":""}},"footnotes":"","_links_to":"","_links_to_target":""},"categories":[52],"tags":[109,72],"class_list":["post-247","post","type-post","status-publish","format-standard","hentry","category-projeto","tag-2020-2022","tag-carlos-albuquerque"],"yoast_head":"<!-- This site is optimized with the Yoast SEO plugin v27.4 - https:\/\/yoast.com\/product\/yoast-seo-wordpress\/ -->\r\n<title>[POCI-01-0247-FEDER-047087] ABLEFIT: Desenvolvimento de um Sistema Avan\u00e7ado para Reabilita\u00e7\u00e3o &#8902; UICISA<\/title>\r\n<meta name=\"robots\" content=\"index, follow, max-snippet:-1, max-image-preview:large, max-video-preview:-1\" \/>\r\n<link rel=\"canonical\" href=\"https:\/\/events.ipv.pt\/uicisa\/en\/poci-01-0247-feder-047087ablefit-desenvolvimento-de-um-sistema-avancado-para-reabilitacao\/\" \/>\r\n<meta property=\"og:locale\" content=\"en_GB\" \/>\r\n<meta property=\"og:type\" content=\"article\" \/>\r\n<meta property=\"og:title\" content=\"[POCI-01-0247-FEDER-047087] ABLEFIT: Desenvolvimento de um Sistema Avan\u00e7ado para Reabilita\u00e7\u00e3o &#8902; UICISA\" \/>\r\n<meta property=\"og:description\" content=\"Dura\u00e7\u00e3o: 2020 \u2013 2022 Membros da equipa do UICISA: E Carlos Albuquerque Entidades financiadoras COMPETE2020; PORTUGAL2020; Fundo Europeu de Desenvolvimento Regional O projeto Ablefit, cofinanciado pelo Fundo Europeu de Desenvolvimento Regional, atrav\u00e9s do POCI, prop\u00f5e a realiza\u00e7\u00e3o de atividades de investiga\u00e7\u00e3o e desenvolvimento (I&#038;D), com vista \u00e0 cria\u00e7\u00e3o de um sistema avan\u00e7ado de reabilita\u00e7\u00e3o f\u00edsica [&hellip;]\" \/>\r\n<meta property=\"og:url\" content=\"https:\/\/events.ipv.pt\/uicisa\/en\/poci-01-0247-feder-047087ablefit-desenvolvimento-de-um-sistema-avancado-para-reabilitacao\/\" \/>\r\n<meta property=\"og:site_name\" content=\"UICISA\" \/>\r\n<meta property=\"article:published_time\" content=\"2020-03-21T14:13:20+00:00\" \/>\r\n<meta property=\"article:modified_time\" content=\"2025-07-02T10:25:15+00:00\" \/>\r\n<meta name=\"author\" content=\"cristina\" \/>\r\n<meta name=\"twitter:card\" content=\"summary_large_image\" \/>\r\n<meta name=\"twitter:label1\" content=\"Written by\" \/>\n\t<meta name=\"twitter:data1\" content=\"cristina\" \/>\n\t<meta name=\"twitter:label2\" content=\"Estimated reading time\" \/>\n\t<meta name=\"twitter:data2\" content=\"1 minute\" \/>\r\n<script type=\"application\/ld+json\" class=\"yoast-schema-graph\">{\"@context\":\"https:\\\/\\\/schema.org\",\"@graph\":[{\"@type\":\"Article\",\"@id\":\"https:\\\/\\\/events.ipv.pt\\\/uicisa\\\/poci-01-0247-feder-047087ablefit-desenvolvimento-de-um-sistema-avancado-para-reabilitacao\\\/#article\",\"isPartOf\":{\"@id\":\"https:\\\/\\\/events.ipv.pt\\\/uicisa\\\/poci-01-0247-feder-047087ablefit-desenvolvimento-de-um-sistema-avancado-para-reabilitacao\\\/\"},\"author\":{\"name\":\"cristina\",\"@id\":\"https:\\\/\\\/events.ipv.pt\\\/uicisa\\\/#\\\/schema\\\/person\\\/ccac39a7f38bea8c520def2e001280ee\"},\"headline\":\"[POCI-01-0247-FEDER-047087] ABLEFIT: Desenvolvimento de um Sistema Avan\u00e7ado para Reabilita\u00e7\u00e3o\",\"datePublished\":\"2020-03-21T14:13:20+00:00\",\"dateModified\":\"2025-07-02T10:25:15+00:00\",\"mainEntityOfPage\":{\"@id\":\"https:\\\/\\\/events.ipv.pt\\\/uicisa\\\/poci-01-0247-feder-047087ablefit-desenvolvimento-de-um-sistema-avancado-para-reabilitacao\\\/\"},\"wordCount\":210,\"publisher\":{\"@id\":\"https:\\\/\\\/events.ipv.pt\\\/uicisa\\\/#organization\"},\"keywords\":[\"[2020 \u2013 2022]\",\"Carlos Albuquerque\"],\"articleSection\":[\"projeto\"],\"inLanguage\":\"en-GB\"},{\"@type\":\"WebPage\",\"@id\":\"https:\\\/\\\/events.ipv.pt\\\/uicisa\\\/poci-01-0247-feder-047087ablefit-desenvolvimento-de-um-sistema-avancado-para-reabilitacao\\\/\",\"url\":\"https:\\\/\\\/events.ipv.pt\\\/uicisa\\\/poci-01-0247-feder-047087ablefit-desenvolvimento-de-um-sistema-avancado-para-reabilitacao\\\/\",\"name\":\"[POCI-01-0247-FEDER-047087] ABLEFIT: Desenvolvimento de um Sistema Avan\u00e7ado para Reabilita\u00e7\u00e3o &#8902; UICISA\",\"isPartOf\":{\"@id\":\"https:\\\/\\\/events.ipv.pt\\\/uicisa\\\/#website\"},\"datePublished\":\"2020-03-21T14:13:20+00:00\",\"dateModified\":\"2025-07-02T10:25:15+00:00\",\"breadcrumb\":{\"@id\":\"https:\\\/\\\/events.ipv.pt\\\/uicisa\\\/poci-01-0247-feder-047087ablefit-desenvolvimento-de-um-sistema-avancado-para-reabilitacao\\\/#breadcrumb\"},\"inLanguage\":\"en-GB\",\"potentialAction\":[{\"@type\":\"ReadAction\",\"target\":[\"https:\\\/\\\/events.ipv.pt\\\/uicisa\\\/poci-01-0247-feder-047087ablefit-desenvolvimento-de-um-sistema-avancado-para-reabilitacao\\\/\"]}]},{\"@type\":\"BreadcrumbList\",\"@id\":\"https:\\\/\\\/events.ipv.pt\\\/uicisa\\\/poci-01-0247-feder-047087ablefit-desenvolvimento-de-um-sistema-avancado-para-reabilitacao\\\/#breadcrumb\",\"itemListElement\":[{\"@type\":\"ListItem\",\"position\":1,\"name\":\"In\u00edcio\",\"item\":\"https:\\\/\\\/events.ipv.pt\\\/uicisa\\\/\"},{\"@type\":\"ListItem\",\"position\":2,\"name\":\"[POCI-01-0247-FEDER-047087] ABLEFIT: Desenvolvimento de um Sistema Avan\u00e7ado para Reabilita\u00e7\u00e3o\"}]},{\"@type\":\"WebSite\",\"@id\":\"https:\\\/\\\/events.ipv.pt\\\/uicisa\\\/#website\",\"url\":\"https:\\\/\\\/events.ipv.pt\\\/uicisa\\\/\",\"name\":\"UICISA\",\"description\":\"UICISA: E_ESEnfC\\\/ESSIPV\",\"publisher\":{\"@id\":\"https:\\\/\\\/events.ipv.pt\\\/uicisa\\\/#organization\"},\"potentialAction\":[{\"@type\":\"SearchAction\",\"target\":{\"@type\":\"EntryPoint\",\"urlTemplate\":\"https:\\\/\\\/events.ipv.pt\\\/uicisa\\\/?s={search_term_string}\"},\"query-input\":{\"@type\":\"PropertyValueSpecification\",\"valueRequired\":true,\"valueName\":\"search_term_string\"}}],\"inLanguage\":\"en-GB\"},{\"@type\":\"Organization\",\"@id\":\"https:\\\/\\\/events.ipv.pt\\\/uicisa\\\/#organization\",\"name\":\"UICISA\",\"url\":\"https:\\\/\\\/events.ipv.pt\\\/uicisa\\\/\",\"logo\":{\"@type\":\"ImageObject\",\"inLanguage\":\"en-GB\",\"@id\":\"https:\\\/\\\/events.ipv.pt\\\/uicisa\\\/#\\\/schema\\\/logo\\\/image\\\/\",\"url\":\"https:\\\/\\\/events.ipv.pt\\\/uicisa\\\/wp-content\\\/uploads\\\/2026\\\/04\\\/cropped-UICISA_lg.png\",\"contentUrl\":\"https:\\\/\\\/events.ipv.pt\\\/uicisa\\\/wp-content\\\/uploads\\\/2026\\\/04\\\/cropped-UICISA_lg.png\",\"width\":831,\"height\":300,\"caption\":\"UICISA\"},\"image\":{\"@id\":\"https:\\\/\\\/events.ipv.pt\\\/uicisa\\\/#\\\/schema\\\/logo\\\/image\\\/\"}},{\"@type\":\"Person\",\"@id\":\"https:\\\/\\\/events.ipv.pt\\\/uicisa\\\/#\\\/schema\\\/person\\\/ccac39a7f38bea8c520def2e001280ee\",\"name\":\"cristina\",\"image\":{\"@type\":\"ImageObject\",\"inLanguage\":\"en-GB\",\"@id\":\"https:\\\/\\\/secure.gravatar.com\\\/avatar\\\/2195ec5194a145ca5d2c2ad965aa08b0d72d7d4157da345cccfeaa221a984952?s=96&d=mm&r=g\",\"url\":\"https:\\\/\\\/secure.gravatar.com\\\/avatar\\\/2195ec5194a145ca5d2c2ad965aa08b0d72d7d4157da345cccfeaa221a984952?s=96&d=mm&r=g\",\"contentUrl\":\"https:\\\/\\\/secure.gravatar.com\\\/avatar\\\/2195ec5194a145ca5d2c2ad965aa08b0d72d7d4157da345cccfeaa221a984952?s=96&d=mm&r=g\",\"caption\":\"cristina\"},\"sameAs\":[\"http:\\\/\\\/localhost\\\/uicisa\"],\"url\":\"https:\\\/\\\/events.ipv.pt\\\/uicisa\\\/en\\\/author\\\/cristina\\\/\"}]}<\/script>\r\n<!-- \/ Yoast SEO plugin. -->","yoast_head_json":{"title":"[POCI-01-0247-FEDER-047087] ABLEFIT: Desenvolvimento de um Sistema Avan\u00e7ado para Reabilita\u00e7\u00e3o &#8902; UICISA","robots":{"index":"index","follow":"follow","max-snippet":"max-snippet:-1","max-image-preview":"max-image-preview:large","max-video-preview":"max-video-preview:-1"},"canonical":"https:\/\/events.ipv.pt\/uicisa\/en\/poci-01-0247-feder-047087ablefit-desenvolvimento-de-um-sistema-avancado-para-reabilitacao\/","og_locale":"en_GB","og_type":"article","og_title":"[POCI-01-0247-FEDER-047087] ABLEFIT: Desenvolvimento de um Sistema Avan\u00e7ado para Reabilita\u00e7\u00e3o &#8902; UICISA","og_description":"Dura\u00e7\u00e3o: 2020 \u2013 2022 Membros da equipa do UICISA: E Carlos Albuquerque Entidades financiadoras COMPETE2020; PORTUGAL2020; Fundo Europeu de Desenvolvimento Regional O projeto Ablefit, cofinanciado pelo Fundo Europeu de Desenvolvimento Regional, atrav\u00e9s do POCI, prop\u00f5e a realiza\u00e7\u00e3o de atividades de investiga\u00e7\u00e3o e desenvolvimento (I&#038;D), com vista \u00e0 cria\u00e7\u00e3o de um sistema avan\u00e7ado de reabilita\u00e7\u00e3o f\u00edsica [&hellip;]","og_url":"https:\/\/events.ipv.pt\/uicisa\/en\/poci-01-0247-feder-047087ablefit-desenvolvimento-de-um-sistema-avancado-para-reabilitacao\/","og_site_name":"UICISA","article_published_time":"2020-03-21T14:13:20+00:00","article_modified_time":"2025-07-02T10:25:15+00:00","author":"cristina","twitter_card":"summary_large_image","twitter_misc":{"Written by":"cristina","Estimated reading time":"1 minute"},"schema":{"@context":"https:\/\/schema.org","@graph":[{"@type":"Article","@id":"https:\/\/events.ipv.pt\/uicisa\/poci-01-0247-feder-047087ablefit-desenvolvimento-de-um-sistema-avancado-para-reabilitacao\/#article","isPartOf":{"@id":"https:\/\/events.ipv.pt\/uicisa\/poci-01-0247-feder-047087ablefit-desenvolvimento-de-um-sistema-avancado-para-reabilitacao\/"},"author":{"name":"cristina","@id":"https:\/\/events.ipv.pt\/uicisa\/#\/schema\/person\/ccac39a7f38bea8c520def2e001280ee"},"headline":"[POCI-01-0247-FEDER-047087] ABLEFIT: Desenvolvimento de um Sistema Avan\u00e7ado para Reabilita\u00e7\u00e3o","datePublished":"2020-03-21T14:13:20+00:00","dateModified":"2025-07-02T10:25:15+00:00","mainEntityOfPage":{"@id":"https:\/\/events.ipv.pt\/uicisa\/poci-01-0247-feder-047087ablefit-desenvolvimento-de-um-sistema-avancado-para-reabilitacao\/"},"wordCount":210,"publisher":{"@id":"https:\/\/events.ipv.pt\/uicisa\/#organization"},"keywords":["[2020 \u2013 2022]","Carlos Albuquerque"],"articleSection":["projeto"],"inLanguage":"en-GB"},{"@type":"WebPage","@id":"https:\/\/events.ipv.pt\/uicisa\/poci-01-0247-feder-047087ablefit-desenvolvimento-de-um-sistema-avancado-para-reabilitacao\/","url":"https:\/\/events.ipv.pt\/uicisa\/poci-01-0247-feder-047087ablefit-desenvolvimento-de-um-sistema-avancado-para-reabilitacao\/","name":"[POCI-01-0247-FEDER-047087] ABLEFIT: Desenvolvimento de um Sistema Avan\u00e7ado para Reabilita\u00e7\u00e3o &#8902; UICISA","isPartOf":{"@id":"https:\/\/events.ipv.pt\/uicisa\/#website"},"datePublished":"2020-03-21T14:13:20+00:00","dateModified":"2025-07-02T10:25:15+00:00","breadcrumb":{"@id":"https:\/\/events.ipv.pt\/uicisa\/poci-01-0247-feder-047087ablefit-desenvolvimento-de-um-sistema-avancado-para-reabilitacao\/#breadcrumb"},"inLanguage":"en-GB","potentialAction":[{"@type":"ReadAction","target":["https:\/\/events.ipv.pt\/uicisa\/poci-01-0247-feder-047087ablefit-desenvolvimento-de-um-sistema-avancado-para-reabilitacao\/"]}]},{"@type":"BreadcrumbList","@id":"https:\/\/events.ipv.pt\/uicisa\/poci-01-0247-feder-047087ablefit-desenvolvimento-de-um-sistema-avancado-para-reabilitacao\/#breadcrumb","itemListElement":[{"@type":"ListItem","position":1,"name":"In\u00edcio","item":"https:\/\/events.ipv.pt\/uicisa\/"},{"@type":"ListItem","position":2,"name":"[POCI-01-0247-FEDER-047087] ABLEFIT: Desenvolvimento de um Sistema Avan\u00e7ado para Reabilita\u00e7\u00e3o"}]},{"@type":"WebSite","@id":"https:\/\/events.ipv.pt\/uicisa\/#website","url":"https:\/\/events.ipv.pt\/uicisa\/","name":"UICISA","description":"UICISA: E_ESEnfC\/ESSIPV","publisher":{"@id":"https:\/\/events.ipv.pt\/uicisa\/#organization"},"potentialAction":[{"@type":"SearchAction","target":{"@type":"EntryPoint","urlTemplate":"https:\/\/events.ipv.pt\/uicisa\/?s={search_term_string}"},"query-input":{"@type":"PropertyValueSpecification","valueRequired":true,"valueName":"search_term_string"}}],"inLanguage":"en-GB"},{"@type":"Organization","@id":"https:\/\/events.ipv.pt\/uicisa\/#organization","name":"UICISA","url":"https:\/\/events.ipv.pt\/uicisa\/","logo":{"@type":"ImageObject","inLanguage":"en-GB","@id":"https:\/\/events.ipv.pt\/uicisa\/#\/schema\/logo\/image\/","url":"https:\/\/events.ipv.pt\/uicisa\/wp-content\/uploads\/2026\/04\/cropped-UICISA_lg.png","contentUrl":"https:\/\/events.ipv.pt\/uicisa\/wp-content\/uploads\/2026\/04\/cropped-UICISA_lg.png","width":831,"height":300,"caption":"UICISA"},"image":{"@id":"https:\/\/events.ipv.pt\/uicisa\/#\/schema\/logo\/image\/"}},{"@type":"Person","@id":"https:\/\/events.ipv.pt\/uicisa\/#\/schema\/person\/ccac39a7f38bea8c520def2e001280ee","name":"cristina","image":{"@type":"ImageObject","inLanguage":"en-GB","@id":"https:\/\/secure.gravatar.com\/avatar\/2195ec5194a145ca5d2c2ad965aa08b0d72d7d4157da345cccfeaa221a984952?s=96&d=mm&r=g","url":"https:\/\/secure.gravatar.com\/avatar\/2195ec5194a145ca5d2c2ad965aa08b0d72d7d4157da345cccfeaa221a984952?s=96&d=mm&r=g","contentUrl":"https:\/\/secure.gravatar.com\/avatar\/2195ec5194a145ca5d2c2ad965aa08b0d72d7d4157da345cccfeaa221a984952?s=96&d=mm&r=g","caption":"cristina"},"sameAs":["http:\/\/localhost\/uicisa"],"url":"https:\/\/events.ipv.pt\/uicisa\/en\/author\/cristina\/"}]}},"_links":{"self":[{"href":"https:\/\/events.ipv.pt\/uicisa\/en\/wp-json\/wp\/v2\/posts\/247","targetHints":{"allow":["GET"]}}],"collection":[{"href":"https:\/\/events.ipv.pt\/uicisa\/en\/wp-json\/wp\/v2\/posts"}],"about":[{"href":"https:\/\/events.ipv.pt\/uicisa\/en\/wp-json\/wp\/v2\/types\/post"}],"author":[{"embeddable":true,"href":"https:\/\/events.ipv.pt\/uicisa\/en\/wp-json\/wp\/v2\/users\/1"}],"replies":[{"embeddable":true,"href":"https:\/\/events.ipv.pt\/uicisa\/en\/wp-json\/wp\/v2\/comments?post=247"}],"version-history":[{"count":4,"href":"https:\/\/events.ipv.pt\/uicisa\/en\/wp-json\/wp\/v2\/posts\/247\/revisions"}],"predecessor-version":[{"id":1683,"href":"https:\/\/events.ipv.pt\/uicisa\/en\/wp-json\/wp\/v2\/posts\/247\/revisions\/1683"}],"wp:attachment":[{"href":"https:\/\/events.ipv.pt\/uicisa\/en\/wp-json\/wp\/v2\/media?parent=247"}],"wp:term":[{"taxonomy":"category","embeddable":true,"href":"https:\/\/events.ipv.pt\/uicisa\/en\/wp-json\/wp\/v2\/categories?post=247"},{"taxonomy":"post_tag","embeddable":true,"href":"https:\/\/events.ipv.pt\/uicisa\/en\/wp-json\/wp\/v2\/tags?post=247"}],"curies":[{"name":"wp","href":"https:\/\/api.w.org\/{rel}","templated":true}]}}