{"id":234,"date":"2020-03-21T12:10:41","date_gmt":"2020-03-21T12:10:41","guid":{"rendered":"http:\/\/localhost\/uicisa\/?p=234"},"modified":"2025-07-02T10:15:25","modified_gmt":"2025-07-02T10:15:25","slug":"proj-ipv-idi-005ipv-with-health-plus-dinamicas-e-estrategias-de-inclusao-para-a-promocao-e-literacia-em-saude-no-ensino-superior","status":"publish","type":"post","link":"https:\/\/events.ipv.pt\/uicisa\/en\/proj-ipv-idi-005ipv-with-health-plus-dinamicas-e-estrategias-de-inclusao-para-a-promocao-e-literacia-em-saude-no-ensino-superior\/","title":{"rendered":"[PROJ\/IPV\/ID&#038;I\/005] iPV with Health Plus: Din\u00e2micas e estrat\u00e9gias de inclus\u00e3o para a promo\u00e7\u00e3o e literacia em sa\u00fade no ensino superior"},"content":{"rendered":"<p><strong>Investigador Respons\u00e1vel<\/strong><br \/>\nCarlos Albuquerque<\/p>\n<p><strong>Duration:<\/strong> 2020 \u2013 2022<\/p>\n<p><strong>UICISA: E Team Members<\/strong><br \/>\nAna Andrade<br \/>\nJo\u00e3o Duarte<br \/>\nMadalena Cunha<br \/>\nRosa Martins<\/p>\n<p><strong>Entidades financiadoras<\/strong><br \/>\nCGD; PV<\/p>\n<div class=\"traco\"><\/div>\n<p class=\" translation-block\">This transdisciplinary research and action project foresees the development of innovative health promotion strategies based  on a salutogenic paradigm that seeks to empower people to manage their health resources and improve their health literacy. This study is also part of a local need which was identified and discussed by and with local stakeholders (health professionals and the academic community) in the absence of an inclusive, creative, dynamic and concerted strategy to promote salutogenic behaviours among the student of the Polytechnic Institute of Viseu (IPV \u2013 Instituto Polit\u00e9cnico de Viseu).\nAttending to the experience of the research team in the conception and implementation of health promotion programs and technological solutions applied to health care, it becomes an opportunity to network and gather synergies between several partners among the clinical and teaching fields as well as in research, enhancing IPV in its social responsibilities. The main objective of the \"iPV with Health Plus\" project is to develop, implement and evaluate an integrated and institutional health promotion  program, creating the resources and organizational structures to support these processes along with the IPV students.\nThis project is structured with ten complementary tasks and it is aligned with the recommendations and challenges embodied in our current National Health Plan, based on the international guidelines, which emphasises a system of epidemiological surveillance of health determinants, reinforcing the organizational strategies and institutional culture in the field of health. Thus, the iPV Health+ project is supported by a strong networking among higher education institutions and primary health care institutions and it will monitor the  health determinants of IPV students, assess their health needs, create an Observatory of the State of Health of the Students of the IPV and conceive a Group of Health Promotion with an integrated, multidisciplinary and multidimensional action in the field of health promotion among the students of the IPV. Considering this, the research team will also develop and evaluate an innovative and inclusive intervention program that, through the use of interactive technologies (app), will promote health literacy and healthy behaviours, according to a structured approach.\nThe impact expectations of this project clearly outperform issues related to the scientific production and dissemination of knowledge. Its intention is to contribute in a sustained, inclusive and lasting way to the conception and implementation of organizational responses, those focused on the promotion of salutogenic behaviours and also to create technological interfaces and structures that can streamline monitoring, intervention and follow-up procedures of the IPV students according to their health needs as levelling the institution into a national reference.<\/p>","protected":false},"excerpt":{"rendered":"<p>Investigador Respons\u00e1vel Carlos Albuquerque Dura\u00e7\u00e3o: 2020 \u2013 2022 Membros da equipa do UICISA: E Ana Andrade Jo\u00e3o Duarte Madalena Cunha Rosa Martins Entidades financiadoras CGD; PV Este projeto transdisciplinar de investiga\u00e7\u00e3o-a\u00e7\u00e3o prev\u00ea o desenvolvimento de din\u00e2micas e estrat\u00e9gias inovadoras de promo\u00e7\u00e3o de sa\u00fade alicer\u00e7adas num paradigma salutog\u00e9nico que procura capacitar a pessoa na gest\u00e3o dos [&hellip;]<\/p>\n","protected":false},"author":1,"featured_media":1662,"comment_status":"closed","ping_status":"closed","sticky":false,"template":"","format":"standard","meta":{"site-sidebar-layout":"default","site-content-layout":"default","ast-site-content-layout":"normal-width-container","site-content-style":"boxed","site-sidebar-style":"default","ast-global-header-display":"","ast-banner-title-visibility":"","ast-main-header-display":"","ast-hfb-above-header-display":"","ast-hfb-below-header-display":"","ast-hfb-mobile-header-display":"","site-post-title":"","ast-breadcrumbs-content":"","ast-featured-img":"","footer-sml-layout":"","ast-disable-related-posts":"","theme-transparent-header-meta":"default","adv-header-id-meta":"","stick-header-meta":"","header-above-stick-meta":"","header-main-stick-meta":"","header-below-stick-meta":"","astra-migrate-meta-layouts":"set","ast-page-background-enabled":"default","ast-page-background-meta":{"desktop":{"background-color":"var(--ast-global-color-4)","background-image":"","background-repeat":"repeat","background-position":"center center","background-size":"auto","background-attachment":"scroll","background-type":"","background-media":"","overlay-type":"","overlay-color":"","overlay-opacity":"","overlay-gradient":""},"tablet":{"background-color":"","background-image":"","background-repeat":"repeat","background-position":"center center","background-size":"auto","background-attachment":"scroll","background-type":"","background-media":"","overlay-type":"","overlay-color":"","overlay-opacity":"","overlay-gradient":""},"mobile":{"background-color":"","background-image":"","background-repeat":"repeat","background-position":"center center","background-size":"auto","background-attachment":"scroll","background-type":"","background-media":"","overlay-type":"","overlay-color":"","overlay-opacity":"","overlay-gradient":""}},"ast-content-background-meta":{"desktop":{"background-color":"var(--ast-global-color-5)","background-image":"","background-repeat":"repeat","background-position":"center center","background-size":"auto","background-attachment":"scroll","background-type":"","background-media":"","overlay-type":"","overlay-color":"","overlay-opacity":"","overlay-gradient":""},"tablet":{"background-color":"var(--ast-global-color-5)","background-image":"","background-repeat":"repeat","background-position":"center center","background-size":"auto","background-attachment":"scroll","background-type":"","background-media":"","overlay-type":"","overlay-color":"","overlay-opacity":"","overlay-gradient":""},"mobile":{"background-color":"var(--ast-global-color-5)","background-image":"","background-repeat":"repeat","background-position":"center center","background-size":"auto","background-attachment":"scroll","background-type":"","background-media":"","overlay-type":"","overlay-color":"","overlay-opacity":"","overlay-gradient":""}},"footnotes":"","_links_to":"","_links_to_target":""},"categories":[52],"tags":[109,83,72,77,81,73],"class_list":["post-234","post","type-post","status-publish","format-standard","has-post-thumbnail","hentry","category-projeto","tag-2020-2022","tag-ana-andrade","tag-carlos-albuquerque","tag-joao-duarte","tag-madalena-cunha","tag-rosa-martins"],"yoast_head":"<!-- This site is optimized with the Yoast SEO plugin v27.5 - https:\/\/yoast.com\/product\/yoast-seo-wordpress\/ -->\r\n<title>[PROJ\/IPV\/ID&amp;I\/005] iPV with Health Plus: Din\u00e2micas e estrat\u00e9gias de inclus\u00e3o para a promo\u00e7\u00e3o e literacia em sa\u00fade no ensino superior &#8902; UICISA<\/title>\r\n<meta name=\"robots\" content=\"index, follow, max-snippet:-1, max-image-preview:large, max-video-preview:-1\" \/>\r\n<link rel=\"canonical\" href=\"https:\/\/events.ipv.pt\/uicisa\/en\/proj-ipv-idi-005ipv-with-health-plus-dinamicas-e-estrategias-de-inclusao-para-a-promocao-e-literacia-em-saude-no-ensino-superior\/\" \/>\r\n<meta property=\"og:locale\" content=\"en_GB\" \/>\r\n<meta property=\"og:type\" content=\"article\" \/>\r\n<meta property=\"og:title\" content=\"[PROJ\/IPV\/ID&amp;I\/005] iPV with Health Plus: Din\u00e2micas e estrat\u00e9gias de inclus\u00e3o para a promo\u00e7\u00e3o e literacia em sa\u00fade no ensino superior &#8902; UICISA\" \/>\r\n<meta property=\"og:description\" content=\"Investigador Respons\u00e1vel Carlos Albuquerque Dura\u00e7\u00e3o: 2020 \u2013 2022 Membros da equipa do UICISA: E Ana Andrade Jo\u00e3o Duarte Madalena Cunha Rosa Martins Entidades financiadoras CGD; PV Este projeto transdisciplinar de investiga\u00e7\u00e3o-a\u00e7\u00e3o prev\u00ea o desenvolvimento de din\u00e2micas e estrat\u00e9gias inovadoras de promo\u00e7\u00e3o de sa\u00fade alicer\u00e7adas num paradigma salutog\u00e9nico que procura capacitar a pessoa na gest\u00e3o dos [&hellip;]\" \/>\r\n<meta property=\"og:url\" content=\"https:\/\/events.ipv.pt\/uicisa\/en\/proj-ipv-idi-005ipv-with-health-plus-dinamicas-e-estrategias-de-inclusao-para-a-promocao-e-literacia-em-saude-no-ensino-superior\/\" \/>\r\n<meta property=\"og:site_name\" content=\"UICISA\" \/>\r\n<meta property=\"article:published_time\" content=\"2020-03-21T12:10:41+00:00\" \/>\r\n<meta property=\"article:modified_time\" content=\"2025-07-02T10:15:25+00:00\" \/>\r\n<meta property=\"og:image\" content=\"https:\/\/events.ipv.pt\/uicisa\/wp-content\/uploads\/2022\/03\/ipvHealth.png\" \/>\r\n\t<meta property=\"og:image:width\" content=\"350\" \/>\r\n\t<meta property=\"og:image:height\" content=\"114\" \/>\r\n\t<meta property=\"og:image:type\" content=\"image\/png\" \/>\r\n<meta name=\"author\" content=\"cristina\" \/>\r\n<meta name=\"twitter:card\" content=\"summary_large_image\" \/>\r\n<meta name=\"twitter:label1\" content=\"Written by\" \/>\n\t<meta name=\"twitter:data1\" content=\"cristina\" \/>\n\t<meta name=\"twitter:label2\" content=\"Estimated reading time\" \/>\n\t<meta name=\"twitter:data2\" content=\"3 minutes\" \/>\r\n<script type=\"application\/ld+json\" class=\"yoast-schema-graph\">{\"@context\":\"https:\\\/\\\/schema.org\",\"@graph\":[{\"@type\":\"Article\",\"@id\":\"https:\\\/\\\/events.ipv.pt\\\/uicisa\\\/proj-ipv-idi-005ipv-with-health-plus-dinamicas-e-estrategias-de-inclusao-para-a-promocao-e-literacia-em-saude-no-ensino-superior\\\/#article\",\"isPartOf\":{\"@id\":\"https:\\\/\\\/events.ipv.pt\\\/uicisa\\\/proj-ipv-idi-005ipv-with-health-plus-dinamicas-e-estrategias-de-inclusao-para-a-promocao-e-literacia-em-saude-no-ensino-superior\\\/\"},\"author\":{\"name\":\"cristina\",\"@id\":\"https:\\\/\\\/events.ipv.pt\\\/uicisa\\\/#\\\/schema\\\/person\\\/ccac39a7f38bea8c520def2e001280ee\"},\"headline\":\"[PROJ\\\/IPV\\\/ID&#038;I\\\/005] iPV with Health Plus: Din\u00e2micas e estrat\u00e9gias de inclus\u00e3o para a promo\u00e7\u00e3o e literacia em sa\u00fade no ensino superior\",\"datePublished\":\"2020-03-21T12:10:41+00:00\",\"dateModified\":\"2025-07-02T10:15:25+00:00\",\"mainEntityOfPage\":{\"@id\":\"https:\\\/\\\/events.ipv.pt\\\/uicisa\\\/proj-ipv-idi-005ipv-with-health-plus-dinamicas-e-estrategias-de-inclusao-para-a-promocao-e-literacia-em-saude-no-ensino-superior\\\/\"},\"wordCount\":553,\"publisher\":{\"@id\":\"https:\\\/\\\/events.ipv.pt\\\/uicisa\\\/#organization\"},\"image\":{\"@id\":\"https:\\\/\\\/events.ipv.pt\\\/uicisa\\\/proj-ipv-idi-005ipv-with-health-plus-dinamicas-e-estrategias-de-inclusao-para-a-promocao-e-literacia-em-saude-no-ensino-superior\\\/#primaryimage\"},\"thumbnailUrl\":\"https:\\\/\\\/events.ipv.pt\\\/uicisa\\\/wp-content\\\/uploads\\\/2022\\\/03\\\/ipvHealth.png\",\"keywords\":[\"[2020 \u2013 2022]\",\"Ana Andrade\",\"Carlos Albuquerque\",\"Jo\u00e3o Duarte\",\"Madalena Cunha\",\"Rosa Martins\"],\"articleSection\":[\"projeto\"],\"inLanguage\":\"en-GB\"},{\"@type\":\"WebPage\",\"@id\":\"https:\\\/\\\/events.ipv.pt\\\/uicisa\\\/proj-ipv-idi-005ipv-with-health-plus-dinamicas-e-estrategias-de-inclusao-para-a-promocao-e-literacia-em-saude-no-ensino-superior\\\/\",\"url\":\"https:\\\/\\\/events.ipv.pt\\\/uicisa\\\/proj-ipv-idi-005ipv-with-health-plus-dinamicas-e-estrategias-de-inclusao-para-a-promocao-e-literacia-em-saude-no-ensino-superior\\\/\",\"name\":\"[PROJ\\\/IPV\\\/ID&I\\\/005] iPV with Health Plus: Din\u00e2micas e estrat\u00e9gias de inclus\u00e3o para a promo\u00e7\u00e3o e literacia em sa\u00fade no ensino superior &#8902; UICISA\",\"isPartOf\":{\"@id\":\"https:\\\/\\\/events.ipv.pt\\\/uicisa\\\/#website\"},\"primaryImageOfPage\":{\"@id\":\"https:\\\/\\\/events.ipv.pt\\\/uicisa\\\/proj-ipv-idi-005ipv-with-health-plus-dinamicas-e-estrategias-de-inclusao-para-a-promocao-e-literacia-em-saude-no-ensino-superior\\\/#primaryimage\"},\"image\":{\"@id\":\"https:\\\/\\\/events.ipv.pt\\\/uicisa\\\/proj-ipv-idi-005ipv-with-health-plus-dinamicas-e-estrategias-de-inclusao-para-a-promocao-e-literacia-em-saude-no-ensino-superior\\\/#primaryimage\"},\"thumbnailUrl\":\"https:\\\/\\\/events.ipv.pt\\\/uicisa\\\/wp-content\\\/uploads\\\/2022\\\/03\\\/ipvHealth.png\",\"datePublished\":\"2020-03-21T12:10:41+00:00\",\"dateModified\":\"2025-07-02T10:15:25+00:00\",\"breadcrumb\":{\"@id\":\"https:\\\/\\\/events.ipv.pt\\\/uicisa\\\/proj-ipv-idi-005ipv-with-health-plus-dinamicas-e-estrategias-de-inclusao-para-a-promocao-e-literacia-em-saude-no-ensino-superior\\\/#breadcrumb\"},\"inLanguage\":\"en-GB\",\"potentialAction\":[{\"@type\":\"ReadAction\",\"target\":[\"https:\\\/\\\/events.ipv.pt\\\/uicisa\\\/proj-ipv-idi-005ipv-with-health-plus-dinamicas-e-estrategias-de-inclusao-para-a-promocao-e-literacia-em-saude-no-ensino-superior\\\/\"]}]},{\"@type\":\"ImageObject\",\"inLanguage\":\"en-GB\",\"@id\":\"https:\\\/\\\/events.ipv.pt\\\/uicisa\\\/proj-ipv-idi-005ipv-with-health-plus-dinamicas-e-estrategias-de-inclusao-para-a-promocao-e-literacia-em-saude-no-ensino-superior\\\/#primaryimage\",\"url\":\"https:\\\/\\\/events.ipv.pt\\\/uicisa\\\/wp-content\\\/uploads\\\/2022\\\/03\\\/ipvHealth.png\",\"contentUrl\":\"https:\\\/\\\/events.ipv.pt\\\/uicisa\\\/wp-content\\\/uploads\\\/2022\\\/03\\\/ipvHealth.png\",\"width\":350,\"height\":114},{\"@type\":\"BreadcrumbList\",\"@id\":\"https:\\\/\\\/events.ipv.pt\\\/uicisa\\\/proj-ipv-idi-005ipv-with-health-plus-dinamicas-e-estrategias-de-inclusao-para-a-promocao-e-literacia-em-saude-no-ensino-superior\\\/#breadcrumb\",\"itemListElement\":[{\"@type\":\"ListItem\",\"position\":1,\"name\":\"In\u00edcio\",\"item\":\"https:\\\/\\\/events.ipv.pt\\\/uicisa\\\/\"},{\"@type\":\"ListItem\",\"position\":2,\"name\":\"[PROJ\\\/IPV\\\/ID&#038;I\\\/005] iPV with Health Plus: Din\u00e2micas e estrat\u00e9gias de inclus\u00e3o para a promo\u00e7\u00e3o e literacia em sa\u00fade no ensino superior\"}]},{\"@type\":\"WebSite\",\"@id\":\"https:\\\/\\\/events.ipv.pt\\\/uicisa\\\/#website\",\"url\":\"https:\\\/\\\/events.ipv.pt\\\/uicisa\\\/\",\"name\":\"UICISA\",\"description\":\"UICISA: E_ESEnfC\\\/ESSIPV\",\"publisher\":{\"@id\":\"https:\\\/\\\/events.ipv.pt\\\/uicisa\\\/#organization\"},\"potentialAction\":[{\"@type\":\"SearchAction\",\"target\":{\"@type\":\"EntryPoint\",\"urlTemplate\":\"https:\\\/\\\/events.ipv.pt\\\/uicisa\\\/?s={search_term_string}\"},\"query-input\":{\"@type\":\"PropertyValueSpecification\",\"valueRequired\":true,\"valueName\":\"search_term_string\"}}],\"inLanguage\":\"en-GB\"},{\"@type\":\"Organization\",\"@id\":\"https:\\\/\\\/events.ipv.pt\\\/uicisa\\\/#organization\",\"name\":\"UICISA\",\"url\":\"https:\\\/\\\/events.ipv.pt\\\/uicisa\\\/\",\"logo\":{\"@type\":\"ImageObject\",\"inLanguage\":\"en-GB\",\"@id\":\"https:\\\/\\\/events.ipv.pt\\\/uicisa\\\/#\\\/schema\\\/logo\\\/image\\\/\",\"url\":\"https:\\\/\\\/events.ipv.pt\\\/uicisa\\\/wp-content\\\/uploads\\\/2026\\\/04\\\/cropped-UICISA_lg.png\",\"contentUrl\":\"https:\\\/\\\/events.ipv.pt\\\/uicisa\\\/wp-content\\\/uploads\\\/2026\\\/04\\\/cropped-UICISA_lg.png\",\"width\":831,\"height\":300,\"caption\":\"UICISA\"},\"image\":{\"@id\":\"https:\\\/\\\/events.ipv.pt\\\/uicisa\\\/#\\\/schema\\\/logo\\\/image\\\/\"}},{\"@type\":\"Person\",\"@id\":\"https:\\\/\\\/events.ipv.pt\\\/uicisa\\\/#\\\/schema\\\/person\\\/ccac39a7f38bea8c520def2e001280ee\",\"name\":\"cristina\",\"image\":{\"@type\":\"ImageObject\",\"inLanguage\":\"en-GB\",\"@id\":\"https:\\\/\\\/secure.gravatar.com\\\/avatar\\\/2195ec5194a145ca5d2c2ad965aa08b0d72d7d4157da345cccfeaa221a984952?s=96&d=mm&r=g\",\"url\":\"https:\\\/\\\/secure.gravatar.com\\\/avatar\\\/2195ec5194a145ca5d2c2ad965aa08b0d72d7d4157da345cccfeaa221a984952?s=96&d=mm&r=g\",\"contentUrl\":\"https:\\\/\\\/secure.gravatar.com\\\/avatar\\\/2195ec5194a145ca5d2c2ad965aa08b0d72d7d4157da345cccfeaa221a984952?s=96&d=mm&r=g\",\"caption\":\"cristina\"},\"sameAs\":[\"http:\\\/\\\/localhost\\\/uicisa\"],\"url\":\"https:\\\/\\\/events.ipv.pt\\\/uicisa\\\/en\\\/author\\\/cristina\\\/\"}]}<\/script>\r\n<!-- \/ Yoast SEO plugin. -->","yoast_head_json":{"title":"[PROJ\/IPV\/ID&I\/005] iPV with Health Plus: Din\u00e2micas e estrat\u00e9gias de inclus\u00e3o para a promo\u00e7\u00e3o e literacia em sa\u00fade no ensino superior &#8902; UICISA","robots":{"index":"index","follow":"follow","max-snippet":"max-snippet:-1","max-image-preview":"max-image-preview:large","max-video-preview":"max-video-preview:-1"},"canonical":"https:\/\/events.ipv.pt\/uicisa\/en\/proj-ipv-idi-005ipv-with-health-plus-dinamicas-e-estrategias-de-inclusao-para-a-promocao-e-literacia-em-saude-no-ensino-superior\/","og_locale":"en_GB","og_type":"article","og_title":"[PROJ\/IPV\/ID&I\/005] iPV with Health Plus: Din\u00e2micas e estrat\u00e9gias de inclus\u00e3o para a promo\u00e7\u00e3o e literacia em sa\u00fade no ensino superior &#8902; UICISA","og_description":"Investigador Respons\u00e1vel Carlos Albuquerque Dura\u00e7\u00e3o: 2020 \u2013 2022 Membros da equipa do UICISA: E Ana Andrade Jo\u00e3o Duarte Madalena Cunha Rosa Martins Entidades financiadoras CGD; PV Este projeto transdisciplinar de investiga\u00e7\u00e3o-a\u00e7\u00e3o prev\u00ea o desenvolvimento de din\u00e2micas e estrat\u00e9gias inovadoras de promo\u00e7\u00e3o de sa\u00fade alicer\u00e7adas num paradigma salutog\u00e9nico que procura capacitar a pessoa na gest\u00e3o dos [&hellip;]","og_url":"https:\/\/events.ipv.pt\/uicisa\/en\/proj-ipv-idi-005ipv-with-health-plus-dinamicas-e-estrategias-de-inclusao-para-a-promocao-e-literacia-em-saude-no-ensino-superior\/","og_site_name":"UICISA","article_published_time":"2020-03-21T12:10:41+00:00","article_modified_time":"2025-07-02T10:15:25+00:00","og_image":[{"width":350,"height":114,"url":"https:\/\/events.ipv.pt\/uicisa\/wp-content\/uploads\/2022\/03\/ipvHealth.png","type":"image\/png"}],"author":"cristina","twitter_card":"summary_large_image","twitter_misc":{"Written by":"cristina","Estimated reading time":"3 minutes"},"schema":{"@context":"https:\/\/schema.org","@graph":[{"@type":"Article","@id":"https:\/\/events.ipv.pt\/uicisa\/proj-ipv-idi-005ipv-with-health-plus-dinamicas-e-estrategias-de-inclusao-para-a-promocao-e-literacia-em-saude-no-ensino-superior\/#article","isPartOf":{"@id":"https:\/\/events.ipv.pt\/uicisa\/proj-ipv-idi-005ipv-with-health-plus-dinamicas-e-estrategias-de-inclusao-para-a-promocao-e-literacia-em-saude-no-ensino-superior\/"},"author":{"name":"cristina","@id":"https:\/\/events.ipv.pt\/uicisa\/#\/schema\/person\/ccac39a7f38bea8c520def2e001280ee"},"headline":"[PROJ\/IPV\/ID&#038;I\/005] iPV with Health Plus: Din\u00e2micas e estrat\u00e9gias de inclus\u00e3o para a promo\u00e7\u00e3o e literacia em sa\u00fade no ensino superior","datePublished":"2020-03-21T12:10:41+00:00","dateModified":"2025-07-02T10:15:25+00:00","mainEntityOfPage":{"@id":"https:\/\/events.ipv.pt\/uicisa\/proj-ipv-idi-005ipv-with-health-plus-dinamicas-e-estrategias-de-inclusao-para-a-promocao-e-literacia-em-saude-no-ensino-superior\/"},"wordCount":553,"publisher":{"@id":"https:\/\/events.ipv.pt\/uicisa\/#organization"},"image":{"@id":"https:\/\/events.ipv.pt\/uicisa\/proj-ipv-idi-005ipv-with-health-plus-dinamicas-e-estrategias-de-inclusao-para-a-promocao-e-literacia-em-saude-no-ensino-superior\/#primaryimage"},"thumbnailUrl":"https:\/\/events.ipv.pt\/uicisa\/wp-content\/uploads\/2022\/03\/ipvHealth.png","keywords":["[2020 \u2013 2022]","Ana Andrade","Carlos Albuquerque","Jo\u00e3o Duarte","Madalena Cunha","Rosa Martins"],"articleSection":["projeto"],"inLanguage":"en-GB"},{"@type":"WebPage","@id":"https:\/\/events.ipv.pt\/uicisa\/proj-ipv-idi-005ipv-with-health-plus-dinamicas-e-estrategias-de-inclusao-para-a-promocao-e-literacia-em-saude-no-ensino-superior\/","url":"https:\/\/events.ipv.pt\/uicisa\/proj-ipv-idi-005ipv-with-health-plus-dinamicas-e-estrategias-de-inclusao-para-a-promocao-e-literacia-em-saude-no-ensino-superior\/","name":"[PROJ\/IPV\/ID&I\/005] iPV with Health Plus: Din\u00e2micas e estrat\u00e9gias de inclus\u00e3o para a promo\u00e7\u00e3o e literacia em sa\u00fade no ensino superior &#8902; UICISA","isPartOf":{"@id":"https:\/\/events.ipv.pt\/uicisa\/#website"},"primaryImageOfPage":{"@id":"https:\/\/events.ipv.pt\/uicisa\/proj-ipv-idi-005ipv-with-health-plus-dinamicas-e-estrategias-de-inclusao-para-a-promocao-e-literacia-em-saude-no-ensino-superior\/#primaryimage"},"image":{"@id":"https:\/\/events.ipv.pt\/uicisa\/proj-ipv-idi-005ipv-with-health-plus-dinamicas-e-estrategias-de-inclusao-para-a-promocao-e-literacia-em-saude-no-ensino-superior\/#primaryimage"},"thumbnailUrl":"https:\/\/events.ipv.pt\/uicisa\/wp-content\/uploads\/2022\/03\/ipvHealth.png","datePublished":"2020-03-21T12:10:41+00:00","dateModified":"2025-07-02T10:15:25+00:00","breadcrumb":{"@id":"https:\/\/events.ipv.pt\/uicisa\/proj-ipv-idi-005ipv-with-health-plus-dinamicas-e-estrategias-de-inclusao-para-a-promocao-e-literacia-em-saude-no-ensino-superior\/#breadcrumb"},"inLanguage":"en-GB","potentialAction":[{"@type":"ReadAction","target":["https:\/\/events.ipv.pt\/uicisa\/proj-ipv-idi-005ipv-with-health-plus-dinamicas-e-estrategias-de-inclusao-para-a-promocao-e-literacia-em-saude-no-ensino-superior\/"]}]},{"@type":"ImageObject","inLanguage":"en-GB","@id":"https:\/\/events.ipv.pt\/uicisa\/proj-ipv-idi-005ipv-with-health-plus-dinamicas-e-estrategias-de-inclusao-para-a-promocao-e-literacia-em-saude-no-ensino-superior\/#primaryimage","url":"https:\/\/events.ipv.pt\/uicisa\/wp-content\/uploads\/2022\/03\/ipvHealth.png","contentUrl":"https:\/\/events.ipv.pt\/uicisa\/wp-content\/uploads\/2022\/03\/ipvHealth.png","width":350,"height":114},{"@type":"BreadcrumbList","@id":"https:\/\/events.ipv.pt\/uicisa\/proj-ipv-idi-005ipv-with-health-plus-dinamicas-e-estrategias-de-inclusao-para-a-promocao-e-literacia-em-saude-no-ensino-superior\/#breadcrumb","itemListElement":[{"@type":"ListItem","position":1,"name":"In\u00edcio","item":"https:\/\/events.ipv.pt\/uicisa\/"},{"@type":"ListItem","position":2,"name":"[PROJ\/IPV\/ID&#038;I\/005] iPV with Health Plus: Din\u00e2micas e estrat\u00e9gias de inclus\u00e3o para a promo\u00e7\u00e3o e literacia em sa\u00fade no ensino superior"}]},{"@type":"WebSite","@id":"https:\/\/events.ipv.pt\/uicisa\/#website","url":"https:\/\/events.ipv.pt\/uicisa\/","name":"UICISA","description":"UICISA: E_ESEnfC\/ESSIPV","publisher":{"@id":"https:\/\/events.ipv.pt\/uicisa\/#organization"},"potentialAction":[{"@type":"SearchAction","target":{"@type":"EntryPoint","urlTemplate":"https:\/\/events.ipv.pt\/uicisa\/?s={search_term_string}"},"query-input":{"@type":"PropertyValueSpecification","valueRequired":true,"valueName":"search_term_string"}}],"inLanguage":"en-GB"},{"@type":"Organization","@id":"https:\/\/events.ipv.pt\/uicisa\/#organization","name":"UICISA","url":"https:\/\/events.ipv.pt\/uicisa\/","logo":{"@type":"ImageObject","inLanguage":"en-GB","@id":"https:\/\/events.ipv.pt\/uicisa\/#\/schema\/logo\/image\/","url":"https:\/\/events.ipv.pt\/uicisa\/wp-content\/uploads\/2026\/04\/cropped-UICISA_lg.png","contentUrl":"https:\/\/events.ipv.pt\/uicisa\/wp-content\/uploads\/2026\/04\/cropped-UICISA_lg.png","width":831,"height":300,"caption":"UICISA"},"image":{"@id":"https:\/\/events.ipv.pt\/uicisa\/#\/schema\/logo\/image\/"}},{"@type":"Person","@id":"https:\/\/events.ipv.pt\/uicisa\/#\/schema\/person\/ccac39a7f38bea8c520def2e001280ee","name":"cristina","image":{"@type":"ImageObject","inLanguage":"en-GB","@id":"https:\/\/secure.gravatar.com\/avatar\/2195ec5194a145ca5d2c2ad965aa08b0d72d7d4157da345cccfeaa221a984952?s=96&d=mm&r=g","url":"https:\/\/secure.gravatar.com\/avatar\/2195ec5194a145ca5d2c2ad965aa08b0d72d7d4157da345cccfeaa221a984952?s=96&d=mm&r=g","contentUrl":"https:\/\/secure.gravatar.com\/avatar\/2195ec5194a145ca5d2c2ad965aa08b0d72d7d4157da345cccfeaa221a984952?s=96&d=mm&r=g","caption":"cristina"},"sameAs":["http:\/\/localhost\/uicisa"],"url":"https:\/\/events.ipv.pt\/uicisa\/en\/author\/cristina\/"}]}},"_links":{"self":[{"href":"https:\/\/events.ipv.pt\/uicisa\/en\/wp-json\/wp\/v2\/posts\/234","targetHints":{"allow":["GET"]}}],"collection":[{"href":"https:\/\/events.ipv.pt\/uicisa\/en\/wp-json\/wp\/v2\/posts"}],"about":[{"href":"https:\/\/events.ipv.pt\/uicisa\/en\/wp-json\/wp\/v2\/types\/post"}],"author":[{"embeddable":true,"href":"https:\/\/events.ipv.pt\/uicisa\/en\/wp-json\/wp\/v2\/users\/1"}],"replies":[{"embeddable":true,"href":"https:\/\/events.ipv.pt\/uicisa\/en\/wp-json\/wp\/v2\/comments?post=234"}],"version-history":[{"count":5,"href":"https:\/\/events.ipv.pt\/uicisa\/en\/wp-json\/wp\/v2\/posts\/234\/revisions"}],"predecessor-version":[{"id":1678,"href":"https:\/\/events.ipv.pt\/uicisa\/en\/wp-json\/wp\/v2\/posts\/234\/revisions\/1678"}],"wp:featuredmedia":[{"embeddable":true,"href":"https:\/\/events.ipv.pt\/uicisa\/en\/wp-json\/wp\/v2\/media\/1662"}],"wp:attachment":[{"href":"https:\/\/events.ipv.pt\/uicisa\/en\/wp-json\/wp\/v2\/media?parent=234"}],"wp:term":[{"taxonomy":"category","embeddable":true,"href":"https:\/\/events.ipv.pt\/uicisa\/en\/wp-json\/wp\/v2\/categories?post=234"},{"taxonomy":"post_tag","embeddable":true,"href":"https:\/\/events.ipv.pt\/uicisa\/en\/wp-json\/wp\/v2\/tags?post=234"}],"curies":[{"name":"wp","href":"https:\/\/api.w.org\/{rel}","templated":true}]}}