{"id":2878,"date":"2023-03-07T17:02:27","date_gmt":"2023-03-07T17:02:27","guid":{"rendered":"http:\/\/localhost\/cised\/?p=2878"},"modified":"2026-03-09T16:31:02","modified_gmt":"2026-03-09T16:31:02","slug":"analise-da-caracterizacao-territorial-geografica-demografica-e-socioeconomica-da-regiao-dao-lafoes","status":"publish","type":"post","link":"https:\/\/events.ipv.pt\/cised\/analise-da-caracterizacao-territorial-geografica-demografica-e-socioeconomica-da-regiao-dao-lafoes\/","title":{"rendered":"An\u00e1lise da Caracteriza\u00e7\u00e3o Territorial, Geogr\u00e1fica, Demogr\u00e1fica e Socioecon\u00f3mica da Regi\u00e3o D\u00e3o Laf\u00f5es"},"content":{"rendered":"<p>Guimar\u00e3es, A., Reis, P., Charrua-Santos, F. (2023).<br \/>\nAn\u00e1lise da Caracteriza\u00e7\u00e3o Territorial, Geogr\u00e1fica, Demogr\u00e1fica e Socioecon\u00f3mica da Regi\u00e3o D\u00e3o Laf\u00f5es.<br \/>\nViseu, Portugal.<br \/>\n<a href=\"http:\/\/hdl.handle.net\/10400.19\/7908\" rel=\"noopener\" target=\"_blank\">http:\/\/hdl.handle.net\/10400.19\/7908<\/a><\/p>\n","protected":false},"excerpt":{"rendered":"<p>Guimar\u00e3es, A., Reis, P., Charrua-Santos, F. (2023). An\u00e1lise da Caracteriza\u00e7\u00e3o Territorial, Geogr\u00e1fica, Demogr\u00e1fica e Socioecon\u00f3mica da Regi\u00e3o D\u00e3o Laf\u00f5es. Viseu, Portugal. http:\/\/hdl.handle.net\/10400.19\/7908<\/p>\n","protected":false},"author":1,"featured_media":0,"comment_status":"open","ping_status":"open","sticky":false,"template":"","format":"standard","meta":{"_acf_changed":false,"site-sidebar-layout":"default","site-content-layout":"","ast-site-content-layout":"default","site-content-style":"default","site-sidebar-style":"default","ast-global-header-display":"","ast-banner-title-visibility":"","ast-main-header-display":"","ast-hfb-above-header-display":"","ast-hfb-below-header-display":"","ast-hfb-mobile-header-display":"","site-post-title":"","ast-breadcrumbs-content":"","ast-featured-img":"","footer-sml-layout":"","ast-disable-related-posts":"","theme-transparent-header-meta":"default","adv-header-id-meta":"","stick-header-meta":"","header-above-stick-meta":"","header-main-stick-meta":"","header-below-stick-meta":"","astra-migrate-meta-layouts":"set","ast-page-background-enabled":"default","ast-page-background-meta":{"desktop":{"background-color":"var(--ast-global-color-4)","background-image":"","background-repeat":"repeat","background-position":"center center","background-size":"auto","background-attachment":"scroll","background-type":"","background-media":"","overlay-type":"","overlay-color":"","overlay-opacity":"","overlay-gradient":""},"tablet":{"background-color":"","background-image":"","background-repeat":"repeat","background-position":"center center","background-size":"auto","background-attachment":"scroll","background-type":"","background-media":"","overlay-type":"","overlay-color":"","overlay-opacity":"","overlay-gradient":""},"mobile":{"background-color":"","background-image":"","background-repeat":"repeat","background-position":"center center","background-size":"auto","background-attachment":"scroll","background-type":"","background-media":"","overlay-type":"","overlay-color":"","overlay-opacity":"","overlay-gradient":""}},"ast-content-background-meta":{"desktop":{"background-color":"var(--ast-global-color-5)","background-image":"","background-repeat":"repeat","background-position":"center center","background-size":"auto","background-attachment":"scroll","background-type":"","background-media":"","overlay-type":"","overlay-color":"","overlay-opacity":"","overlay-gradient":""},"tablet":{"background-color":"var(--ast-global-color-5)","background-image":"","background-repeat":"repeat","background-position":"center center","background-size":"auto","background-attachment":"scroll","background-type":"","background-media":"","overlay-type":"","overlay-color":"","overlay-opacity":"","overlay-gradient":""},"mobile":{"background-color":"var(--ast-global-color-5)","background-image":"","background-repeat":"repeat","background-position":"center center","background-size":"auto","background-attachment":"scroll","background-type":"","background-media":"","overlay-type":"","overlay-color":"","overlay-opacity":"","overlay-gradient":""}},"footnotes":"","_links_to":"","_links_to_target":""},"categories":[80,99,91,11],"tags":[125],"class_list":["post-2878","post","type-post","status-publish","format-standard","hentry","category-cds-connected-digital-society","category-99","category-livros-e-capitulos-de-livro-de-edicao-nacional","category-viseu","tag-pedro-reis"],"acf":[],"_links":{"self":[{"href":"https:\/\/events.ipv.pt\/cised\/wp-json\/wp\/v2\/posts\/2878","targetHints":{"allow":["GET"]}}],"collection":[{"href":"https:\/\/events.ipv.pt\/cised\/wp-json\/wp\/v2\/posts"}],"about":[{"href":"https:\/\/events.ipv.pt\/cised\/wp-json\/wp\/v2\/types\/post"}],"author":[{"embeddable":true,"href":"https:\/\/events.ipv.pt\/cised\/wp-json\/wp\/v2\/users\/1"}],"replies":[{"embeddable":true,"href":"https:\/\/events.ipv.pt\/cised\/wp-json\/wp\/v2\/comments?post=2878"}],"version-history":[{"count":2,"href":"https:\/\/events.ipv.pt\/cised\/wp-json\/wp\/v2\/posts\/2878\/revisions"}],"predecessor-version":[{"id":4205,"href":"https:\/\/events.ipv.pt\/cised\/wp-json\/wp\/v2\/posts\/2878\/revisions\/4205"}],"wp:attachment":[{"href":"https:\/\/events.ipv.pt\/cised\/wp-json\/wp\/v2\/media?parent=2878"}],"wp:term":[{"taxonomy":"category","embeddable":true,"href":"https:\/\/events.ipv.pt\/cised\/wp-json\/wp\/v2\/categories?post=2878"},{"taxonomy":"post_tag","embeddable":true,"href":"https:\/\/events.ipv.pt\/cised\/wp-json\/wp\/v2\/tags?post=2878"}],"curies":[{"name":"wp","href":"https:\/\/api.w.org\/{rel}","templated":true}]}}