{"id":1411,"date":"2021-09-09T17:36:55","date_gmt":"2021-09-09T17:36:55","guid":{"rendered":"http:\/\/localhost\/cised\/?p=1411"},"modified":"2026-03-12T12:00:03","modified_gmt":"2026-03-12T12:00:03","slug":"centro-01-0246-feder-000044-inovc-ecossistemas-de-inovacao-inteligente-da-regiao-centro","status":"publish","type":"post","link":"https:\/\/events.ipv.pt\/cised\/centro-01-0246-feder-000044-inovc-ecossistemas-de-inovacao-inteligente-da-regiao-centro\/","title":{"rendered":"CENTRO-01-0246-FEDER-000044 \u2022 INOVC+ Ecossistemas de Inova\u00e7\u00e3o Inteligente da Regi\u00e3o Centro"},"content":{"rendered":"<p><strong>Membros da Equipa do CISeD:<\/strong><br \/>\nBruno Ferreira<br \/>\nCristina Rom\u00e3o<br \/>\nRicardo Gama<br \/>\nRui Pedro Duarte<br \/>\nSteven Lopes Abrantes<br \/>\nSerafim Oliveira<\/p>\n<p><strong>Dura\u00e7\u00e3o:<\/strong> 2021 \u2013 2023<\/p>\n<p><strong>Entidades financiadoras:<\/strong><br \/>\nFEDER<\/p>\n<p>O InovC+ \u00e9 um projeto regional que fomenta a valoriza\u00e7\u00e3o e transfer\u00eancia do conhecimento cient\u00edfico e tecnol\u00f3gico, promovendo a intera\u00e7\u00e3o entre os 19 parceiros desta iniciativa (institui\u00e7\u00f5es de ensino superior, entidades de interface cient\u00edfico e parques de inova\u00e7\u00e3o) e a economia regional e consolidando o ecossistema de inova\u00e7\u00e3o da Regi\u00e3o Centro. Este projeto ir\u00e1 financiar diversas atividades com este fim, das quais se destacam as mostras tecnol\u00f3gicas, o concurso de ideias de neg\u00f3cio ARRISCA C+, provas de conceito, a\u00e7\u00f5es de sensibiliza\u00e7\u00e3o e capacita\u00e7\u00e3o para a promo\u00e7\u00e3o da cultura de transfer\u00eancia, e prote\u00e7\u00e3o de conhecimento cient\u00edfico com potencial de transfer\u00eancia.<\/p>\n","protected":false},"excerpt":{"rendered":"<p>Membros da Equipa do CISeD: Bruno Ferreira Cristina Rom\u00e3o Ricardo Gama Rui Pedro Duarte Steven Lopes Abrantes Serafim Oliveira Dura\u00e7\u00e3o: 2021 \u2013 2023 Entidades financiadoras: FEDER O InovC+ \u00e9 um projeto regional que fomenta a valoriza\u00e7\u00e3o e transfer\u00eancia do conhecimento cient\u00edfico e tecnol\u00f3gico, promovendo a intera\u00e7\u00e3o entre os 19 parceiros desta iniciativa (institui\u00e7\u00f5es de ensino [&hellip;]<\/p>\n","protected":false},"author":1,"featured_media":0,"comment_status":"closed","ping_status":"closed","sticky":false,"template":"","format":"standard","meta":{"_acf_changed":false,"site-sidebar-layout":"default","site-content-layout":"","ast-site-content-layout":"normal-width-container","site-content-style":"boxed","site-sidebar-style":"default","ast-global-header-display":"","ast-banner-title-visibility":"","ast-main-header-display":"","ast-hfb-above-header-display":"","ast-hfb-below-header-display":"","ast-hfb-mobile-header-display":"","site-post-title":"","ast-breadcrumbs-content":"","ast-featured-img":"","footer-sml-layout":"","ast-disable-related-posts":"","theme-transparent-header-meta":"default","adv-header-id-meta":"","stick-header-meta":"","header-above-stick-meta":"","header-main-stick-meta":"","header-below-stick-meta":"","astra-migrate-meta-layouts":"set","ast-page-background-enabled":"default","ast-page-background-meta":{"desktop":{"background-color":"var(--ast-global-color-4)","background-image":"","background-repeat":"repeat","background-position":"center center","background-size":"auto","background-attachment":"scroll","background-type":"","background-media":"","overlay-type":"","overlay-color":"","overlay-opacity":"","overlay-gradient":""},"tablet":{"background-color":"","background-image":"","background-repeat":"repeat","background-position":"center center","background-size":"auto","background-attachment":"scroll","background-type":"","background-media":"","overlay-type":"","overlay-color":"","overlay-opacity":"","overlay-gradient":""},"mobile":{"background-color":"","background-image":"","background-repeat":"repeat","background-position":"center center","background-size":"auto","background-attachment":"scroll","background-type":"","background-media":"","overlay-type":"","overlay-color":"","overlay-opacity":"","overlay-gradient":""}},"ast-content-background-meta":{"desktop":{"background-color":"var(--ast-global-color-5)","background-image":"","background-repeat":"repeat","background-position":"center center","background-size":"auto","background-attachment":"scroll","background-type":"","background-media":"","overlay-type":"","overlay-color":"","overlay-opacity":"","overlay-gradient":""},"tablet":{"background-color":"var(--ast-global-color-5)","background-image":"","background-repeat":"repeat","background-position":"center center","background-size":"auto","background-attachment":"scroll","background-type":"","background-media":"","overlay-type":"","overlay-color":"","overlay-opacity":"","overlay-gradient":""},"mobile":{"background-color":"var(--ast-global-color-5)","background-image":"","background-repeat":"repeat","background-position":"center center","background-size":"auto","background-attachment":"scroll","background-type":"","background-media":"","overlay-type":"","overlay-color":"","overlay-opacity":"","overlay-gradient":""}},"footnotes":"","_links_to":"","_links_to_target":""},"categories":[78,79,86,9,85,4,11],"tags":[195,142,172,162,140,121,178],"class_list":["post-1411","post","type-post","status-publish","format-standard","hentry","category-ddss-digital-decision-support-systems","category-swaces-social-web-applied-to-culture-economy-and-society","category-competitivo","category-concluido","category-nacional","category-projetos","category-viseu","tag-2021-2023","tag-bruno-ferreira","tag-cristina-romao","tag-ricardo-gama","tag-rui-duarte","tag-serafim-oliveira","tag-steven-abrantes"],"acf":[],"_links":{"self":[{"href":"https:\/\/events.ipv.pt\/cised\/wp-json\/wp\/v2\/posts\/1411","targetHints":{"allow":["GET"]}}],"collection":[{"href":"https:\/\/events.ipv.pt\/cised\/wp-json\/wp\/v2\/posts"}],"about":[{"href":"https:\/\/events.ipv.pt\/cised\/wp-json\/wp\/v2\/types\/post"}],"author":[{"embeddable":true,"href":"https:\/\/events.ipv.pt\/cised\/wp-json\/wp\/v2\/users\/1"}],"replies":[{"embeddable":true,"href":"https:\/\/events.ipv.pt\/cised\/wp-json\/wp\/v2\/comments?post=1411"}],"version-history":[{"count":7,"href":"https:\/\/events.ipv.pt\/cised\/wp-json\/wp\/v2\/posts\/1411\/revisions"}],"predecessor-version":[{"id":4758,"href":"https:\/\/events.ipv.pt\/cised\/wp-json\/wp\/v2\/posts\/1411\/revisions\/4758"}],"wp:attachment":[{"href":"https:\/\/events.ipv.pt\/cised\/wp-json\/wp\/v2\/media?parent=1411"}],"wp:term":[{"taxonomy":"category","embeddable":true,"href":"https:\/\/events.ipv.pt\/cised\/wp-json\/wp\/v2\/categories?post=1411"},{"taxonomy":"post_tag","embeddable":true,"href":"https:\/\/events.ipv.pt\/cised\/wp-json\/wp\/v2\/tags?post=1411"}],"curies":[{"name":"wp","href":"https:\/\/api.w.org\/{rel}","templated":true}]}}