{"id":1238,"date":"2021-10-31T16:27:24","date_gmt":"2021-10-31T16:27:24","guid":{"rendered":"http:\/\/localhost\/cised\/?p=1238"},"modified":"2024-06-18T09:02:28","modified_gmt":"2024-06-18T09:02:28","slug":"pidi-cised-2021-003-biovalor-ecoponto-florestal-valorizacao-integrada-da-biomassa-e-digitalizacao-da-sua-gestao","status":"publish","type":"post","link":"https:\/\/events.ipv.pt\/cised\/pidi-cised-2021-003-biovalor-ecoponto-florestal-valorizacao-integrada-da-biomassa-e-digitalizacao-da-sua-gestao\/","title":{"rendered":"PIDI\/CISeD\/2021\/003 \u2022 BioVALOR \u2013 Ecoponto Florestal: Valoriza\u00e7\u00e3o Integrada da Biomassa e digitaliza\u00e7\u00e3o da sua gest\u00e3o"},"content":{"rendered":"<div class=\"contBox RowArticle\">\n<div class=\"coluna\">\n<strong>Investigador Respons\u00e1vel:<\/strong><br \/>\nIsabel Paula Lopes Br\u00e1s<br \/>\n<strong>Dura\u00e7\u00e3o:<\/strong> 2021 \u2013 2023<\/p>\n<p><strong>Membros da equipa do CISeD<\/strong><br \/>\nElisabete Silva<br \/>\nS\u00e9rgio Lopes<br \/>\nPaulo Pinho<br \/>\nFilipe Caldeira<br \/>\nEdmundo Marques<br \/>\nJos\u00e9 Vicente Ferreira<\/p>\n<\/div>\n<div class=\"coluna\">\n\n\n\n\t<div class=\"dkpdf-button-container\" style=\"            text-align:right \">\n\n\t\t<a class=\"dkpdf-button\" href=\"\/cised\/wp-json\/wp\/v2\/posts\/1238?pdf=1238\" target=\"_blank\"><span class=\"dkpdf-button-icon\"><i class=\"fa fa-file-pdf-o\"><\/i><\/span> <\/a>\n\n\t<\/div>\n\n\n\n\n\n<\/p>\n<p>No cen\u00e1rio atual de altera\u00e7\u00f5es clim\u00e1ticas e de envelhecimento da popula\u00e7\u00e3o nas zonas rurais, os inc\u00eandios florestais t\u00eam causado cada vez mais impactes econ\u00f3micos, ambientais e sociais nestas \u00e1reas. A solu\u00e7\u00e3o que melhor aceita\u00e7\u00e3o tem, passa pela correta gest\u00e3o de combust\u00edveis florestais, incluindo o seu aproveitamento energ\u00e9tico e material. Por outro lado, os relat\u00f3rios produzidos anualmente, refletem a grande relev\u00e2ncia das pr\u00e1ticas do uso de fogo para destrui\u00e7\u00e3o dos sobrantes agroflorestais enquanto causa de inc\u00eandios rurais. Existem alguns projetos cient\u00edficos em curso que preveem a valoriza\u00e7\u00e3o descentralizada da biomassa agroflorestal produzida nas comunidades, mas existe uma grande falta de informa\u00e7\u00e3o sobre as suas caracter\u00edsticas, tanto do ponto de vista qualitativo, como quantitativo (varia\u00e7\u00e3o do volume depositado ao longo do ano). Desta forma e de modo a informatizar todo o processo, \u00e9 proposta a introdu\u00e7\u00e3o de tecnologia digital, nomeadamente com recurso a sensores IoT e aplica\u00e7\u00f5es para a web. Atrav\u00e9s da recolha, processamento e an\u00e1lise de dados, ser\u00e1 poss\u00edvel aferir diversas vari\u00e1veis, gerar relat\u00f3rio e posteriormente otimizar os processos.<\/p>\n<p>No Munic\u00edpio de Viseu existe uma rede de ecopontos florestais que permitem aos residentes depositar os res\u00edduos agroflorestais, evitando a necessidade da realiza\u00e7\u00e3o de queima de amontoados potencialmente causadores de inc\u00eandios. Em fun\u00e7\u00e3o do seu car\u00e1ter de inova\u00e7\u00e3o, interesse e utilidade, estas estruturas vieram abrir v\u00e1rias linhas de investiga\u00e7\u00e3o cient\u00edfica com vista \u00e0 conce\u00e7\u00e3o de ecopontos florestais de segunda gera\u00e7\u00e3o que possam ser disseminados por todo o territ\u00f3rio nacional.<br \/>\nAssim, o projeto BioValor tem como atividades: 1) a caracteriza\u00e7\u00e3o f\u00edsico-qu\u00edmica da biomassa que \u00e9 depositada ao longo do ano no ecoponto florestal alvo de estudo e a cria\u00e7\u00e3o de uma rede de sensores IoT para recolha de dados e desenvolvimento de plataformas digitais de comunica\u00e7\u00e3o entre as entidades envolvidas; 2) a avalia\u00e7\u00e3o do potencial de valoriza\u00e7\u00e3o material desta biomassa em processos de compostagem e de mulching, ambos recorrendo \u00e0 monitoriza\u00e7\u00e3o digital para controlo e monitoriza\u00e7\u00e3o, complementar ao controlo anal\u00edtico; 3) a an\u00e1lise das possibilidades de valoriza\u00e7\u00e3o energ\u00e9tica com aproveitamento local; 4) a avalia\u00e7\u00e3o de ciclo de vida das op\u00e7\u00f5es em estudo, contabilizado os diferentes inputs regionais; e 5) a defini\u00e7\u00e3o de boas pr\u00e1ticas de conce\u00e7\u00e3o e opera\u00e7\u00e3o dos ecopontos florestais tendo em vista a otimiza\u00e7\u00e3o do seu funcionamento e a mitiga\u00e7\u00e3o do risco de inc\u00eandio florestal que uma estrutura desta natureza tem intr\u00ednseco.<\/p>\n<p>Considera-se que este projeto para al\u00e9m de melhorar a conce\u00e7\u00e3o dos ecopontos florestais, atrav\u00e9s da utiliza\u00e7\u00e3o de novas tecnologias (como por exemplo: drone para registo de imagens e v\u00eddeo, plataformas de comunica\u00e7\u00e3o e rede de sensores de monitoriza\u00e7\u00e3o das condi\u00e7\u00f5es de opera\u00e7\u00e3o), ir\u00e1 promover a sua reprodu\u00e7\u00e3o por outros munic\u00edpios portugueses e por outros pa\u00edses. Assim, \u00e9 importante que haja um esfor\u00e7o importante na dissemina\u00e7\u00e3o dos seus resultados e uma associa\u00e7\u00e3o a entidades chave neste processo, tais como a C\u00e2mara Municipal de Viseu, as Juntas de Freguesia, o Centro da Biomassa para a Energia, a Central de Biomassa, entre outros.<\/p>\n<p>Espera-se que o projeto BioValor contribua de forma decisiva, n\u00e3o apenas para a resolu\u00e7\u00e3o dos desafios suscitados pelos inc\u00eandios rurais, mas tamb\u00e9m para a valoriza\u00e7\u00e3o das zonas rurais, criando riqueza e postos de trabalho. Fundamentalmente, que os seus resultados sejam um importante contributo para a defini\u00e7\u00e3o de pol\u00edticas p\u00fablicas.<\/p>\n<\/div>\n<\/div>\n","protected":false},"excerpt":{"rendered":"<p>Investigador Respons\u00e1vel: Isabel Paula Lopes Br\u00e1s Dura\u00e7\u00e3o: 2021 \u2013 2023 Membros da equipa do CISeD Elisabete Silva S\u00e9rgio Lopes Paulo Pinho Filipe Caldeira Edmundo Marques Jos\u00e9 Vicente Ferreira No cen\u00e1rio atual de altera\u00e7\u00f5es clim\u00e1ticas e de envelhecimento da popula\u00e7\u00e3o nas zonas rurais, os inc\u00eandios florestais t\u00eam causado cada vez mais impactes econ\u00f3micos, ambientais e sociais [&hellip;]<\/p>\n","protected":false},"author":1,"featured_media":0,"comment_status":"closed","ping_status":"closed","sticky":false,"template":"","format":"standard","meta":{"_acf_changed":false,"site-sidebar-layout":"default","site-content-layout":"default","ast-site-content-layout":"normal-width-container","site-content-style":"boxed","site-sidebar-style":"default","ast-global-header-display":"","ast-banner-title-visibility":"","ast-main-header-display":"","ast-hfb-above-header-display":"","ast-hfb-below-header-display":"","ast-hfb-mobile-header-display":"","site-post-title":"","ast-breadcrumbs-content":"","ast-featured-img":"","footer-sml-layout":"","ast-disable-related-posts":"","theme-transparent-header-meta":"default","adv-header-id-meta":"","stick-header-meta":"","header-above-stick-meta":"","header-main-stick-meta":"","header-below-stick-meta":"","astra-migrate-meta-layouts":"set","ast-page-background-enabled":"default","ast-page-background-meta":{"desktop":{"background-color":"var(--ast-global-color-4)","background-image":"","background-repeat":"repeat","background-position":"center center","background-size":"auto","background-attachment":"scroll","background-type":"","background-media":"","overlay-type":"","overlay-color":"","overlay-opacity":"","overlay-gradient":""},"tablet":{"background-color":"","background-image":"","background-repeat":"repeat","background-position":"center center","background-size":"auto","background-attachment":"scroll","background-type":"","background-media":"","overlay-type":"","overlay-color":"","overlay-opacity":"","overlay-gradient":""},"mobile":{"background-color":"","background-image":"","background-repeat":"repeat","background-position":"center center","background-size":"auto","background-attachment":"scroll","background-type":"","background-media":"","overlay-type":"","overlay-color":"","overlay-opacity":"","overlay-gradient":""}},"ast-content-background-meta":{"desktop":{"background-color":"var(--ast-global-color-5)","background-image":"","background-repeat":"repeat","background-position":"center center","background-size":"auto","background-attachment":"scroll","background-type":"","background-media":"","overlay-type":"","overlay-color":"","overlay-opacity":"","overlay-gradient":""},"tablet":{"background-color":"var(--ast-global-color-5)","background-image":"","background-repeat":"repeat","background-position":"center center","background-size":"auto","background-attachment":"scroll","background-type":"","background-media":"","overlay-type":"","overlay-color":"","overlay-opacity":"","overlay-gradient":""},"mobile":{"background-color":"var(--ast-global-color-5)","background-image":"","background-repeat":"repeat","background-position":"center center","background-size":"auto","background-attachment":"scroll","background-type":"","background-media":"","overlay-type":"","overlay-color":"","overlay-opacity":"","overlay-gradient":""}},"footnotes":"","_links_to":"","_links_to_target":""},"categories":[78,101,97,94,9,32,52,37,7,42,77,61,109,11],"tags":[],"class_list":["post-1238","post","type-post","status-publish","format-standard","hentry","category-ddss-digital-decision-support-systems","category-101","category-97","category-ano","category-concluido","category-edmundo-marques","category-elisabete-silva","category-filipe-caldeira","category-interno","category-isabel-bras","category-linha-investigacao","category-paulo-pinho","category-sergio-lopes","category-viseu"],"acf":[],"_links":{"self":[{"href":"https:\/\/events.ipv.pt\/cised\/wp-json\/wp\/v2\/posts\/1238","targetHints":{"allow":["GET"]}}],"collection":[{"href":"https:\/\/events.ipv.pt\/cised\/wp-json\/wp\/v2\/posts"}],"about":[{"href":"https:\/\/events.ipv.pt\/cised\/wp-json\/wp\/v2\/types\/post"}],"author":[{"embeddable":true,"href":"https:\/\/events.ipv.pt\/cised\/wp-json\/wp\/v2\/users\/1"}],"replies":[{"embeddable":true,"href":"https:\/\/events.ipv.pt\/cised\/wp-json\/wp\/v2\/comments?post=1238"}],"version-history":[{"count":6,"href":"https:\/\/events.ipv.pt\/cised\/wp-json\/wp\/v2\/posts\/1238\/revisions"}],"predecessor-version":[{"id":3141,"href":"https:\/\/events.ipv.pt\/cised\/wp-json\/wp\/v2\/posts\/1238\/revisions\/3141"}],"wp:attachment":[{"href":"https:\/\/events.ipv.pt\/cised\/wp-json\/wp\/v2\/media?parent=1238"}],"wp:term":[{"taxonomy":"category","embeddable":true,"href":"https:\/\/events.ipv.pt\/cised\/wp-json\/wp\/v2\/categories?post=1238"},{"taxonomy":"post_tag","embeddable":true,"href":"https:\/\/events.ipv.pt\/cised\/wp-json\/wp\/v2\/tags?post=1238"}],"curies":[{"name":"wp","href":"https:\/\/api.w.org\/{rel}","templated":true}]}}