{"id":1062,"date":"2020-03-16T15:14:33","date_gmt":"2020-03-16T15:14:33","guid":{"rendered":"http:\/\/localhost\/cised\/?p=1062"},"modified":"2026-03-12T14:31:07","modified_gmt":"2026-03-12T14:31:07","slug":"proj-ipv-idi-005-ipv-with-health-plus-dinamicas-e-estrategias-de-inclusao-para-a-promocao-e-literacia-em-saude-no-ensino-superior","status":"publish","type":"post","link":"https:\/\/events.ipv.pt\/cised\/proj-ipv-idi-005-ipv-with-health-plus-dinamicas-e-estrategias-de-inclusao-para-a-promocao-e-literacia-em-saude-no-ensino-superior\/","title":{"rendered":"PROJ\/IPV\/ID&#038;I\/005 \u2022 iPV with Health Plus: Din\u00e2micas e estrat\u00e9gias de inclus\u00e3o para a promo\u00e7\u00e3o e literacia em sa\u00fade no ensino superior"},"content":{"rendered":"<p><strong>Investigador Respons\u00e1vel:<\/strong><br \/>\nCarlos Albuquerque<br \/>\n<strong>Dura\u00e7\u00e3o:<\/strong> 2020 \u2013 2022<\/p>\n<p><strong>Membros da equipa<br \/>do CISeD<\/strong><br \/>\nIsabel Paula Lopes Br\u00e1s<\/p>\n<p><strong>Entidades financiadoras:<\/strong><br \/>\nCGD; PV<\/p>\n<p>Este projeto transdisciplinar de investiga\u00e7\u00e3o-a\u00e7\u00e3o prev\u00ea o desenvolvimento de din\u00e2micas e estrat\u00e9gias inovadoras de promo\u00e7\u00e3o de sa\u00fade alicer\u00e7adas num paradigma salutog\u00e9nico que procura capacitar a pessoa na gest\u00e3o dos seus recursos de sa\u00fade e na melhoria da sua literacia em sa\u00fade. Parte de uma necessidade territorial identificada e discutida com os stakeholders locais (profissionais de sa\u00fade e comunidade acad\u00e9mica) face \u00e0 inexist\u00eancia de uma estrat\u00e9gia inclusiva, criativa, din\u00e2mica e concertada de promo\u00e7\u00e3o de comportamentos salutog\u00e9nicos na comunidade discente do Instituto Polit\u00e9cnico de Viseu (IPV).<\/p>\n<p>Atendendo \u00e0 experi\u00eancia da equipa de investiga\u00e7\u00e3o na conce\u00e7\u00e3o e implementa\u00e7\u00e3o de programas de promo\u00e7\u00e3o de sa\u00fade e de solu\u00e7\u00f5es tecnol\u00f3gicas aplicadas aos cuidados de sa\u00fade, esta necessidade foi assumida como uma oportunidade de trabalhar em rede e aproveitar sinergias entre diversos parceiros da \u00e1rea cl\u00ednica, do ensino e da investiga\u00e7\u00e3o.<\/p>\n<p>O objetivo principal do projeto \u201ciPV with Health Plus\u201d consiste no desenvolvimento, implementa\u00e7\u00e3o e avalia\u00e7\u00e3o de um programa integrado e institucional de promo\u00e7\u00e3o de sa\u00fade, criando recursos e estruturas organizacionais para apoiar estes processos junto da comunidade estudantil do IPV.<\/p>\n<p>Estruturado em 10 tarefas complementares, este projeto surge alinhado com as recomenda\u00e7\u00f5es e desafios plasmados no atual Plano Nacional de Sa\u00fade, assente nas mais diversas directrizes internacionais, destacando-se a aposta num sistema de vigil\u00e2ncia epidemiol\u00f3gica dos determinantes de sa\u00fade, com refor\u00e7o das estrat\u00e9gias organizacionais e da cultura institucional no dom\u00ednio da sa\u00fade. Assim sendo, suportados por um s\u00f3lido trabalho em rede entre institui\u00e7\u00f5es de ensino superior e cuidados de sa\u00fade prim\u00e1rios, o projeto \u201ciPV Health+\u201d ir\u00e1 proceder \u00e0 monitoriza\u00e7\u00e3o dos determinantes em sa\u00fade dos estudantes do IPV, \u00e0 avalia\u00e7\u00e3o das suas necessidades em sa\u00fade, \u00e0 cria\u00e7\u00e3o do um Observat\u00f3rio do Estado de Sa\u00fade dos Estudantes do IPV e \u00e0 cria\u00e7\u00e3o do Grupo de Promo\u00e7\u00e3o da Sa\u00fade, promovendo uma atua\u00e7\u00e3o integrada, multidisciplinar e multidimensional no dom\u00ednio da promo\u00e7\u00e3o da sa\u00fade junto da comunidade estudantil do IPV. Para este desiderato, a equipa de investiga\u00e7\u00e3o ir\u00e1 tamb\u00e9m desenvolver e avaliar um programa de interven\u00e7\u00e3o inovador e inclusivo que, com recurso a tecnologias interativas (app), promova, de forma estruturada, a literacia em sa\u00fade e os comportamentos saud\u00e1veis.<\/p>\n<p>As expectativas de impacto deste projeto superam claramente as quest\u00f5es relacionadas com a produ\u00e7\u00e3o cient\u00edfica e dissemina\u00e7\u00e3o do conhecimento. Pretende-se contribuir de forma sustentada, inclusiva e duradoura para a conce\u00e7\u00e3o e implementa\u00e7\u00e3o de respostas organizacionais centradas na promo\u00e7\u00e3o de comportamentos salutog\u00e9nicos, criando interfaces tecnol\u00f3gicos e estruturas que permitam agilizar os processos de monitoriza\u00e7\u00e3o, interven\u00e7\u00e3o e acompanhamento dos estudantes do IPV no \u00e2mbito das suas necessidades de sa\u00fade, projetando a institui\u00e7\u00e3o, desta forma, para um patamar de refer\u00eancia nacional.<\/p>\n","protected":false},"excerpt":{"rendered":"<p>Investigador Respons\u00e1vel: Carlos Albuquerque Dura\u00e7\u00e3o: 2020 \u2013 2022 Membros da equipado CISeD Isabel Paula Lopes Br\u00e1s Entidades financiadoras: CGD; PV Este projeto transdisciplinar de investiga\u00e7\u00e3o-a\u00e7\u00e3o prev\u00ea o desenvolvimento de din\u00e2micas e estrat\u00e9gias inovadoras de promo\u00e7\u00e3o de sa\u00fade alicer\u00e7adas num paradigma salutog\u00e9nico que procura capacitar a pessoa na gest\u00e3o dos seus recursos de sa\u00fade e na [&hellip;]<\/p>\n","protected":false},"author":1,"featured_media":0,"comment_status":"closed","ping_status":"closed","sticky":false,"template":"","format":"standard","meta":{"_acf_changed":false,"site-sidebar-layout":"default","site-content-layout":"default","ast-site-content-layout":"normal-width-container","site-content-style":"boxed","site-sidebar-style":"default","ast-global-header-display":"","ast-banner-title-visibility":"","ast-main-header-display":"","ast-hfb-above-header-display":"","ast-hfb-below-header-display":"","ast-hfb-mobile-header-display":"","site-post-title":"","ast-breadcrumbs-content":"","ast-featured-img":"","footer-sml-layout":"","ast-disable-related-posts":"","theme-transparent-header-meta":"default","adv-header-id-meta":"","stick-header-meta":"","header-above-stick-meta":"","header-main-stick-meta":"","header-below-stick-meta":"","astra-migrate-meta-layouts":"set","ast-page-background-enabled":"default","ast-page-background-meta":{"desktop":{"background-color":"var(--ast-global-color-4)","background-image":"","background-repeat":"repeat","background-position":"center center","background-size":"auto","background-attachment":"scroll","background-type":"","background-media":"","overlay-type":"","overlay-color":"","overlay-opacity":"","overlay-gradient":""},"tablet":{"background-color":"","background-image":"","background-repeat":"repeat","background-position":"center center","background-size":"auto","background-attachment":"scroll","background-type":"","background-media":"","overlay-type":"","overlay-color":"","overlay-opacity":"","overlay-gradient":""},"mobile":{"background-color":"","background-image":"","background-repeat":"repeat","background-position":"center center","background-size":"auto","background-attachment":"scroll","background-type":"","background-media":"","overlay-type":"","overlay-color":"","overlay-opacity":"","overlay-gradient":""}},"ast-content-background-meta":{"desktop":{"background-color":"var(--ast-global-color-5)","background-image":"","background-repeat":"repeat","background-position":"center center","background-size":"auto","background-attachment":"scroll","background-type":"","background-media":"","overlay-type":"","overlay-color":"","overlay-opacity":"","overlay-gradient":""},"tablet":{"background-color":"var(--ast-global-color-5)","background-image":"","background-repeat":"repeat","background-position":"center center","background-size":"auto","background-attachment":"scroll","background-type":"","background-media":"","overlay-type":"","overlay-color":"","overlay-opacity":"","overlay-gradient":""},"mobile":{"background-color":"var(--ast-global-color-5)","background-image":"","background-repeat":"repeat","background-position":"center center","background-size":"auto","background-attachment":"scroll","background-type":"","background-media":"","overlay-type":"","overlay-color":"","overlay-opacity":"","overlay-gradient":""}},"footnotes":"","_links_to":"","_links_to_target":""},"categories":[78,86,9,7,85,11],"tags":[201,128],"class_list":["post-1062","post","type-post","status-publish","format-standard","hentry","category-ddss-digital-decision-support-systems","category-competitivo","category-concluido","category-interno","category-nacional","category-viseu","tag-2020-2022","tag-isabel-bras"],"acf":[],"_links":{"self":[{"href":"https:\/\/events.ipv.pt\/cised\/wp-json\/wp\/v2\/posts\/1062","targetHints":{"allow":["GET"]}}],"collection":[{"href":"https:\/\/events.ipv.pt\/cised\/wp-json\/wp\/v2\/posts"}],"about":[{"href":"https:\/\/events.ipv.pt\/cised\/wp-json\/wp\/v2\/types\/post"}],"author":[{"embeddable":true,"href":"https:\/\/events.ipv.pt\/cised\/wp-json\/wp\/v2\/users\/1"}],"replies":[{"embeddable":true,"href":"https:\/\/events.ipv.pt\/cised\/wp-json\/wp\/v2\/comments?post=1062"}],"version-history":[{"count":6,"href":"https:\/\/events.ipv.pt\/cised\/wp-json\/wp\/v2\/posts\/1062\/revisions"}],"predecessor-version":[{"id":4781,"href":"https:\/\/events.ipv.pt\/cised\/wp-json\/wp\/v2\/posts\/1062\/revisions\/4781"}],"wp:attachment":[{"href":"https:\/\/events.ipv.pt\/cised\/wp-json\/wp\/v2\/media?parent=1062"}],"wp:term":[{"taxonomy":"category","embeddable":true,"href":"https:\/\/events.ipv.pt\/cised\/wp-json\/wp\/v2\/categories?post=1062"},{"taxonomy":"post_tag","embeddable":true,"href":"https:\/\/events.ipv.pt\/cised\/wp-json\/wp\/v2\/tags?post=1062"}],"curies":[{"name":"wp","href":"https:\/\/api.w.org\/{rel}","templated":true}]}}