{"id":1309,"date":"2023-03-16T10:26:44","date_gmt":"2023-03-16T10:26:44","guid":{"rendered":"http:\/\/localhost\/cised\/?p=1309"},"modified":"2024-02-19T14:34:04","modified_gmt":"2024-02-19T14:34:04","slug":"the-3rd-workshoptowards-zero-pollution","status":"publish","type":"post","link":"https:\/\/events.ipv.pt\/cised\/en\/the-3rd-workshoptowards-zero-pollution\/","title":{"rendered":"The 3rd Workshop<br \/>Towards Zero Pollution"},"content":{"rendered":"<p><strong>June 5, 2023<\/strong><\/p>\n<h1 style=\"font-size: 5.0em;\"><strong>ZERO POLLUTION<\/strong><\/h1>\n<h1 style=\"color: #fff;\"><span style=\"background-color: #2b2e34;\">SUSTAINABLE TERRITORY<\/span><\/h1>\n<h2 style=\"font-weight: 600;\">#EU<span style=\"color: #01b602; background-color: #2b2e34;\">GREEN<\/span><span style=\"color: #fff; background-color: #2b2e34;\">WEEK<\/span><\/h2>\n<h3 style=\"font-weight: 900; color: #083c3c;\"><span style=\"background-color: #083c3c; color: #fff; padding-left: 5px; padding-right: 5px;\">June 5th and 6th, 2023<\/span> Auditorium of ESTGV<\/h3>\n<p><i class=\"material-icons\" style=\"font-size: 0.9em;\">trending_flat<\/i> <strong><a href=\"https:\/\/dep.estgv.ipv.pt\/departamentos\/amb\/gw23\/\" rel=\"noopener\" target=\"_blank\">PROGRAM<\/a><\/strong><br \/>\n<i class=\"material-icons\" style=\"font-size: 0.9em;\">trending_flat<\/i> <strong><a href=\"http:\/\/events.ipv.pt\/cernas\/wp-content\/uploads\/2022\/03\/abstract_templateV2.docx\" rel=\"noopener\" target=\"_blank\">template ABSTRACT<\/a><\/strong><br \/>\n<strong>call for abstracts:<\/strong> until April 25th, 2023<br \/>\n<strong>acceptance communication:<\/strong> May 12th, 2023<br \/>\n<strong>delivery of the review by the authors:<\/strong> May 26th, 2023<br \/>\n<strong>registration:<\/strong> until May 26th, 2023<br \/>\n<strong>presentation:<\/strong> June 5th, 2023<br \/>\n<strong>submit abstract to:<\/strong> <a href=\"mailto:amb@estgv.ipv.pt\" rel=\"noopener\" target=\"_blank\">amb@estgv.ipv.pt<\/a><\/p>\n<p>The European Union&#8217;s Green Week has been a period of debate over the years related to European environmental policies. These discussions aim to bring together policymakers, academic community, local authorities, businesses, and all citizens, to raise awareness and contribute to the public debate around skills for sustainable, resilient, and socially just communities. In Green Week IPV 2023, particular attention will be paid to the proper management of forest wastes and territorial valorisation through sustainable tourism, based on the principles of the Green Deal, which aim at resource efficiency and climate neutrality by 2050.<\/p>\n<p>The 3rd Workshop \u2013 Towards Zero Pollution, an international event at IPV, is part of the activities of Green Week IPV 2023, which will take place on June 5, 2023, in the auditorium of ESTGV (Superior School of Technology and Management of the Polytechnic University of Viseu). Registration is open for oral or e-poster presentation until <strong>April 10th 2023<\/strong>. All accepted abstracts will be published in the Abstract book, which will be available on the event website.<\/p>\n<h3>Scientific Committee<\/h3>\n<p>Ana Cristina Cunha Queda . Instituto Superior de Agronomia, Universidade de Lisboa, Portugal<br \/>\nAna Sofia Duque . Escola Superior de Tecnologia e Gest\u00e3o de Viseu, Polit\u00e9cnico de Viseu, Portugal<br \/>\nArminda Alves . Faculdade de Engenharia, Universidade do Porto, Portugal<br \/>\nArtur Figueirinha . Faculdade de Farm\u00e1cia, Universidade de Coimbra, Portugal<br \/>\nBruno Esteves . Escola Superior de Tecnologia e Gest\u00e3o de Viseu, Polit\u00e9cnico de Viseu, Portugal<br \/>\nCarsten Heegaard Petersen . QC at Solural Pharma ApS, Copenhagen, Denmark<br \/>\nDaniel Fumo . Universidade Eduardo Mondlane, Maputo, Mo\u00e7ambique<br \/>\nEvangelos Moustakas . Middlesex University Dubai, Emirados \u00c1rabes Unidos<br \/>\nDmitry V. Evtuguin . Departamento de Qu\u00edmica, Universidade de Aveiro, Portugal<br \/>\nGeorgios Dialynas . Chemical Enginner in Dialynas S.A., Heraklion Crete, Greece<br \/>\nIdalina Domingos . Escola Superior de Tecnologia e Gest\u00e3o de Viseu, Polit\u00e9cnico de Viseu, Portugal<br \/>\nIsabel Br\u00e1s . Escola Superior de Tecnologia e Gest\u00e3o de Viseu, Polit\u00e9cnico de Viseu, Portugal<br \/>\nIvo Rodrigues . Escola Superior Agr\u00e1ria de Coimbra, Polit\u00e9cnico de Coimbra, Portugal<br \/>\nJos\u00e9 Vicente . Escola Superior de Tecnologia e Gest\u00e3o de Viseu, Polit\u00e9cnico de Viseu, Portugal<br \/>\nKonstantinos Moustakas . Hellenic Solid Waste Management Association, Greece<br \/>\nL\u00facia Santos . Faculdade de Engenharia, Universidade do Porto, Portugal<br \/>\nLu\u00eds Sim\u00f5es . Escola Superior de Tecnologia e Gest\u00e3o de Viseu, Polit\u00e9cnico de Viseu, Portugal<br \/>\nLu\u00eds Teixeira de Lemos . Escola Superior de Tecnologia e Gest\u00e3o de Viseu, Polit\u00e9cnico de Viseu, Portugal<br \/>\nLu\u00edsa Cruz-Lopes . Escola Superior de Tecnologia e Gest\u00e3o de Viseu, Polit\u00e9cnico de Viseu, Portugal<br \/>\nManuela Correia . Instituto Superior de Engenharia do Porto, Polit\u00e9cnico do Porto, Portugal<br \/>\nMaria Elisabete Silva . Escola Superior de Tecnologia e Gest\u00e3o de Viseu, Polit\u00e9cnico de Viseu, Portugal<br \/>\nMarta Henriques . Escola Superior Agr\u00e1ria de Coimbra, Polit\u00e9cnico de Coimbra, Portugal<br \/>\nMassimiliano Fabbricino . Universita&#8217; degli Studi di Napoli Federico II, It\u00e1lia<br \/>\nMiguel Almeida . Associa\u00e7\u00e3o para o Desenvolvimento da Aerodin\u00e2mica Industrial, Universidade de Coimbra, Portugal<br \/>\nNuno Ratola . Faculdade de Engenharia, Universidade do Porto, Portugal<br \/>\nOf\u00e9lia Anjos . Escola Superior Agr\u00e1ria, Instituto Polit\u00e9cnico de Castelo Branco, Portugal<br \/>\nOlga Nunes . Faculdade de Engenharia, Universidade do Porto, Portugal<br \/>\nPaulo Pinho . Escola Superior de Tecnologia e Gest\u00e3o de Viseu, Polit\u00e9cnico de Viseu, Portugal<br \/>\nPedro Baila . Escola Superior de Tecnologia e Gest\u00e3o, Polit\u00e9cnico de Viseu, Portugal<br \/>\nRaquel Guin\u00e9 . Escola Superior Agr\u00e1ria de Viseu, Polit\u00e9cnico de Viseu, Portugal<br \/>\nRobinson Cruz . Universidade de Caxias do Sul, Brasil<br \/>\nRomeu Videira . Faculdade de Farm\u00e1cia, Universidade do Porto, Portugal<br \/>\nRosa Mosteo Abad . Departamento de Ingenier\u00eda Qu\u00edmica y Tecnolog\u00edas del Medio Ambiente, Universidade de Zaragoza, Espanha<br \/>\nRosa Pil\u00e3o . Instituto Superior de Engenharia, Polit\u00e9cnico do Porto, Portugal<br \/>\nS\u00e9rgio Lopes . Escola Superior de Tecnologia e Gest\u00e3o de Viseu, Polit\u00e9cnico de Viseu, Portugal<br \/>\nShivam Bhartiya . Central University of Karnataka, Kalaburagi, Karnataka, India<br \/>\nSimone Morais . Instituto Superior de Engenharia do Porto, Polit\u00e9cnico do Porto, Portugal<br \/>\n\u00dcmit Ayata . Faculty of Arts and Design, Department of Interior Architecture and Environmental Design, Bayburt, Turkey<br \/>\nVera Homem . Faculdade de Engenharia, Universidade do Porto, Portugal<\/p>\n<p><img loading=\"lazy\" decoding=\"async\" src=\"http:\/\/localhost\/cised\/wp-content\/uploads\/2022\/03\/rodape.jpg\" alt=\"\" width=\"1588\" height=\"150\" class=\"aligncenter size-full wp-image-1186\" srcset=\"https:\/\/events.ipv.pt\/cised\/wp-content\/uploads\/2022\/03\/rodape.jpg 1588w, https:\/\/events.ipv.pt\/cised\/wp-content\/uploads\/2022\/03\/rodape-300x28.jpg 300w, https:\/\/events.ipv.pt\/cised\/wp-content\/uploads\/2022\/03\/rodape-1024x97.jpg 1024w, https:\/\/events.ipv.pt\/cised\/wp-content\/uploads\/2022\/03\/rodape-768x73.jpg 768w, https:\/\/events.ipv.pt\/cised\/wp-content\/uploads\/2022\/03\/rodape-1536x145.jpg 1536w, https:\/\/events.ipv.pt\/cised\/wp-content\/uploads\/2022\/03\/rodape-18x2.jpg 18w\" sizes=\"auto, (max-width: 1588px) 100vw, 1588px\" \/><\/p>\n<p><!--\n\n\n<div class=\"imGreen3\">\n\n\n<div class=\" bannGreen contCol_rb\">\n\n\n<h1 style=\"font-size: 5.0em;\"><strong>ZERO POLLUTION<\/strong><\/h1>\n\n\n\n\n<h1 style=\"color: #fff;\"><span style=\"background-color: #2b2e34;\">SUSTAINABLE TERRITORY<\/span><\/h1>\n\n\n\n\n<h2 style=\"font-weight: 600;\">#EU<span style=\"color: #01b602; background-color: #2b2e34;\">GREEN<\/span><span style=\"color: #fff; background-color: #2b2e34;\">WEEK<\/span><\/h2>\n\n\n\n\n<h3 style=\"font-weight: 900; color: #083c3c;\"><span style=\"background-color: #083c3c; color: #fff; padding-left: 5px; padding-right: 5px;\">June 5th and 6th, 2023<\/span> Auditorium of ESTGV<\/h3>\n\n\n<\/div>\n\n\n\n\n\n\n<div style=\"background-color: #fff;\">\n\n\n<div class=\"containerRowStart\">\n\n\n<div class=\"column30p\" style=\"padding-top: 80px; padding-bottom : 80px;\">\n\n\n<p><i class=\"material-icons\" style=\"font-size: 0.9em;\">trending_flat<\/i> <strong><a href=\"https:\/\/dep.estgv.ipv.pt\/departamentos\/amb\/gw23\/\" rel=\"noopener\" target=\"_blank\">PROGRAM<\/a><\/strong>\n<i class=\"material-icons\" style=\"font-size: 0.9em;\">trending_flat<\/i> <strong><a href=\"http:\/\/events.ipv.pt\/cernas\/wp-content\/uploads\/2022\/03\/abstract_templateV2.docx\" rel=\"noopener\" target=\"_blank\">template ABSTRACT<\/a><\/strong>\n<strong>call for abstracts:<\/strong> until April 25th, 2023\n<strong>acceptance communication:<\/strong> May 12th, 2023\n<strong>delivery of the review by the authors:<\/strong> May 26th, 2023\n<strong>registration:<\/strong> until May 26th, 2023\n<strong>presentation:<\/strong> June 5th, 2023\n<strong>submit abstract to:<\/strong> <a href=\"mailto:amb@estgv.ipv.pt\" rel=\"noopener\" target=\"_blank\">amb@estgv.ipv.pt<\/a><\/p>\n\n\n\n<\/div>\n\n\n\n\n<div class=\"column70p\" style=\"padding: 80px 20px 80px 20px; border-left: 1px solid #3a3a3a;\">\nThe European Union's Green Week has been a period of debate over the years related to European environmental policies. These discussions aim to bring together policymakers, academic community, local authorities, businesses, and all citizens, to raise awareness and contribute to the public debate around skills for sustainable, resilient, and socially just communities. In Green Week IPV 2023, particular attention will be paid to the proper management of forest wastes and territorial valorisation through sustainable tourism, based on the principles of the Green Deal, which aim at resource efficiency and climate neutrality by 2050.\n\n\n\n<p>The 3rd Workshop \u2013 Towards Zero Pollution, an international event at IPV, is part of the activities of Green Week IPV 2023, which will take place on June 5, 2023, in the auditorium of ESTGV (Superior School of Technology and Management of the Polytechnic University of Viseu). Registration is open for oral or e-poster presentation until <strong>April 10th 2023<\/strong>. All accepted abstracts will be published in the Abstract book, which will be available on the event website.<\/p>\n\n\n<\/p>\n\n\n<\/div>\n\n\n<\/div>\n\n\n<\/div>\n\n\n\n\n\n\n<div style=\"background-color: rgba(9,60,61, 0.85);\">\n\n\n<div class=\"containerRowStart\" style=\"background-color: rgba(255,255,255, 0.99);\">\n\n\n<div class=\"column30\" style=\"padding: 50px 10px 50px 10px;\">\n\n\n<h3>Organizing Committee<\/h3>\n\n\nAna Sofia Duque\nIsabel Br\u00e1s\nLu\u00edsa Cruz-Lopes\nMaria Elisabete Silva\nNuno Miguel Rodrigues\nS\u00e9rgio Lopes\n\n<\/div>\n\n\n\n\n<div class=\"column70\" style=\"padding: 50px 10px 50px 10px; border-left: 1px solid #2c2f36;\">\n\n\n<h3>Scientific Committee<\/h3>\n\n\nAna Cristina Cunha Queda . Instituto Superior de Agronomia, Universidade de Lisboa, Portugal\nAna Sofia Duque . Escola Superior de Tecnologia e Gest\u00e3o de Viseu, Polit\u00e9cnico de Viseu, Portugal\nArminda Alves . Faculdade de Engenharia, Universidade do Porto, Portugal\nArtur Figueirinha . Faculdade de Farm\u00e1cia, Universidade de Coimbra, Portugal\nBruno Esteves . Escola Superior de Tecnologia e Gest\u00e3o de Viseu, Polit\u00e9cnico de Viseu, Portugal\nCarsten Heegaard Petersen . QC at Solural Pharma ApS, Copenhagen, Denmark\nDaniel Fumo . Universidade Eduardo Mondlane, Maputo, Mo\u00e7ambique\nEvangelos Moustakas . Middlesex University Dubai, Emirados \u00c1rabes Unidos\nDmitry V. Evtuguin . Departamento de Qu\u00edmica, Universidade de Aveiro, Portugal\nGeorgios Dialynas . Chemical Enginner in Dialynas S.A., Heraklion Crete, Greece\nIdalina Domingos . Escola Superior de Tecnologia e Gest\u00e3o de Viseu, Polit\u00e9cnico de Viseu, Portugal\nIsabel Br\u00e1s . Escola Superior de Tecnologia e Gest\u00e3o de Viseu, Polit\u00e9cnico de Viseu, Portugal\nIvo Rodrigues . Escola Superior Agr\u00e1ria de Coimbra, Polit\u00e9cnico de Coimbra, Portugal\nJos\u00e9 Vicente . Escola Superior de Tecnologia e Gest\u00e3o de Viseu, Polit\u00e9cnico de Viseu, Portugal\nKonstantinos Moustakas . Hellenic Solid Waste Management Association, Greece\nL\u00facia Santos . Faculdade de Engenharia, Universidade do Porto, Portugal\nLu\u00eds Sim\u00f5es . Escola Superior de Tecnologia e Gest\u00e3o de Viseu, Polit\u00e9cnico de Viseu, Portugal\nLu\u00eds Teixeira de Lemos . Escola Superior de Tecnologia e Gest\u00e3o de Viseu, Polit\u00e9cnico de Viseu, Portugal\nLu\u00edsa Cruz-Lopes . Escola Superior de Tecnologia e Gest\u00e3o de Viseu, Polit\u00e9cnico de Viseu, Portugal\nManuela Correia . Instituto Superior de Engenharia do Porto, Polit\u00e9cnico do Porto, Portugal\nMaria Elisabete Silva . Escola Superior de Tecnologia e Gest\u00e3o de Viseu, Polit\u00e9cnico de Viseu, Portugal\nMarta Henriques . Escola Superior Agr\u00e1ria de Coimbra, Polit\u00e9cnico de Coimbra, Portugal\nMassimiliano Fabbricino . Universita' degli Studi di Napoli Federico II, It\u00e1lia\nMiguel Almeida . Associa\u00e7\u00e3o para o Desenvolvimento da Aerodin\u00e2mica Industrial, Universidade de Coimbra, Portugal\nNuno Ratola . Faculdade de Engenharia, Universidade do Porto, Portugal\nOf\u00e9lia Anjos . Escola Superior Agr\u00e1ria, Instituto Polit\u00e9cnico de Castelo Branco, Portugal\nOlga Nunes . Faculdade de Engenharia, Universidade do Porto, Portugal\nPaulo Pinho . Escola Superior de Tecnologia e Gest\u00e3o de Viseu, Polit\u00e9cnico de Viseu, Portugal\nPedro Baila . Escola Superior de Tecnologia e Gest\u00e3o, Polit\u00e9cnico de Viseu, Portugal\nRaquel Guin\u00e9 . Escola Superior Agr\u00e1ria de Viseu, Polit\u00e9cnico de Viseu, Portugal\nRobinson Cruz . Universidade de Caxias do Sul, Brasil\nRomeu Videira . Faculdade de Farm\u00e1cia, Universidade do Porto, Portugal\nRosa Mosteo Abad . Departamento de Ingenier\u00eda Qu\u00edmica y Tecnolog\u00edas del Medio Ambiente, Universidade de Zaragoza, Espanha\nRosa Pil\u00e3o . Instituto Superior de Engenharia, Polit\u00e9cnico do Porto, Portugal\nS\u00e9rgio Lopes . Escola Superior de Tecnologia e Gest\u00e3o de Viseu, Polit\u00e9cnico de Viseu, Portugal\nShivam Bhartiya . Central University of Karnataka, Kalaburagi, Karnataka, India\nSimone Morais . Instituto Superior de Engenharia do Porto, Polit\u00e9cnico do Porto, Portugal\n\u00dcmit Ayata . Faculty of Arts and Design, Department of Interior Architecture and Environmental Design, Bayburt, Turkey\nVera Homem . Faculdade de Engenharia, Universidade do Porto, Portugal\n<\/div>\n\n\n<\/div>\n\n\n<\/div>\n\n\n\n\n\n\n<\/div>\n\n\n\n\n<div style=\"background-color: #fff;\">\n<img loading=\"lazy\" decoding=\"async\" src=\"http:\/\/localhost\/cised\/wp-content\/uploads\/2022\/03\/rodape.jpg\" alt=\"\" width=\"1588\" height=\"150\" class=\"aligncenter size-full wp-image-1186\" srcset=\"https:\/\/events.ipv.pt\/cised\/wp-content\/uploads\/2022\/03\/rodape.jpg 1588w, https:\/\/events.ipv.pt\/cised\/wp-content\/uploads\/2022\/03\/rodape-300x28.jpg 300w, https:\/\/events.ipv.pt\/cised\/wp-content\/uploads\/2022\/03\/rodape-1024x97.jpg 1024w, https:\/\/events.ipv.pt\/cised\/wp-content\/uploads\/2022\/03\/rodape-768x73.jpg 768w, https:\/\/events.ipv.pt\/cised\/wp-content\/uploads\/2022\/03\/rodape-1536x145.jpg 1536w, https:\/\/events.ipv.pt\/cised\/wp-content\/uploads\/2022\/03\/rodape-18x2.jpg 18w\" sizes=\"auto, (max-width: 1588px) 100vw, 1588px\" \/>\n<\/div>\n\n\n\n\n--><\/p>","protected":false},"excerpt":{"rendered":"<p>June 5, 2023 ZERO POLLUTION SUSTAINABLE TERRITORY #EUGREENWEEK June 5th and 6th, 2023 Auditorium of ESTGV trending_flat PROGRAM trending_flat template ABSTRACT call for abstracts: until April 25th, 2023 acceptance communication: May 12th, 2023 delivery of the review by the authors: May 26th, 2023 registration: until May 26th, 2023 presentation: June 5th, 2023 submit abstract to: [&hellip;]<\/p>\n","protected":false},"author":1,"featured_media":1485,"comment_status":"closed","ping_status":"closed","sticky":false,"template":"","format":"standard","meta":{"_acf_changed":false,"site-sidebar-layout":"default","site-content-layout":"default","ast-site-content-layout":"normal-width-container","site-content-style":"boxed","site-sidebar-style":"default","ast-global-header-display":"","ast-banner-title-visibility":"","ast-main-header-display":"","ast-hfb-above-header-display":"","ast-hfb-below-header-display":"","ast-hfb-mobile-header-display":"","site-post-title":"","ast-breadcrumbs-content":"","ast-featured-img":"","footer-sml-layout":"","ast-disable-related-posts":"","theme-transparent-header-meta":"default","adv-header-id-meta":"","stick-header-meta":"","header-above-stick-meta":"","header-main-stick-meta":"","header-below-stick-meta":"","astra-migrate-meta-layouts":"set","ast-page-background-enabled":"default","ast-page-background-meta":{"desktop":{"background-color":"var(--ast-global-color-4)","background-image":"","background-repeat":"repeat","background-position":"center center","background-size":"auto","background-attachment":"scroll","background-type":"","background-media":"","overlay-type":"","overlay-color":"","overlay-opacity":"","overlay-gradient":""},"tablet":{"background-color":"","background-image":"","background-repeat":"repeat","background-position":"center center","background-size":"auto","background-attachment":"scroll","background-type":"","background-media":"","overlay-type":"","overlay-color":"","overlay-opacity":"","overlay-gradient":""},"mobile":{"background-color":"","background-image":"","background-repeat":"repeat","background-position":"center center","background-size":"auto","background-attachment":"scroll","background-type":"","background-media":"","overlay-type":"","overlay-color":"","overlay-opacity":"","overlay-gradient":""}},"ast-content-background-meta":{"desktop":{"background-color":"var(--ast-global-color-5)","background-image":"","background-repeat":"repeat","background-position":"center center","background-size":"auto","background-attachment":"scroll","background-type":"","background-media":"","overlay-type":"","overlay-color":"","overlay-opacity":"","overlay-gradient":""},"tablet":{"background-color":"var(--ast-global-color-5)","background-image":"","background-repeat":"repeat","background-position":"center center","background-size":"auto","background-attachment":"scroll","background-type":"","background-media":"","overlay-type":"","overlay-color":"","overlay-opacity":"","overlay-gradient":""},"mobile":{"background-color":"var(--ast-global-color-5)","background-image":"","background-repeat":"repeat","background-position":"center center","background-size":"auto","background-attachment":"scroll","background-type":"","background-media":"","overlay-type":"","overlay-color":"","overlay-opacity":"","overlay-gradient":""}},"footnotes":"","_links_to":"","_links_to_target":""},"categories":[2],"tags":[],"class_list":["post-1309","post","type-post","status-publish","format-standard","has-post-thumbnail","hentry","category-eventos"],"acf":[],"_links":{"self":[{"href":"https:\/\/events.ipv.pt\/cised\/en\/wp-json\/wp\/v2\/posts\/1309","targetHints":{"allow":["GET"]}}],"collection":[{"href":"https:\/\/events.ipv.pt\/cised\/en\/wp-json\/wp\/v2\/posts"}],"about":[{"href":"https:\/\/events.ipv.pt\/cised\/en\/wp-json\/wp\/v2\/types\/post"}],"author":[{"embeddable":true,"href":"https:\/\/events.ipv.pt\/cised\/en\/wp-json\/wp\/v2\/users\/1"}],"replies":[{"embeddable":true,"href":"https:\/\/events.ipv.pt\/cised\/en\/wp-json\/wp\/v2\/comments?post=1309"}],"version-history":[{"count":11,"href":"https:\/\/events.ipv.pt\/cised\/en\/wp-json\/wp\/v2\/posts\/1309\/revisions"}],"predecessor-version":[{"id":1486,"href":"https:\/\/events.ipv.pt\/cised\/en\/wp-json\/wp\/v2\/posts\/1309\/revisions\/1486"}],"wp:featuredmedia":[{"embeddable":true,"href":"https:\/\/events.ipv.pt\/cised\/en\/wp-json\/wp\/v2\/media\/1485"}],"wp:attachment":[{"href":"https:\/\/events.ipv.pt\/cised\/en\/wp-json\/wp\/v2\/media?parent=1309"}],"wp:term":[{"taxonomy":"category","embeddable":true,"href":"https:\/\/events.ipv.pt\/cised\/en\/wp-json\/wp\/v2\/categories?post=1309"},{"taxonomy":"post_tag","embeddable":true,"href":"https:\/\/events.ipv.pt\/cised\/en\/wp-json\/wp\/v2\/tags?post=1309"}],"curies":[{"name":"wp","href":"https:\/\/api.w.org\/{rel}","templated":true}]}}