{"id":756,"count":22,"description":"N\u00eddia Salom\u00e9 Nina de Morais\r\ncoordenadora linha de investiga\u00e7\u00e3o[TICME] TIC e Multim\u00e9dia na Educa\u00e7\u00e3o\r\nINSTITUTO POLIT\u00c9CNICO DE VISEU, Escola Superior de Educa\u00e7\u00e3o\r\n\r\n<a href=\"https:\/\/orcid.org\/0000-0001-5680-4778\" target=\"_blank\">ORCID \u2022 0000-0001-5680-4778<\/a>\r\n<a href=\"https:\/\/cienciavitae.pt\/6210-28D3-3D78\" target=\"_blank\">CI\u00caNCIAVITAE \u2022 6210-28D3-3D78<\/a>","link":"https:\/\/events.ipv.pt\/cidei\/tag\/salome-morais\/","name":"Salom\u00e9 Morais","slug":"salome-morais","taxonomy":"post_tag","meta":[],"_links":{"self":[{"href":"https:\/\/events.ipv.pt\/cidei\/wp-json\/wp\/v2\/tags\/756","targetHints":{"allow":["GET"]}}],"collection":[{"href":"https:\/\/events.ipv.pt\/cidei\/wp-json\/wp\/v2\/tags"}],"about":[{"href":"https:\/\/events.ipv.pt\/cidei\/wp-json\/wp\/v2\/taxonomies\/post_tag"}],"wp:post_type":[{"href":"https:\/\/events.ipv.pt\/cidei\/wp-json\/wp\/v2\/posts?tags=756"}],"curies":[{"name":"wp","href":"https:\/\/api.w.org\/{rel}","templated":true}]}}