{"id":54,"count":80,"description":"Antonino Manuel de Almeida Pereira\r\n[coordenador CI&amp;DEI]\r\nINSTITUTO POLIT\u00c9CNICO DE VISEU, Escola Superior de Educa\u00e7\u00e3o\r\n\r\n<a href=\"https:\/\/orcid.org\/0000-0002-3088-8413\" target=\"_blank\">ORCID \u2022 0000-0002-3088-8413<\/a>\r\n<a href=\"https:\/\/cienciavitae.pt\/3F1A-82A9-79DA\" target=\"_blank\">CI\u00caNCIAVITAE \u2022 3F1A-82A9-79DA<\/a>","link":"https:\/\/events.ipv.pt\/cidei\/tag\/antonino-pereira\/","name":"Antonino Pereira","slug":"antonino-pereira","taxonomy":"post_tag","meta":[],"_links":{"self":[{"href":"https:\/\/events.ipv.pt\/cidei\/wp-json\/wp\/v2\/tags\/54","targetHints":{"allow":["GET"]}}],"collection":[{"href":"https:\/\/events.ipv.pt\/cidei\/wp-json\/wp\/v2\/tags"}],"about":[{"href":"https:\/\/events.ipv.pt\/cidei\/wp-json\/wp\/v2\/taxonomies\/post_tag"}],"wp:post_type":[{"href":"https:\/\/events.ipv.pt\/cidei\/wp-json\/wp\/v2\/posts?tags=54"}],"curies":[{"name":"wp","href":"https:\/\/api.w.org\/{rel}","templated":true}]}}