{"id":271,"count":19,"description":"Carlos Eduardo Gon\u00e7alves da Costa Vasconcelos\r\nINSTITUTO POLIT\u00c9CNICO DE VISEU, Escola Superior de Educa\u00e7\u00e3o\r\n\r\n<a href=\"https:\/\/orcid.org\/0000-0002-3418-7518\" target=\"_blank\">ORCID \u2022 0000-0002-3418-7518<\/a>\r\n<a href=\"https:\/\/cienciavitae.pt\/3012-5499-0E63\" target=\"_blank\">CI\u00caNCIAVITAE \u2022 3012-5499-0E63<\/a>","link":"https:\/\/events.ipv.pt\/cidei\/tag\/carlos-vasconcelos\/","name":"Carlos Vasconcelos","slug":"carlos-vasconcelos","taxonomy":"post_tag","meta":[],"_links":{"self":[{"href":"https:\/\/events.ipv.pt\/cidei\/wp-json\/wp\/v2\/tags\/271","targetHints":{"allow":["GET"]}}],"collection":[{"href":"https:\/\/events.ipv.pt\/cidei\/wp-json\/wp\/v2\/tags"}],"about":[{"href":"https:\/\/events.ipv.pt\/cidei\/wp-json\/wp\/v2\/taxonomies\/post_tag"}],"wp:post_type":[{"href":"https:\/\/events.ipv.pt\/cidei\/wp-json\/wp\/v2\/posts?tags=271"}],"curies":[{"name":"wp","href":"https:\/\/api.w.org\/{rel}","templated":true}]}}