{"id":9426,"date":"2023-02-04T09:44:58","date_gmt":"2023-02-04T09:44:58","guid":{"rendered":"http:\/\/localhost\/cidei\/?p=9426"},"modified":"2026-02-24T16:16:25","modified_gmt":"2026-02-24T16:16:25","slug":"atuas-estudo-sobre-a-transferencia-de-modelos-de-participacao-desafio-envolvimento-e-comunicacao-dos-adultos-para-criancas-em-idade-pre-escolar","status":"publish","type":"post","link":"https:\/\/events.ipv.pt\/cidei\/atuas-estudo-sobre-a-transferencia-de-modelos-de-participacao-desafio-envolvimento-e-comunicacao-dos-adultos-para-criancas-em-idade-pre-escolar\/","title":{"rendered":"[ATUAS] Estudo sobre a transfer\u00eancia de modelos de Participa\u00e7\u00e3o, Desafio, Envolvimento e Comunica\u00e7\u00e3o dos adultos para crian\u00e7as em idade pr\u00e9-escolar"},"content":{"rendered":"<h5><span class=\"fS8\">Dura\u00e7\u00e3o:<\/span> 2023 &#8211; 2024<\/h5>\n<h5><span class=\"fS8\">Investigador Respons\u00e1vel<\/span><br \/>\n<span class=\"fCinzaA fW400\">Marina Fuertes<\/span><\/h5>\n<h5><span class=\"fS8\">Investigador Respons\u00e1vel do CI&#038;DEI<\/span><br \/>\nTiago Tempera<\/h5>\n<h5><span class=\"fS8\">Linha de investiga\u00e7\u00e3o<\/span><br \/>\nPol\u00edticas Educativas, Did\u00e1ticas e Forma\u00e7\u00e3o<\/h5>\n<div class=\"esp20-0\" style=\"border-top: 1px solid #787b82; width: 55%;\"><\/div>\n<p>Ser\u00e1 que a crian\u00e7a aprende modelos sociais e pedag\u00f3gicos com o educador (na forma como este comunica, envolve a crian\u00e7a, com o espa\u00e7o que lhe d\u00e1 para participar e como a desafia pedagogicamente) e os reproduz com os seus pares? Este estudo procura contribuir para pr\u00e1ticas de qualidade em educa\u00e7\u00e3o da inf\u00e2ncia e para promover os direitos da crian\u00e7a.<\/p>\n","protected":false},"excerpt":{"rendered":"<p>Dura\u00e7\u00e3o: 2023 &#8211; 2024 Investigador Respons\u00e1vel Marina Fuertes Investigador Respons\u00e1vel do CI&#038;DEI Tiago Tempera Linha de investiga\u00e7\u00e3o Pol\u00edticas Educativas, Did\u00e1ticas e Forma\u00e7\u00e3o Ser\u00e1 que a crian\u00e7a aprende modelos sociais e pedag\u00f3gicos com o educador (na forma como este comunica, envolve a crian\u00e7a, com o espa\u00e7o que lhe d\u00e1 para participar e como a desafia pedagogicamente) [&hellip;]<\/p>\n","protected":false},"author":1,"featured_media":12159,"comment_status":"closed","ping_status":"closed","sticky":false,"template":"","format":"standard","meta":{"site-sidebar-layout":"default","site-content-layout":"","ast-site-content-layout":"normal-width-container","site-content-style":"boxed","site-sidebar-style":"default","ast-global-header-display":"","ast-banner-title-visibility":"","ast-main-header-display":"","ast-hfb-above-header-display":"","ast-hfb-below-header-display":"","ast-hfb-mobile-header-display":"","site-post-title":"","ast-breadcrumbs-content":"","ast-featured-img":"","footer-sml-layout":"","ast-disable-related-posts":"","theme-transparent-header-meta":"default","adv-header-id-meta":"","stick-header-meta":"","header-above-stick-meta":"","header-main-stick-meta":"","header-below-stick-meta":"","astra-migrate-meta-layouts":"set","ast-page-background-enabled":"default","ast-page-background-meta":{"desktop":{"background-color":"","background-image":"","background-repeat":"repeat","background-position":"center center","background-size":"auto","background-attachment":"scroll","background-type":"","background-media":"","overlay-type":"","overlay-color":"","overlay-opacity":"","overlay-gradient":""},"tablet":{"background-color":"","background-image":"","background-repeat":"repeat","background-position":"center center","background-size":"auto","background-attachment":"scroll","background-type":"","background-media":"","overlay-type":"","overlay-color":"","overlay-opacity":"","overlay-gradient":""},"mobile":{"background-color":"","background-image":"","background-repeat":"repeat","background-position":"center center","background-size":"auto","background-attachment":"scroll","background-type":"","background-media":"","overlay-type":"","overlay-color":"","overlay-opacity":"","overlay-gradient":""}},"ast-content-background-meta":{"desktop":{"background-color":"var(--ast-global-color-5)","background-image":"","background-repeat":"repeat","background-position":"center center","background-size":"auto","background-attachment":"scroll","background-type":"","background-media":"","overlay-type":"","overlay-color":"","overlay-opacity":"","overlay-gradient":""},"tablet":{"background-color":"var(--ast-global-color-5)","background-image":"","background-repeat":"repeat","background-position":"center center","background-size":"auto","background-attachment":"scroll","background-type":"","background-media":"","overlay-type":"","overlay-color":"","overlay-opacity":"","overlay-gradient":""},"mobile":{"background-color":"var(--ast-global-color-5)","background-image":"","background-repeat":"repeat","background-position":"center center","background-size":"auto","background-attachment":"scroll","background-type":"","background-media":"","overlay-type":"","overlay-color":"","overlay-opacity":"","overlay-gradient":""}},"footnotes":"","_links_to":"","_links_to_target":""},"categories":[5,152,741,31,32,25,7],"tags":[314,231],"class_list":["post-9426","post","type-post","status-publish","format-standard","has-post-thumbnail","hentry","category-concluido","category-lisboa","category-nacional","category-nao-competitivo","category-nao-financiado","category-politicas-educativas-didaticas-e-formacao","category-projeto","tag-2023-2024","tag-tiago-tempera"],"_links":{"self":[{"href":"https:\/\/events.ipv.pt\/cidei\/wp-json\/wp\/v2\/posts\/9426","targetHints":{"allow":["GET"]}}],"collection":[{"href":"https:\/\/events.ipv.pt\/cidei\/wp-json\/wp\/v2\/posts"}],"about":[{"href":"https:\/\/events.ipv.pt\/cidei\/wp-json\/wp\/v2\/types\/post"}],"author":[{"embeddable":true,"href":"https:\/\/events.ipv.pt\/cidei\/wp-json\/wp\/v2\/users\/1"}],"replies":[{"embeddable":true,"href":"https:\/\/events.ipv.pt\/cidei\/wp-json\/wp\/v2\/comments?post=9426"}],"version-history":[{"count":4,"href":"https:\/\/events.ipv.pt\/cidei\/wp-json\/wp\/v2\/posts\/9426\/revisions"}],"predecessor-version":[{"id":21402,"href":"https:\/\/events.ipv.pt\/cidei\/wp-json\/wp\/v2\/posts\/9426\/revisions\/21402"}],"wp:featuredmedia":[{"embeddable":true,"href":"https:\/\/events.ipv.pt\/cidei\/wp-json\/wp\/v2\/media\/12159"}],"wp:attachment":[{"href":"https:\/\/events.ipv.pt\/cidei\/wp-json\/wp\/v2\/media?parent=9426"}],"wp:term":[{"taxonomy":"category","embeddable":true,"href":"https:\/\/events.ipv.pt\/cidei\/wp-json\/wp\/v2\/categories?post=9426"},{"taxonomy":"post_tag","embeddable":true,"href":"https:\/\/events.ipv.pt\/cidei\/wp-json\/wp\/v2\/tags?post=9426"}],"curies":[{"name":"wp","href":"https:\/\/api.w.org\/{rel}","templated":true}]}}