{"id":9413,"date":"2021-02-04T09:03:26","date_gmt":"2021-02-04T09:03:26","guid":{"rendered":"http:\/\/localhost\/cidei\/?p=9413"},"modified":"2026-02-06T14:00:42","modified_gmt":"2026-02-06T14:00:42","slug":"eselx-ipl-cied-pica-2021-a03-mca_pnd-avaliacao-da-competencia-motora-em-criancas-com-perturbacoes-do-neurodesenvolvimento","status":"publish","type":"post","link":"https:\/\/events.ipv.pt\/cidei\/eselx-ipl-cied-pica-2021-a03-mca_pnd-avaliacao-da-competencia-motora-em-criancas-com-perturbacoes-do-neurodesenvolvimento\/","title":{"rendered":"ESELx\/IPL-CIED\/PICA\/2021\/A03 | [MCA_PND] Avalia\u00e7\u00e3o da compet\u00eancia motora em crian\u00e7as com perturba\u00e7\u00f5es do neurodesenvolvimento"},"content":{"rendered":"<h5><span class=\"fS8\">Dura\u00e7\u00e3o:<\/span> 2021 &#8211; 2023<\/h5>\n<h5><span class=\"fS8\">Investigador Respons\u00e1vel<\/span><br \/>\nCarlos Luz<\/h5>\n<h5><span class=\"fS8\">Linha de investiga\u00e7\u00e3o<\/span><br \/>\nEduca\u00e7\u00e3o para a Sa\u00fade e Qualidade de Vida<\/h5>\n<div class=\"esp20-0\" style=\"border-top: 1px solid #787b82; width: 55%;\"><\/div>\n<p>A compet\u00eancia motora (CM) apresenta-se como vari\u00e1vel crucial para o desenvolvimento do movimento humano, da atividade f\u00edsica, da participa\u00e7\u00e3o desportiva e de um estilo de vida ativo, atuando diretamente na aptid\u00e3o f\u00edsica relacionada com a sa\u00fade e na alfabetiza\u00e7\u00e3o motora (Stodden et al., 2008). A CM refere-se \u00e0 qualidade do desempenho do movimento humano e \u00e9 definida como a capacidade de uma pessoa ser proficiente numa ampla gama de habilidades motoras locomotoras, de estabilidade e manipulativas (Utesch &#038; Bardid, 2019). A Perturba\u00e7\u00e3o da Coordena\u00e7\u00e3o Motora (PCM), \u00e9 considerada mundialmente como um dos maiores problemas de sa\u00fade entre crian\u00e7as em idade escolar (Cairney et al., 2005). Crian\u00e7as com este diagn\u00f3stico, s\u00e3o tendencialmente caracterizadas como desajeitadas, tendem a apresentar um baixo n\u00edvel de atividade f\u00edsica, uma baixa motricidade fina e grossa (Haga, 2008), existindo tamb\u00e9m um impacto extremamente negativo na sua vida escolar e di\u00e1ria. As condi\u00e7\u00f5es do espectro do Autismo s\u00e3o condi\u00e7\u00f5es neurodesenvolvimentais e o seu diagn\u00f3stico assenta nas dificuldades na intera\u00e7\u00e3o social e comunica\u00e7\u00e3o, a par da presen\u00e7a de interesses restritos, dificuldades na adapta\u00e7\u00e3o a mudan\u00e7as e comportamentos estereotipados e repetitivos (Baron-Cohen, 2008). Crian\u00e7as com esta patologia t\u00eam uma tend\u00eancia para uma elevada inatividade f\u00edsica, visto apresentarem baixos n\u00edveis de profici\u00eancia nas habilidades motoras finas, grosseiras (Liu &#038; Breslin, 2013) e skills sociais (Lindsay et al., 2017), levando a uma menor participa\u00e7\u00e3o l\u00fadico-desportiva. A nossa equipa de investiga\u00e7\u00e3o criou o Motor Competence Assessment (MCA), um instrumento de avalia\u00e7\u00e3o da CM, tendo j\u00e1 sido estabelecida a sua validade de constructo (Luz et al. 2016) e tendo posteriormente sido publicados os valores normativos para a popula\u00e7\u00e3o portuguesa dos 3 aos 23 anos (Rodrigues et al. 2019). Adicionalmente, o MCA tem sido usado pela nossa equipa de investiga\u00e7\u00e3o em v\u00e1rios estudos (Luz et al., 2019; Luz, Rodrigues, et al., 2017). Atualmente, est\u00e1 em curso a valida\u00e7\u00e3o concorrente e a fiabilidade inter-observador do MCA dos 6 aos 10 anos de idade. O objetivo deste projeto passa por verificar a utilidade do MCA para identificar crian\u00e7as com desenvolvimento motor at\u00edpico. Assim, iremos avaliar 200 crian\u00e7as dos 6 aos 10 anos de idade, utilizando o MCA e movement ABC (instrumento utilizado para avaliar a PCM) e mais 60 crian\u00e7as com diagn\u00f3stico de autismo usando o MCA.<\/p>\n","protected":false},"excerpt":{"rendered":"<p>Dura\u00e7\u00e3o: 2021 &#8211; 2023 Investigador Respons\u00e1vel Carlos Luz Linha de investiga\u00e7\u00e3o Educa\u00e7\u00e3o para a Sa\u00fade e Qualidade de Vida A compet\u00eancia motora (CM) apresenta-se como vari\u00e1vel crucial para o desenvolvimento do movimento humano, da atividade f\u00edsica, da participa\u00e7\u00e3o desportiva e de um estilo de vida ativo, atuando diretamente na aptid\u00e3o f\u00edsica relacionada com a sa\u00fade [&hellip;]<\/p>\n","protected":false},"author":1,"featured_media":12127,"comment_status":"closed","ping_status":"closed","sticky":false,"template":"","format":"standard","meta":{"site-sidebar-layout":"default","site-content-layout":"","ast-site-content-layout":"normal-width-container","site-content-style":"boxed","site-sidebar-style":"default","ast-global-header-display":"","ast-banner-title-visibility":"","ast-main-header-display":"","ast-hfb-above-header-display":"","ast-hfb-below-header-display":"","ast-hfb-mobile-header-display":"","site-post-title":"","ast-breadcrumbs-content":"","ast-featured-img":"","footer-sml-layout":"","ast-disable-related-posts":"","theme-transparent-header-meta":"default","adv-header-id-meta":"","stick-header-meta":"","header-above-stick-meta":"","header-main-stick-meta":"","header-below-stick-meta":"","astra-migrate-meta-layouts":"set","ast-page-background-enabled":"default","ast-page-background-meta":{"desktop":{"background-color":"","background-image":"","background-repeat":"repeat","background-position":"center center","background-size":"auto","background-attachment":"scroll","background-type":"","background-media":"","overlay-type":"","overlay-color":"","overlay-opacity":"","overlay-gradient":""},"tablet":{"background-color":"","background-image":"","background-repeat":"repeat","background-position":"center center","background-size":"auto","background-attachment":"scroll","background-type":"","background-media":"","overlay-type":"","overlay-color":"","overlay-opacity":"","overlay-gradient":""},"mobile":{"background-color":"","background-image":"","background-repeat":"repeat","background-position":"center center","background-size":"auto","background-attachment":"scroll","background-type":"","background-media":"","overlay-type":"","overlay-color":"","overlay-opacity":"","overlay-gradient":""}},"ast-content-background-meta":{"desktop":{"background-color":"var(--ast-global-color-5)","background-image":"","background-repeat":"repeat","background-position":"center center","background-size":"auto","background-attachment":"scroll","background-type":"","background-media":"","overlay-type":"","overlay-color":"","overlay-opacity":"","overlay-gradient":""},"tablet":{"background-color":"var(--ast-global-color-5)","background-image":"","background-repeat":"repeat","background-position":"center center","background-size":"auto","background-attachment":"scroll","background-type":"","background-media":"","overlay-type":"","overlay-color":"","overlay-opacity":"","overlay-gradient":""},"mobile":{"background-color":"var(--ast-global-color-5)","background-image":"","background-repeat":"repeat","background-position":"center center","background-size":"auto","background-attachment":"scroll","background-type":"","background-media":"","overlay-type":"","overlay-color":"","overlay-opacity":"","overlay-gradient":""}},"footnotes":"","_links_to":"","_links_to_target":""},"categories":[5,35,152,741,31,7],"tags":[318,295],"class_list":["post-9413","post","type-post","status-publish","format-standard","has-post-thumbnail","hentry","category-concluido","category-educacao-para-a-saude-e-qualidade-de-vida","category-lisboa","category-nacional","category-nao-competitivo","category-projeto","tag-2021-2023","tag-carlos-luz"],"_links":{"self":[{"href":"https:\/\/events.ipv.pt\/cidei\/wp-json\/wp\/v2\/posts\/9413","targetHints":{"allow":["GET"]}}],"collection":[{"href":"https:\/\/events.ipv.pt\/cidei\/wp-json\/wp\/v2\/posts"}],"about":[{"href":"https:\/\/events.ipv.pt\/cidei\/wp-json\/wp\/v2\/types\/post"}],"author":[{"embeddable":true,"href":"https:\/\/events.ipv.pt\/cidei\/wp-json\/wp\/v2\/users\/1"}],"replies":[{"embeddable":true,"href":"https:\/\/events.ipv.pt\/cidei\/wp-json\/wp\/v2\/comments?post=9413"}],"version-history":[{"count":4,"href":"https:\/\/events.ipv.pt\/cidei\/wp-json\/wp\/v2\/posts\/9413\/revisions"}],"predecessor-version":[{"id":21425,"href":"https:\/\/events.ipv.pt\/cidei\/wp-json\/wp\/v2\/posts\/9413\/revisions\/21425"}],"wp:featuredmedia":[{"embeddable":true,"href":"https:\/\/events.ipv.pt\/cidei\/wp-json\/wp\/v2\/media\/12127"}],"wp:attachment":[{"href":"https:\/\/events.ipv.pt\/cidei\/wp-json\/wp\/v2\/media?parent=9413"}],"wp:term":[{"taxonomy":"category","embeddable":true,"href":"https:\/\/events.ipv.pt\/cidei\/wp-json\/wp\/v2\/categories?post=9413"},{"taxonomy":"post_tag","embeddable":true,"href":"https:\/\/events.ipv.pt\/cidei\/wp-json\/wp\/v2\/tags?post=9413"}],"curies":[{"name":"wp","href":"https:\/\/api.w.org\/{rel}","templated":true}]}}