{"id":9393,"date":"2019-02-03T22:11:03","date_gmt":"2019-02-03T22:11:03","guid":{"rendered":"http:\/\/localhost\/cidei\/?p=9393"},"modified":"2026-02-06T14:13:35","modified_gmt":"2026-02-06T14:13:35","slug":"ipl-2019-cozi_ap_eselx-cozi_ap-cozinhar-a-aprender-recurso-educativo-digital-para-o-desenvolvimento-integrado-de-competencias-no-1-o-ciclo-do-ensino-basico","status":"publish","type":"post","link":"https:\/\/events.ipv.pt\/cidei\/ipl-2019-cozi_ap_eselx-cozi_ap-cozinhar-a-aprender-recurso-educativo-digital-para-o-desenvolvimento-integrado-de-competencias-no-1-o-ciclo-do-ensino-basico\/","title":{"rendered":"IPL\/2019\/COZI_AP_ESELx | [COZI_AP] Cozinhar a aprender: Recurso educativo digital para o desenvolvimento integrado de compet\u00eancias no 1.\u00ba Ciclo do Ensino B\u00e1sico"},"content":{"rendered":"<h5><span class=\"fS8\">Dura\u00e7\u00e3o:<\/span> 2019 &#8211; 2020<\/h5>\n<h5><span class=\"fS8\">Investigador Respons\u00e1vel<\/span><br \/>\n<span class=\"fCinzaA fW400\">Adriana Cardoso<\/span><\/h5>\n<h5><span class=\"fS8\">Investigador Respons\u00e1vel do CI&#038;DEI<\/span><br \/>\nMargarida Rodrigues<\/h5>\n<h5><span class=\"fS8\">Linha de investiga\u00e7\u00e3o<\/span><br \/>\nTIC e Multim\u00e9dia na Educa\u00e7\u00e3o<\/h5>\n<div class=\"esp20-0\" style=\"border-top: 1px solid #787b82; width: 55%;\"><\/div>\n<p>Tendo como objetivo geral a promo\u00e7\u00e3o de pr\u00e1ticas inovadoras no 1.\u00ba Ciclo do Ensino B\u00e1sico com recurso a tecnologias digitais, o projeto visa desenvolver, implementar e avaliar um recurso educativo digital que apresenta simula\u00e7\u00e3o de situa\u00e7\u00f5es reais com o prop\u00f3sito de auxiliar o processo de aprendizagem em diferentes \u00e1reas (Portugu\u00eas, Matem\u00e1tica e Estudo do Meio). O recurso educativo disponibiliza um ambiente com caracter\u00edsticas dial\u00f3gicas, n\u00e3o lineares e interativas para recriar um universo de imers\u00e3o sensorial num espa\u00e7o de restaura\u00e7\u00e3o em que o utilizador se depara com pr\u00e1ticas de produ\u00e7\u00e3o alimentar. A partir desta met\u00e1fora, \u00e9 oferecida uma experi\u00eancia que procura quebrar a tradicional compartimenta\u00e7\u00e3o do curr\u00edculo em diferentes \u00e1reas, promovendo a integra\u00e7\u00e3o curricular a partir da explora\u00e7\u00e3o de receitas culin\u00e1rias. Neste contexto, s\u00e3o exploradas situa\u00e7\u00f5es relacionadas com a sa\u00fade alimentar, a origem dos ingredientes em termos biogeogr\u00e1ficos, a escolha de ingredientes em termos da sustentabilidade do planeta, quantidades e pre\u00e7os, l\u00e9xico associado \u00e0 gastronomia e caracter\u00edsticas multimodais e lingu\u00edsticas do g\u00e9nero textual receita culin\u00e1ria. De forma a envolver os alunos numa experi\u00eancia l\u00fadica e estimulante, recorre-se a estrat\u00e9gias de gamifica\u00e7\u00e3o associadas a fatores de satisfa\u00e7\u00e3o dos participantes no ato de jogar (desafio, tomada de decis\u00e3o, recompensa) e \u00e0 imers\u00e3o num mundo fict\u00edcio com experimenta\u00e7\u00e3o de novas identidades. Tendo em vista a integra\u00e7\u00e3o do recurso educativo digital no processo de ensino\/aprendizagem, \u00e9 desenvolvida uma interface que permite monitorizar a progress\u00e3o dos alunos atrav\u00e9s da apresenta\u00e7\u00e3o de informa\u00e7\u00e3o relativa ao n\u00edvel em que o aluno se encontra, ao tempo de resolu\u00e7\u00e3o das tarefas e ao tipo de tarefas que este realizou com\/sem sucesso. \u00c9 ainda disponibilizado um gui\u00e3o orientador para o professor com informa\u00e7\u00e3o relativa ao recurso educativo, \u00e0s estrat\u00e9gias a adotar para a sua introdu\u00e7\u00e3o no contexto de ensino\/aprendizagem e \u00e0s formas de auto e heteroavalia\u00e7\u00e3o disponibilizadas. A investiga\u00e7\u00e3o a desenvolver no \u00e2mbito da conce\u00e7\u00e3o, desenvolvimento, implementa\u00e7\u00e3o (em contexto de sala de aula) e avalia\u00e7\u00e3o do recurso insere-se numa l\u00f3gica de investiga\u00e7\u00e3o-a\u00e7\u00e3o, adotando-se o modelo An\u00e1lise, Desenho, Desenvolvimento, Implementa\u00e7\u00e3o e Avalia\u00e7\u00e3o (ADDIE). Como resultados do projeto, prev\u00ea-se a disponibiliza\u00e7\u00e3o do recurso educativo digital numa plataforma online de acesso livre e a divulga\u00e7\u00e3o do recurso e da investiga\u00e7\u00e3o desenvolvida no projeto.<\/p>\n","protected":false},"excerpt":{"rendered":"<p>Dura\u00e7\u00e3o: 2019 &#8211; 2020 Investigador Respons\u00e1vel Adriana Cardoso Investigador Respons\u00e1vel do CI&#038;DEI Margarida Rodrigues Linha de investiga\u00e7\u00e3o TIC e Multim\u00e9dia na Educa\u00e7\u00e3o Tendo como objetivo geral a promo\u00e7\u00e3o de pr\u00e1ticas inovadoras no 1.\u00ba Ciclo do Ensino B\u00e1sico com recurso a tecnologias digitais, o projeto visa desenvolver, implementar e avaliar um recurso educativo digital que apresenta [&hellip;]<\/p>\n","protected":false},"author":1,"featured_media":12234,"comment_status":"closed","ping_status":"closed","sticky":false,"template":"","format":"standard","meta":{"site-sidebar-layout":"default","site-content-layout":"","ast-site-content-layout":"normal-width-container","site-content-style":"boxed","site-sidebar-style":"default","ast-global-header-display":"","ast-banner-title-visibility":"","ast-main-header-display":"","ast-hfb-above-header-display":"","ast-hfb-below-header-display":"","ast-hfb-mobile-header-display":"","site-post-title":"","ast-breadcrumbs-content":"","ast-featured-img":"","footer-sml-layout":"","ast-disable-related-posts":"","theme-transparent-header-meta":"default","adv-header-id-meta":"","stick-header-meta":"","header-above-stick-meta":"","header-main-stick-meta":"","header-below-stick-meta":"","astra-migrate-meta-layouts":"set","ast-page-background-enabled":"default","ast-page-background-meta":{"desktop":{"background-color":"","background-image":"","background-repeat":"repeat","background-position":"center center","background-size":"auto","background-attachment":"scroll","background-type":"","background-media":"","overlay-type":"","overlay-color":"","overlay-opacity":"","overlay-gradient":""},"tablet":{"background-color":"","background-image":"","background-repeat":"repeat","background-position":"center center","background-size":"auto","background-attachment":"scroll","background-type":"","background-media":"","overlay-type":"","overlay-color":"","overlay-opacity":"","overlay-gradient":""},"mobile":{"background-color":"","background-image":"","background-repeat":"repeat","background-position":"center center","background-size":"auto","background-attachment":"scroll","background-type":"","background-media":"","overlay-type":"","overlay-color":"","overlay-opacity":"","overlay-gradient":""}},"ast-content-background-meta":{"desktop":{"background-color":"var(--ast-global-color-5)","background-image":"","background-repeat":"repeat","background-position":"center center","background-size":"auto","background-attachment":"scroll","background-type":"","background-media":"","overlay-type":"","overlay-color":"","overlay-opacity":"","overlay-gradient":""},"tablet":{"background-color":"var(--ast-global-color-5)","background-image":"","background-repeat":"repeat","background-position":"center center","background-size":"auto","background-attachment":"scroll","background-type":"","background-media":"","overlay-type":"","overlay-color":"","overlay-opacity":"","overlay-gradient":""},"mobile":{"background-color":"var(--ast-global-color-5)","background-image":"","background-repeat":"repeat","background-position":"center center","background-size":"auto","background-attachment":"scroll","background-type":"","background-media":"","overlay-type":"","overlay-color":"","overlay-opacity":"","overlay-gradient":""}},"footnotes":"","_links_to":"","_links_to_target":""},"categories":[5,152,741,31,7,33],"tags":[349,217],"class_list":["post-9393","post","type-post","status-publish","format-standard","has-post-thumbnail","hentry","category-concluido","category-lisboa","category-nacional","category-nao-competitivo","category-projeto","category-tic-e-multimedia-na-educacao","tag-2019-2020","tag-margarida-rodrigues"],"_links":{"self":[{"href":"https:\/\/events.ipv.pt\/cidei\/wp-json\/wp\/v2\/posts\/9393","targetHints":{"allow":["GET"]}}],"collection":[{"href":"https:\/\/events.ipv.pt\/cidei\/wp-json\/wp\/v2\/posts"}],"about":[{"href":"https:\/\/events.ipv.pt\/cidei\/wp-json\/wp\/v2\/types\/post"}],"author":[{"embeddable":true,"href":"https:\/\/events.ipv.pt\/cidei\/wp-json\/wp\/v2\/users\/1"}],"replies":[{"embeddable":true,"href":"https:\/\/events.ipv.pt\/cidei\/wp-json\/wp\/v2\/comments?post=9393"}],"version-history":[{"count":4,"href":"https:\/\/events.ipv.pt\/cidei\/wp-json\/wp\/v2\/posts\/9393\/revisions"}],"predecessor-version":[{"id":21434,"href":"https:\/\/events.ipv.pt\/cidei\/wp-json\/wp\/v2\/posts\/9393\/revisions\/21434"}],"wp:featuredmedia":[{"embeddable":true,"href":"https:\/\/events.ipv.pt\/cidei\/wp-json\/wp\/v2\/media\/12234"}],"wp:attachment":[{"href":"https:\/\/events.ipv.pt\/cidei\/wp-json\/wp\/v2\/media?parent=9393"}],"wp:term":[{"taxonomy":"category","embeddable":true,"href":"https:\/\/events.ipv.pt\/cidei\/wp-json\/wp\/v2\/categories?post=9393"},{"taxonomy":"post_tag","embeddable":true,"href":"https:\/\/events.ipv.pt\/cidei\/wp-json\/wp\/v2\/tags?post=9393"}],"curies":[{"name":"wp","href":"https:\/\/api.w.org\/{rel}","templated":true}]}}