{"id":9307,"date":"2019-02-03T16:28:09","date_gmt":"2019-02-03T16:28:09","guid":{"rendered":"http:\/\/localhost\/cidei\/?p=9307"},"modified":"2025-08-25T14:19:42","modified_gmt":"2025-08-25T14:19:42","slug":"propostas-didaticas-de-abordagem-da-ortografia-no-1o-ceb-algumas-tendencias","status":"publish","type":"post","link":"https:\/\/events.ipv.pt\/cidei\/propostas-didaticas-de-abordagem-da-ortografia-no-1o-ceb-algumas-tendencias\/","title":{"rendered":"Propostas did\u00e1ticas de abordagem da ortografia no 1\u00ba CEB: Algumas tend\u00eancias"},"content":{"rendered":"<p>Mac\u00e1rio, M. J., S\u00e1, C. M. (2019).<br \/>\nPropostas did\u00e1ticas de abordagem da ortografia no 1\u00ba CEB: Algumas tend\u00eancias.<br \/>\n<em>Indagatio Didactica,\u00a011<\/em>(4), 223-239.<br \/>\nRetrieved from <a href=\"https:\/\/proa.ua.pt\/index.php\/id\/article\/view\/10637\" rel=\"noopener\" target=\"_blank\">https:\/\/proa.ua.pt\/index.php\/id\/article\/view\/10637<\/a><\/p>\n","protected":false},"excerpt":{"rendered":"<p>Mac\u00e1rio, M. J., S\u00e1, C. M. (2019). Propostas did\u00e1ticas de abordagem da ortografia no 1\u00ba CEB: Algumas tend\u00eancias. Indagatio Didactica,\u00a011(4), 223-239. Retrieved from https:\/\/proa.ua.pt\/index.php\/id\/article\/view\/10637<\/p>\n","protected":false},"author":1,"featured_media":0,"comment_status":"closed","ping_status":"closed","sticky":false,"template":"","format":"standard","meta":{"site-sidebar-layout":"default","site-content-layout":"","ast-site-content-layout":"default","site-content-style":"default","site-sidebar-style":"default","ast-global-header-display":"","ast-banner-title-visibility":"","ast-main-header-display":"","ast-hfb-above-header-display":"","ast-hfb-below-header-display":"","ast-hfb-mobile-header-display":"","site-post-title":"","ast-breadcrumbs-content":"","ast-featured-img":"","footer-sml-layout":"","ast-disable-related-posts":"","theme-transparent-header-meta":"default","adv-header-id-meta":"","stick-header-meta":"","header-above-stick-meta":"","header-main-stick-meta":"","header-below-stick-meta":"","astra-migrate-meta-layouts":"set","ast-page-background-enabled":"default","ast-page-background-meta":{"desktop":{"background-color":"","background-image":"","background-repeat":"repeat","background-position":"center center","background-size":"auto","background-attachment":"scroll","background-type":"","background-media":"","overlay-type":"","overlay-color":"","overlay-opacity":"","overlay-gradient":""},"tablet":{"background-color":"","background-image":"","background-repeat":"repeat","background-position":"center center","background-size":"auto","background-attachment":"scroll","background-type":"","background-media":"","overlay-type":"","overlay-color":"","overlay-opacity":"","overlay-gradient":""},"mobile":{"background-color":"","background-image":"","background-repeat":"repeat","background-position":"center center","background-size":"auto","background-attachment":"scroll","background-type":"","background-media":"","overlay-type":"","overlay-color":"","overlay-opacity":"","overlay-gradient":""}},"ast-content-background-meta":{"desktop":{"background-color":"var(--ast-global-color-5)","background-image":"","background-repeat":"repeat","background-position":"center center","background-size":"auto","background-attachment":"scroll","background-type":"","background-media":"","overlay-type":"","overlay-color":"","overlay-opacity":"","overlay-gradient":""},"tablet":{"background-color":"var(--ast-global-color-5)","background-image":"","background-repeat":"repeat","background-position":"center center","background-size":"auto","background-attachment":"scroll","background-type":"","background-media":"","overlay-type":"","overlay-color":"","overlay-opacity":"","overlay-gradient":""},"mobile":{"background-color":"var(--ast-global-color-5)","background-image":"","background-repeat":"repeat","background-position":"center center","background-size":"auto","background-attachment":"scroll","background-type":"","background-media":"","overlay-type":"","overlay-color":"","overlay-opacity":"","overlay-gradient":""}},"footnotes":"","_links_to":"","_links_to_target":""},"categories":[41,62,25,49],"tags":[302],"class_list":["post-9307","post","type-post","status-publish","format-standard","hentry","category-41","category-artigos-em-revistas","category-politicas-educativas-didaticas-e-formacao","category-viseu","tag-maria-joao-macario"],"_links":{"self":[{"href":"https:\/\/events.ipv.pt\/cidei\/wp-json\/wp\/v2\/posts\/9307","targetHints":{"allow":["GET"]}}],"collection":[{"href":"https:\/\/events.ipv.pt\/cidei\/wp-json\/wp\/v2\/posts"}],"about":[{"href":"https:\/\/events.ipv.pt\/cidei\/wp-json\/wp\/v2\/types\/post"}],"author":[{"embeddable":true,"href":"https:\/\/events.ipv.pt\/cidei\/wp-json\/wp\/v2\/users\/1"}],"replies":[{"embeddable":true,"href":"https:\/\/events.ipv.pt\/cidei\/wp-json\/wp\/v2\/comments?post=9307"}],"version-history":[{"count":3,"href":"https:\/\/events.ipv.pt\/cidei\/wp-json\/wp\/v2\/posts\/9307\/revisions"}],"predecessor-version":[{"id":17982,"href":"https:\/\/events.ipv.pt\/cidei\/wp-json\/wp\/v2\/posts\/9307\/revisions\/17982"}],"wp:attachment":[{"href":"https:\/\/events.ipv.pt\/cidei\/wp-json\/wp\/v2\/media?parent=9307"}],"wp:term":[{"taxonomy":"category","embeddable":true,"href":"https:\/\/events.ipv.pt\/cidei\/wp-json\/wp\/v2\/categories?post=9307"},{"taxonomy":"post_tag","embeddable":true,"href":"https:\/\/events.ipv.pt\/cidei\/wp-json\/wp\/v2\/tags?post=9307"}],"curies":[{"name":"wp","href":"https:\/\/api.w.org\/{rel}","templated":true}]}}