{"id":8866,"date":"2020-02-02T09:30:32","date_gmt":"2020-02-02T09:30:32","guid":{"rendered":"http:\/\/localhost\/cidei\/?p=8866"},"modified":"2025-08-27T14:08:25","modified_gmt":"2025-08-27T14:08:25","slug":"refletindo-sobre-a-pratica-pedagogica-do-1-o-ceb-e-de-matematica-e-ciencias-naturais-no-2-o-ceb-investigando-sobre-o-meu-desenvolvimento-profissional-com-vista-a-inovacao-das-praticas-pedagogicas-em","status":"publish","type":"post","link":"https:\/\/events.ipv.pt\/cidei\/refletindo-sobre-a-pratica-pedagogica-do-1-o-ceb-e-de-matematica-e-ciencias-naturais-no-2-o-ceb-investigando-sobre-o-meu-desenvolvimento-profissional-com-vista-a-inovacao-das-praticas-pedagogicas-em\/","title":{"rendered":"Refletindo sobre a Pr\u00e1tica Pedag\u00f3gica do 1.\u00ba CEB e de Matem\u00e1tica e Ci\u00eancias Naturais no 2.\u00ba CEB. Investigando sobre o meu desenvolvimento profissional com vista \u00e0 inova\u00e7\u00e3o das pr\u00e1ticas pedag\u00f3gicas em Ci\u00eancias"},"content":{"rendered":"<p>Refletindo sobre a Pr\u00e1tica Pedag\u00f3gica do 1.\u00ba CEB e de Matem\u00e1tica e Ci\u00eancias Naturais no 2.\u00ba CEB. Investigando sobre o meu desenvolvimento profissional com vista \u00e0 inova\u00e7\u00e3o das pr\u00e1ticas pedag\u00f3gicas em Ci\u00eancias<br \/>\n2020 Ensino do 1\u00ba ciclo do Ensino b\u00e1sico e de Matem\u00e1tica e Ci\u00eancias Naturais do 2\u00ba ciclo de Ensino B\u00e1sico | Instituto Polit\u00e9cnico de Leiria Escola Superior de Educa\u00e7\u00e3o e Ci\u00eancias Sociais, Portugal<br \/>\nNicole Gaspar Duarte | <a href=\"http:\/\/hdl.handle.net\/10400.8\/4994\" rel=\"noopener\" target=\"_blank\">http:\/\/hdl.handle.net\/10400.8\/4994<\/a>\t\t<\/p>\n","protected":false},"excerpt":{"rendered":"<p>Refletindo sobre a Pr\u00e1tica Pedag\u00f3gica do 1.\u00ba CEB e de Matem\u00e1tica e Ci\u00eancias Naturais no 2.\u00ba CEB. Investigando sobre o meu desenvolvimento profissional com vista \u00e0 inova\u00e7\u00e3o das pr\u00e1ticas pedag\u00f3gicas em Ci\u00eancias 2020 Ensino do 1\u00ba ciclo do Ensino b\u00e1sico e de Matem\u00e1tica e Ci\u00eancias Naturais do 2\u00ba ciclo de Ensino B\u00e1sico | Instituto Polit\u00e9cnico [&hellip;]<\/p>\n","protected":false},"author":1,"featured_media":0,"comment_status":"closed","ping_status":"closed","sticky":false,"template":"","format":"standard","meta":{"site-sidebar-layout":"default","site-content-layout":"","ast-site-content-layout":"default","site-content-style":"default","site-sidebar-style":"default","ast-global-header-display":"","ast-banner-title-visibility":"","ast-main-header-display":"","ast-hfb-above-header-display":"","ast-hfb-below-header-display":"","ast-hfb-mobile-header-display":"","site-post-title":"","ast-breadcrumbs-content":"","ast-featured-img":"","footer-sml-layout":"","ast-disable-related-posts":"","theme-transparent-header-meta":"default","adv-header-id-meta":"","stick-header-meta":"","header-above-stick-meta":"","header-main-stick-meta":"","header-below-stick-meta":"","astra-migrate-meta-layouts":"set","ast-page-background-enabled":"default","ast-page-background-meta":{"desktop":{"background-color":"","background-image":"","background-repeat":"repeat","background-position":"center center","background-size":"auto","background-attachment":"scroll","background-type":"","background-media":"","overlay-type":"","overlay-color":"","overlay-opacity":"","overlay-gradient":""},"tablet":{"background-color":"","background-image":"","background-repeat":"repeat","background-position":"center center","background-size":"auto","background-attachment":"scroll","background-type":"","background-media":"","overlay-type":"","overlay-color":"","overlay-opacity":"","overlay-gradient":""},"mobile":{"background-color":"","background-image":"","background-repeat":"repeat","background-position":"center center","background-size":"auto","background-attachment":"scroll","background-type":"","background-media":"","overlay-type":"","overlay-color":"","overlay-opacity":"","overlay-gradient":""}},"ast-content-background-meta":{"desktop":{"background-color":"var(--ast-global-color-5)","background-image":"","background-repeat":"repeat","background-position":"center center","background-size":"auto","background-attachment":"scroll","background-type":"","background-media":"","overlay-type":"","overlay-color":"","overlay-opacity":"","overlay-gradient":""},"tablet":{"background-color":"var(--ast-global-color-5)","background-image":"","background-repeat":"repeat","background-position":"center center","background-size":"auto","background-attachment":"scroll","background-type":"","background-media":"","overlay-type":"","overlay-color":"","overlay-opacity":"","overlay-gradient":""},"mobile":{"background-color":"var(--ast-global-color-5)","background-image":"","background-repeat":"repeat","background-position":"center center","background-size":"auto","background-attachment":"scroll","background-type":"","background-media":"","overlay-type":"","overlay-color":"","overlay-opacity":"","overlay-gradient":""}},"footnotes":"","_links_to":"","_links_to_target":""},"categories":[40,51,172],"tags":[330],"class_list":["post-8866","post","type-post","status-publish","format-standard","hentry","category-40","category-leiria","category-mestrado","tag-susana-reis"],"_links":{"self":[{"href":"https:\/\/events.ipv.pt\/cidei\/wp-json\/wp\/v2\/posts\/8866","targetHints":{"allow":["GET"]}}],"collection":[{"href":"https:\/\/events.ipv.pt\/cidei\/wp-json\/wp\/v2\/posts"}],"about":[{"href":"https:\/\/events.ipv.pt\/cidei\/wp-json\/wp\/v2\/types\/post"}],"author":[{"embeddable":true,"href":"https:\/\/events.ipv.pt\/cidei\/wp-json\/wp\/v2\/users\/1"}],"replies":[{"embeddable":true,"href":"https:\/\/events.ipv.pt\/cidei\/wp-json\/wp\/v2\/comments?post=8866"}],"version-history":[{"count":4,"href":"https:\/\/events.ipv.pt\/cidei\/wp-json\/wp\/v2\/posts\/8866\/revisions"}],"predecessor-version":[{"id":18654,"href":"https:\/\/events.ipv.pt\/cidei\/wp-json\/wp\/v2\/posts\/8866\/revisions\/18654"}],"wp:attachment":[{"href":"https:\/\/events.ipv.pt\/cidei\/wp-json\/wp\/v2\/media?parent=8866"}],"wp:term":[{"taxonomy":"category","embeddable":true,"href":"https:\/\/events.ipv.pt\/cidei\/wp-json\/wp\/v2\/categories?post=8866"},{"taxonomy":"post_tag","embeddable":true,"href":"https:\/\/events.ipv.pt\/cidei\/wp-json\/wp\/v2\/tags?post=8866"}],"curies":[{"name":"wp","href":"https:\/\/api.w.org\/{rel}","templated":true}]}}