{"id":8754,"date":"2020-02-01T20:20:26","date_gmt":"2020-02-01T20:20:26","guid":{"rendered":"http:\/\/localhost\/cidei\/?p=8754"},"modified":"2025-08-27T14:39:13","modified_gmt":"2025-08-27T14:39:13","slug":"refletindo-sobre-a-pratica-pedagogica-em-educacao-de-infancia-e-ensino-do-1-o-ciclo-do-ensino-basico-brincar-com-as-historias-o-desenvolvimento-da-competencia-narrativa-com-criancas-do-jardim-de-inf","status":"publish","type":"post","link":"https:\/\/events.ipv.pt\/cidei\/refletindo-sobre-a-pratica-pedagogica-em-educacao-de-infancia-e-ensino-do-1-o-ciclo-do-ensino-basico-brincar-com-as-historias-o-desenvolvimento-da-competencia-narrativa-com-criancas-do-jardim-de-inf\/","title":{"rendered":"Refletindo sobre a Pr\u00e1tica Pedag\u00f3gica em Educa\u00e7\u00e3o de Inf\u00e2ncia e Ensino do 1.\u00ba Ciclo do Ensino B\u00e1sico. Brincar com as hist\u00f3rias: O desenvolvimento da compet\u00eancia narrativa com crian\u00e7as do Jardim de Inf\u00e2ncia"},"content":{"rendered":"<p>Refletindo sobre a Pr\u00e1tica Pedag\u00f3gica em Educa\u00e7\u00e3o de Inf\u00e2ncia e Ensino do 1.\u00ba Ciclo do Ensino B\u00e1sico. Brincar com as hist\u00f3rias: O desenvolvimento da compet\u00eancia narrativa com crian\u00e7as do Jardim de Inf\u00e2ncia<br \/>\n2020 Educa\u00e7\u00e3o Pr\u00e9-Escolar e 1.\u00baCEB | Instituto Polit\u00e9cnico de Leiria &#8211; Escola Superior de Educa\u00e7\u00e3o e Ci\u00eancias Sociais, Portugal<br \/>\nTelma Filipa Carvalho Bugalh\u00e3o | <a href=\"http:\/\/hdl.handle.net\/10400.8\/5164\" rel=\"noopener\" target=\"_blank\">http:\/\/hdl.handle.net\/10400.8\/5164<\/a><\/p>\n","protected":false},"excerpt":{"rendered":"<p>Refletindo sobre a Pr\u00e1tica Pedag\u00f3gica em Educa\u00e7\u00e3o de Inf\u00e2ncia e Ensino do 1.\u00ba Ciclo do Ensino B\u00e1sico. Brincar com as hist\u00f3rias: O desenvolvimento da compet\u00eancia narrativa com crian\u00e7as do Jardim de Inf\u00e2ncia 2020 Educa\u00e7\u00e3o Pr\u00e9-Escolar e 1.\u00baCEB | Instituto Polit\u00e9cnico de Leiria &#8211; Escola Superior de Educa\u00e7\u00e3o e Ci\u00eancias Sociais, Portugal Telma Filipa Carvalho Bugalh\u00e3o [&hellip;]<\/p>\n","protected":false},"author":1,"featured_media":0,"comment_status":"closed","ping_status":"closed","sticky":false,"template":"","format":"standard","meta":{"site-sidebar-layout":"default","site-content-layout":"","ast-site-content-layout":"default","site-content-style":"default","site-sidebar-style":"default","ast-global-header-display":"","ast-banner-title-visibility":"","ast-main-header-display":"","ast-hfb-above-header-display":"","ast-hfb-below-header-display":"","ast-hfb-mobile-header-display":"","site-post-title":"","ast-breadcrumbs-content":"","ast-featured-img":"","footer-sml-layout":"","ast-disable-related-posts":"","theme-transparent-header-meta":"default","adv-header-id-meta":"","stick-header-meta":"","header-above-stick-meta":"","header-main-stick-meta":"","header-below-stick-meta":"","astra-migrate-meta-layouts":"set","ast-page-background-enabled":"default","ast-page-background-meta":{"desktop":{"background-color":"","background-image":"","background-repeat":"repeat","background-position":"center center","background-size":"auto","background-attachment":"scroll","background-type":"","background-media":"","overlay-type":"","overlay-color":"","overlay-opacity":"","overlay-gradient":""},"tablet":{"background-color":"","background-image":"","background-repeat":"repeat","background-position":"center center","background-size":"auto","background-attachment":"scroll","background-type":"","background-media":"","overlay-type":"","overlay-color":"","overlay-opacity":"","overlay-gradient":""},"mobile":{"background-color":"","background-image":"","background-repeat":"repeat","background-position":"center center","background-size":"auto","background-attachment":"scroll","background-type":"","background-media":"","overlay-type":"","overlay-color":"","overlay-opacity":"","overlay-gradient":""}},"ast-content-background-meta":{"desktop":{"background-color":"var(--ast-global-color-5)","background-image":"","background-repeat":"repeat","background-position":"center center","background-size":"auto","background-attachment":"scroll","background-type":"","background-media":"","overlay-type":"","overlay-color":"","overlay-opacity":"","overlay-gradient":""},"tablet":{"background-color":"var(--ast-global-color-5)","background-image":"","background-repeat":"repeat","background-position":"center center","background-size":"auto","background-attachment":"scroll","background-type":"","background-media":"","overlay-type":"","overlay-color":"","overlay-opacity":"","overlay-gradient":""},"mobile":{"background-color":"var(--ast-global-color-5)","background-image":"","background-repeat":"repeat","background-position":"center center","background-size":"auto","background-attachment":"scroll","background-type":"","background-media":"","overlay-type":"","overlay-color":"","overlay-opacity":"","overlay-gradient":""}},"footnotes":"","_links_to":"","_links_to_target":""},"categories":[40,51,172,25],"tags":[276],"class_list":["post-8754","post","type-post","status-publish","format-standard","hentry","category-40","category-leiria","category-mestrado","category-politicas-educativas-didaticas-e-formacao","tag-maria-jose-gamboa"],"_links":{"self":[{"href":"https:\/\/events.ipv.pt\/cidei\/wp-json\/wp\/v2\/posts\/8754","targetHints":{"allow":["GET"]}}],"collection":[{"href":"https:\/\/events.ipv.pt\/cidei\/wp-json\/wp\/v2\/posts"}],"about":[{"href":"https:\/\/events.ipv.pt\/cidei\/wp-json\/wp\/v2\/types\/post"}],"author":[{"embeddable":true,"href":"https:\/\/events.ipv.pt\/cidei\/wp-json\/wp\/v2\/users\/1"}],"replies":[{"embeddable":true,"href":"https:\/\/events.ipv.pt\/cidei\/wp-json\/wp\/v2\/comments?post=8754"}],"version-history":[{"count":3,"href":"https:\/\/events.ipv.pt\/cidei\/wp-json\/wp\/v2\/posts\/8754\/revisions"}],"predecessor-version":[{"id":18701,"href":"https:\/\/events.ipv.pt\/cidei\/wp-json\/wp\/v2\/posts\/8754\/revisions\/18701"}],"wp:attachment":[{"href":"https:\/\/events.ipv.pt\/cidei\/wp-json\/wp\/v2\/media?parent=8754"}],"wp:term":[{"taxonomy":"category","embeddable":true,"href":"https:\/\/events.ipv.pt\/cidei\/wp-json\/wp\/v2\/categories?post=8754"},{"taxonomy":"post_tag","embeddable":true,"href":"https:\/\/events.ipv.pt\/cidei\/wp-json\/wp\/v2\/tags?post=8754"}],"curies":[{"name":"wp","href":"https:\/\/api.w.org\/{rel}","templated":true}]}}