{"id":8736,"date":"2020-02-01T20:04:48","date_gmt":"2020-02-01T20:04:48","guid":{"rendered":"http:\/\/localhost\/cidei\/?p=8736"},"modified":"2025-08-27T14:41:36","modified_gmt":"2025-08-27T14:41:36","slug":"viabilizacao-da-resposta-social-na-freguesia-da-penajoia-criacao-de-um-centro-de-dia","status":"publish","type":"post","link":"https:\/\/events.ipv.pt\/cidei\/viabilizacao-da-resposta-social-na-freguesia-da-penajoia-criacao-de-um-centro-de-dia\/","title":{"rendered":"Viabiliza\u00e7\u00e3o da Resposta Social na freguesia da Penaj\u00f3ia &#8211; Cria\u00e7\u00e3o de um Centro de Dia"},"content":{"rendered":"<p>Viabiliza\u00e7\u00e3o da Resposta Social na freguesia da Penaj\u00f3ia &#8211; Cria\u00e7\u00e3o de um Centro de Dia<br \/>\n2020 Gest\u00e3o de Organiza\u00e7\u00f5es Sociais | Instituto Polit\u00e9cnico de Viseu, Escola Superior de Tecnologia e Gest\u00e3o de Lamego<br \/>\nV\u00e2nia Cristina Barbosa Morais | <a href=\"http:\/\/hdl.handle.net\/10400.19\/6450\" rel=\"noopener\" target=\"_blank\">http:\/\/hdl.handle.net\/10400.19\/6450<\/a><\/p>\n","protected":false},"excerpt":{"rendered":"<p>Viabiliza\u00e7\u00e3o da Resposta Social na freguesia da Penaj\u00f3ia &#8211; Cria\u00e7\u00e3o de um Centro de Dia 2020 Gest\u00e3o de Organiza\u00e7\u00f5es Sociais | Instituto Polit\u00e9cnico de Viseu, Escola Superior de Tecnologia e Gest\u00e3o de Lamego V\u00e2nia Cristina Barbosa Morais | http:\/\/hdl.handle.net\/10400.19\/6450<\/p>\n","protected":false},"author":1,"featured_media":0,"comment_status":"closed","ping_status":"closed","sticky":false,"template":"","format":"standard","meta":{"site-sidebar-layout":"default","site-content-layout":"","ast-site-content-layout":"default","site-content-style":"default","site-sidebar-style":"default","ast-global-header-display":"","ast-banner-title-visibility":"","ast-main-header-display":"","ast-hfb-above-header-display":"","ast-hfb-below-header-display":"","ast-hfb-mobile-header-display":"","site-post-title":"","ast-breadcrumbs-content":"","ast-featured-img":"","footer-sml-layout":"","ast-disable-related-posts":"","theme-transparent-header-meta":"default","adv-header-id-meta":"","stick-header-meta":"","header-above-stick-meta":"","header-main-stick-meta":"","header-below-stick-meta":"","astra-migrate-meta-layouts":"set","ast-page-background-enabled":"default","ast-page-background-meta":{"desktop":{"background-color":"","background-image":"","background-repeat":"repeat","background-position":"center center","background-size":"auto","background-attachment":"scroll","background-type":"","background-media":"","overlay-type":"","overlay-color":"","overlay-opacity":"","overlay-gradient":""},"tablet":{"background-color":"","background-image":"","background-repeat":"repeat","background-position":"center center","background-size":"auto","background-attachment":"scroll","background-type":"","background-media":"","overlay-type":"","overlay-color":"","overlay-opacity":"","overlay-gradient":""},"mobile":{"background-color":"","background-image":"","background-repeat":"repeat","background-position":"center center","background-size":"auto","background-attachment":"scroll","background-type":"","background-media":"","overlay-type":"","overlay-color":"","overlay-opacity":"","overlay-gradient":""}},"ast-content-background-meta":{"desktop":{"background-color":"var(--ast-global-color-5)","background-image":"","background-repeat":"repeat","background-position":"center center","background-size":"auto","background-attachment":"scroll","background-type":"","background-media":"","overlay-type":"","overlay-color":"","overlay-opacity":"","overlay-gradient":""},"tablet":{"background-color":"var(--ast-global-color-5)","background-image":"","background-repeat":"repeat","background-position":"center center","background-size":"auto","background-attachment":"scroll","background-type":"","background-media":"","overlay-type":"","overlay-color":"","overlay-opacity":"","overlay-gradient":""},"mobile":{"background-color":"var(--ast-global-color-5)","background-image":"","background-repeat":"repeat","background-position":"center center","background-size":"auto","background-attachment":"scroll","background-type":"","background-media":"","overlay-type":"","overlay-color":"","overlay-opacity":"","overlay-gradient":""}},"footnotes":"","_links_to":"","_links_to_target":""},"categories":[40,172,34,49],"tags":[228],"class_list":["post-8736","post","type-post","status-publish","format-standard","hentry","category-40","category-mestrado","category-outra","category-viseu","tag-susana-rebelo-da-fonseca"],"_links":{"self":[{"href":"https:\/\/events.ipv.pt\/cidei\/wp-json\/wp\/v2\/posts\/8736","targetHints":{"allow":["GET"]}}],"collection":[{"href":"https:\/\/events.ipv.pt\/cidei\/wp-json\/wp\/v2\/posts"}],"about":[{"href":"https:\/\/events.ipv.pt\/cidei\/wp-json\/wp\/v2\/types\/post"}],"author":[{"embeddable":true,"href":"https:\/\/events.ipv.pt\/cidei\/wp-json\/wp\/v2\/users\/1"}],"replies":[{"embeddable":true,"href":"https:\/\/events.ipv.pt\/cidei\/wp-json\/wp\/v2\/comments?post=8736"}],"version-history":[{"count":3,"href":"https:\/\/events.ipv.pt\/cidei\/wp-json\/wp\/v2\/posts\/8736\/revisions"}],"predecessor-version":[{"id":18711,"href":"https:\/\/events.ipv.pt\/cidei\/wp-json\/wp\/v2\/posts\/8736\/revisions\/18711"}],"wp:attachment":[{"href":"https:\/\/events.ipv.pt\/cidei\/wp-json\/wp\/v2\/media?parent=8736"}],"wp:term":[{"taxonomy":"category","embeddable":true,"href":"https:\/\/events.ipv.pt\/cidei\/wp-json\/wp\/v2\/categories?post=8736"},{"taxonomy":"post_tag","embeddable":true,"href":"https:\/\/events.ipv.pt\/cidei\/wp-json\/wp\/v2\/tags?post=8736"}],"curies":[{"name":"wp","href":"https:\/\/api.w.org\/{rel}","templated":true}]}}