{"id":8425,"date":"2018-02-01T12:01:02","date_gmt":"2018-02-01T12:01:02","guid":{"rendered":"http:\/\/localhost\/cidei\/?p=8425"},"modified":"2025-08-28T15:43:02","modified_gmt":"2025-08-28T15:43:02","slug":"educacao-inclusiva-e-alunos-com-curriculo-especifico-individual-cei-percecoes-da-comunidade-educativa","status":"publish","type":"post","link":"https:\/\/events.ipv.pt\/cidei\/educacao-inclusiva-e-alunos-com-curriculo-especifico-individual-cei-percecoes-da-comunidade-educativa\/","title":{"rendered":"Educa\u00e7\u00e3o inclusiva e alunos com Curr\u00edculo Espec\u00edfico Individual (CEI): perce\u00e7\u00f5es da comunidade educativa"},"content":{"rendered":"<p>Educa\u00e7\u00e3o inclusiva e alunos com Curr\u00edculo Espec\u00edfico Individual (CEI): perce\u00e7\u00f5es da comunidade educativa<br \/>\n2018 Educa\u00e7\u00e3o Especial, \u00c1rea de Especializa\u00e7\u00e3o Dom\u00ednio Cognitivo e Motor | Instituto Polit\u00e9cnico de Viseu Escola Superior de Educa\u00e7\u00e3o de Viseu, Portugal<br \/>\nHelena Clara Carvalho da Cruz Ferreira da Mata | <a href=\"http:\/\/hdl.handle.net\/10400.19\/6063\" rel=\"noopener\" target=\"_blank\">http:\/\/hdl.handle.net\/10400.19\/6063<\/a><\/p>\n","protected":false},"excerpt":{"rendered":"<p>Educa\u00e7\u00e3o inclusiva e alunos com Curr\u00edculo Espec\u00edfico Individual (CEI): perce\u00e7\u00f5es da comunidade educativa 2018 Educa\u00e7\u00e3o Especial, \u00c1rea de Especializa\u00e7\u00e3o Dom\u00ednio Cognitivo e Motor | Instituto Polit\u00e9cnico de Viseu Escola Superior de Educa\u00e7\u00e3o de Viseu, Portugal Helena Clara Carvalho da Cruz Ferreira da Mata | http:\/\/hdl.handle.net\/10400.19\/6063<\/p>\n","protected":false},"author":1,"featured_media":0,"comment_status":"closed","ping_status":"closed","sticky":false,"template":"","format":"standard","meta":{"site-sidebar-layout":"default","site-content-layout":"","ast-site-content-layout":"default","site-content-style":"default","site-sidebar-style":"default","ast-global-header-display":"","ast-banner-title-visibility":"","ast-main-header-display":"","ast-hfb-above-header-display":"","ast-hfb-below-header-display":"","ast-hfb-mobile-header-display":"","site-post-title":"","ast-breadcrumbs-content":"","ast-featured-img":"","footer-sml-layout":"","ast-disable-related-posts":"","theme-transparent-header-meta":"default","adv-header-id-meta":"","stick-header-meta":"","header-above-stick-meta":"","header-main-stick-meta":"","header-below-stick-meta":"","astra-migrate-meta-layouts":"set","ast-page-background-enabled":"default","ast-page-background-meta":{"desktop":{"background-color":"","background-image":"","background-repeat":"repeat","background-position":"center center","background-size":"auto","background-attachment":"scroll","background-type":"","background-media":"","overlay-type":"","overlay-color":"","overlay-opacity":"","overlay-gradient":""},"tablet":{"background-color":"","background-image":"","background-repeat":"repeat","background-position":"center center","background-size":"auto","background-attachment":"scroll","background-type":"","background-media":"","overlay-type":"","overlay-color":"","overlay-opacity":"","overlay-gradient":""},"mobile":{"background-color":"","background-image":"","background-repeat":"repeat","background-position":"center center","background-size":"auto","background-attachment":"scroll","background-type":"","background-media":"","overlay-type":"","overlay-color":"","overlay-opacity":"","overlay-gradient":""}},"ast-content-background-meta":{"desktop":{"background-color":"var(--ast-global-color-5)","background-image":"","background-repeat":"repeat","background-position":"center center","background-size":"auto","background-attachment":"scroll","background-type":"","background-media":"","overlay-type":"","overlay-color":"","overlay-opacity":"","overlay-gradient":""},"tablet":{"background-color":"var(--ast-global-color-5)","background-image":"","background-repeat":"repeat","background-position":"center center","background-size":"auto","background-attachment":"scroll","background-type":"","background-media":"","overlay-type":"","overlay-color":"","overlay-opacity":"","overlay-gradient":""},"mobile":{"background-color":"var(--ast-global-color-5)","background-image":"","background-repeat":"repeat","background-position":"center center","background-size":"auto","background-attachment":"scroll","background-type":"","background-media":"","overlay-type":"","overlay-color":"","overlay-opacity":"","overlay-gradient":""}},"footnotes":"","_links_to":"","_links_to_target":""},"categories":[42,27,172,49],"tags":[281,244],"class_list":["post-8425","post","type-post","status-publish","format-standard","hentry","category-42","category-educacao-cidadania-e-inclusao","category-mestrado","category-viseu","tag-esperanca-ribeiro","tag-rosina-fernandes"],"_links":{"self":[{"href":"https:\/\/events.ipv.pt\/cidei\/wp-json\/wp\/v2\/posts\/8425","targetHints":{"allow":["GET"]}}],"collection":[{"href":"https:\/\/events.ipv.pt\/cidei\/wp-json\/wp\/v2\/posts"}],"about":[{"href":"https:\/\/events.ipv.pt\/cidei\/wp-json\/wp\/v2\/types\/post"}],"author":[{"embeddable":true,"href":"https:\/\/events.ipv.pt\/cidei\/wp-json\/wp\/v2\/users\/1"}],"replies":[{"embeddable":true,"href":"https:\/\/events.ipv.pt\/cidei\/wp-json\/wp\/v2\/comments?post=8425"}],"version-history":[{"count":3,"href":"https:\/\/events.ipv.pt\/cidei\/wp-json\/wp\/v2\/posts\/8425\/revisions"}],"predecessor-version":[{"id":18851,"href":"https:\/\/events.ipv.pt\/cidei\/wp-json\/wp\/v2\/posts\/8425\/revisions\/18851"}],"wp:attachment":[{"href":"https:\/\/events.ipv.pt\/cidei\/wp-json\/wp\/v2\/media?parent=8425"}],"wp:term":[{"taxonomy":"category","embeddable":true,"href":"https:\/\/events.ipv.pt\/cidei\/wp-json\/wp\/v2\/categories?post=8425"},{"taxonomy":"post_tag","embeddable":true,"href":"https:\/\/events.ipv.pt\/cidei\/wp-json\/wp\/v2\/tags?post=8425"}],"curies":[{"name":"wp","href":"https:\/\/api.w.org\/{rel}","templated":true}]}}