{"id":8416,"date":"2018-02-01T11:55:44","date_gmt":"2018-02-01T11:55:44","guid":{"rendered":"http:\/\/localhost\/cidei\/?p=8416"},"modified":"2025-08-28T15:43:55","modified_gmt":"2025-08-28T15:43:55","slug":"envolvimento-e-participacao-de-familias-de-criancas-com-multideficiencia-no-processo-educativo-nos-contextos-escolares","status":"publish","type":"post","link":"https:\/\/events.ipv.pt\/cidei\/envolvimento-e-participacao-de-familias-de-criancas-com-multideficiencia-no-processo-educativo-nos-contextos-escolares\/","title":{"rendered":"Envolvimento e participa\u00e7\u00e3o de fam\u00edlias de crian\u00e7as com multidefici\u00eancia no processo educativo, nos contextos escolares"},"content":{"rendered":"<p>Envolvimento e participa\u00e7\u00e3o de fam\u00edlias de crian\u00e7as com multidefici\u00eancia no processo educativo, nos contextos escolares<br \/>\n2018 Educa\u00e7\u00e3o Especial | Instituto Polit\u00e9cnico de Lisboa Escola Superior de Educa\u00e7\u00e3o, Portugal<\/p>\n","protected":false},"excerpt":{"rendered":"<p>Envolvimento e participa\u00e7\u00e3o de fam\u00edlias de crian\u00e7as com multidefici\u00eancia no processo educativo, nos contextos escolares 2018 Educa\u00e7\u00e3o Especial | Instituto Polit\u00e9cnico de Lisboa Escola Superior de Educa\u00e7\u00e3o, Portugal<\/p>\n","protected":false},"author":1,"featured_media":0,"comment_status":"closed","ping_status":"closed","sticky":false,"template":"","format":"standard","meta":{"site-sidebar-layout":"default","site-content-layout":"","ast-site-content-layout":"default","site-content-style":"default","site-sidebar-style":"default","ast-global-header-display":"","ast-banner-title-visibility":"","ast-main-header-display":"","ast-hfb-above-header-display":"","ast-hfb-below-header-display":"","ast-hfb-mobile-header-display":"","site-post-title":"","ast-breadcrumbs-content":"","ast-featured-img":"","footer-sml-layout":"","ast-disable-related-posts":"","theme-transparent-header-meta":"default","adv-header-id-meta":"","stick-header-meta":"","header-above-stick-meta":"","header-main-stick-meta":"","header-below-stick-meta":"","astra-migrate-meta-layouts":"set","ast-page-background-enabled":"default","ast-page-background-meta":{"desktop":{"background-color":"","background-image":"","background-repeat":"repeat","background-position":"center center","background-size":"auto","background-attachment":"scroll","background-type":"","background-media":"","overlay-type":"","overlay-color":"","overlay-opacity":"","overlay-gradient":""},"tablet":{"background-color":"","background-image":"","background-repeat":"repeat","background-position":"center center","background-size":"auto","background-attachment":"scroll","background-type":"","background-media":"","overlay-type":"","overlay-color":"","overlay-opacity":"","overlay-gradient":""},"mobile":{"background-color":"","background-image":"","background-repeat":"repeat","background-position":"center center","background-size":"auto","background-attachment":"scroll","background-type":"","background-media":"","overlay-type":"","overlay-color":"","overlay-opacity":"","overlay-gradient":""}},"ast-content-background-meta":{"desktop":{"background-color":"var(--ast-global-color-5)","background-image":"","background-repeat":"repeat","background-position":"center center","background-size":"auto","background-attachment":"scroll","background-type":"","background-media":"","overlay-type":"","overlay-color":"","overlay-opacity":"","overlay-gradient":""},"tablet":{"background-color":"var(--ast-global-color-5)","background-image":"","background-repeat":"repeat","background-position":"center center","background-size":"auto","background-attachment":"scroll","background-type":"","background-media":"","overlay-type":"","overlay-color":"","overlay-opacity":"","overlay-gradient":""},"mobile":{"background-color":"var(--ast-global-color-5)","background-image":"","background-repeat":"repeat","background-position":"center center","background-size":"auto","background-attachment":"scroll","background-type":"","background-media":"","overlay-type":"","overlay-color":"","overlay-opacity":"","overlay-gradient":""}},"footnotes":"","_links_to":"","_links_to_target":""},"categories":[42,27,152,172],"tags":[230],"class_list":["post-8416","post","type-post","status-publish","format-standard","hentry","category-42","category-educacao-cidadania-e-inclusao","category-lisboa","category-mestrado","tag-clarisse-nunes"],"_links":{"self":[{"href":"https:\/\/events.ipv.pt\/cidei\/wp-json\/wp\/v2\/posts\/8416","targetHints":{"allow":["GET"]}}],"collection":[{"href":"https:\/\/events.ipv.pt\/cidei\/wp-json\/wp\/v2\/posts"}],"about":[{"href":"https:\/\/events.ipv.pt\/cidei\/wp-json\/wp\/v2\/types\/post"}],"author":[{"embeddable":true,"href":"https:\/\/events.ipv.pt\/cidei\/wp-json\/wp\/v2\/users\/1"}],"replies":[{"embeddable":true,"href":"https:\/\/events.ipv.pt\/cidei\/wp-json\/wp\/v2\/comments?post=8416"}],"version-history":[{"count":2,"href":"https:\/\/events.ipv.pt\/cidei\/wp-json\/wp\/v2\/posts\/8416\/revisions"}],"predecessor-version":[{"id":14064,"href":"https:\/\/events.ipv.pt\/cidei\/wp-json\/wp\/v2\/posts\/8416\/revisions\/14064"}],"wp:attachment":[{"href":"https:\/\/events.ipv.pt\/cidei\/wp-json\/wp\/v2\/media?parent=8416"}],"wp:term":[{"taxonomy":"category","embeddable":true,"href":"https:\/\/events.ipv.pt\/cidei\/wp-json\/wp\/v2\/categories?post=8416"},{"taxonomy":"post_tag","embeddable":true,"href":"https:\/\/events.ipv.pt\/cidei\/wp-json\/wp\/v2\/tags?post=8416"}],"curies":[{"name":"wp","href":"https:\/\/api.w.org\/{rel}","templated":true}]}}