{"id":740,"date":"2016-02-25T12:02:55","date_gmt":"2016-02-25T12:02:55","guid":{"rendered":"http:\/\/localhost\/cidei\/?p=740"},"modified":"2026-02-06T15:06:34","modified_gmt":"2026-02-06T15:06:34","slug":"epops-supervisao-apoio-e-regulacao-do-processo-de-ensino-aprendizagem-uma-analise-de-praticas-pedagogicas-e-didaticas-em-contexto-de-sala-de-aula","status":"publish","type":"post","link":"https:\/\/events.ipv.pt\/cidei\/epops-supervisao-apoio-e-regulacao-do-processo-de-ensino-aprendizagem-uma-analise-de-praticas-pedagogicas-e-didaticas-em-contexto-de-sala-de-aula\/","title":{"rendered":"PROJ\/CI&#038;DETS\/2016\/0016 | SUPERVIS\u00c3O, APOIO E REGULA\u00c7\u00c3O DO PROCESSO DE ENSINO-APRENDIZAGEM: UMA AN\u00c1LISE DE PRATICAS PEDAG\u00d3GICAS E DID\u00c1TICAS EM CONTEXTO DE SALA DE AULA"},"content":{"rendered":"<h5><span class=\"fS8\">Dura\u00e7\u00e3o:<\/span> 2016 \u2013 2018<\/h5>\n<h5><span class=\"fS8\">Investigador Respons\u00e1vel<\/span><br \/>\nJo\u00e3o Rocha<\/h5>\n<h5><span class=\"fS8\">Membros da Equipa<\/span><br \/>\n<span class=\"fCinzaA fW400\">Ana Costa Lopes<br \/>\nAna Isabel Silva<br \/>\nAna Patr\u00edcia Martins<\/span><br \/>\nAna Paula Cardoso<br \/>\n<span class=\"fCinzaA fW400\">Anabela Novais<\/span><br \/>\nAnt\u00f3nio Azevedo<br \/>\nAnt\u00f3nio Ribeiro<br \/>\nBelmiro Rego<br \/>\nCarla Lacerda<br \/>\nEsperan\u00e7a Ribeiro<br \/>\n<span class=\"fCinzaA fW400\">Helena Gomes<\/span><br \/>\nHenrique Ramalho<br \/>\nIsabel Aires de Matos<br \/>\n<span class=\"fCinzaA fW400\">Jo\u00e3o Nunes<\/span><br \/>\nLu\u00eds Menezes<br \/>\n<span class=\"fCinzaA fW400\">Maria Cristina Aguiar<\/span><br \/>\nMaria Pacheco Figueiredo<br \/>\nPaulo Eira<br \/>\nSusana Amante<\/h5>\n<h5><span class=\"fS8\">Entidades Financiadoras<br \/>\nIPV\/CI&#038;DETS<\/span><\/h5>\n<div class=\"esp20-0\" style=\"border-top: 1px solid #787b82; width: 55%;\"><\/div>\n<p>Este projeto de investiga\u00e7\u00e3o parte de uma situa\u00e7\u00e3o-problema colocada pelos \u00f3rg\u00e3os de gest\u00e3o de uma institui\u00e7\u00e3o de ensino b\u00e1sico do concelho de Viseu, referente aos baixos \u00edndices evidenciados nos resultados acad\u00e9micos dos alunos do 1.\u00ba Ciclo do Ensino B\u00e1sico (1.\u00ba CEB) nas provas de avalia\u00e7\u00e3o externa. A entidade proponente visa circunscrever os fatores que podem ajudar a explicar esta situa\u00e7\u00e3o, com vista \u00e0 sua modifica\u00e7\u00e3o e melhoria dos resultados acad\u00e9micos dos alunos que frequentam a institui\u00e7\u00e3o. Em termos metodol\u00f3gicos, a investiga\u00e7\u00e3o contempla processos de supervis\u00e3o pedag\u00f3gica e de investiga\u00e7\u00e3o sobre as pr\u00e1ticas de ensino, tendo em vista a an\u00e1lise e recolha de informa\u00e7\u00e3o relevante que possibilite dar uma resposta fundamentada sobre potenciais solu\u00e7\u00f5es para o problema.<\/p>\n","protected":false},"excerpt":{"rendered":"<p>Dura\u00e7\u00e3o: 2016 \u2013 2018 Investigador Respons\u00e1vel Jo\u00e3o Rocha Membros da Equipa Ana Costa Lopes Ana Isabel Silva Ana Patr\u00edcia Martins Ana Paula Cardoso Anabela Novais Ant\u00f3nio Azevedo Ant\u00f3nio Ribeiro Belmiro Rego Carla Lacerda Esperan\u00e7a Ribeiro Helena Gomes Henrique Ramalho Isabel Aires de Matos Jo\u00e3o Nunes Lu\u00eds Menezes Maria Cristina Aguiar Maria Pacheco Figueiredo Paulo Eira [&hellip;]<\/p>\n","protected":false},"author":1,"featured_media":12155,"comment_status":"closed","ping_status":"closed","sticky":false,"template":"","format":"standard","meta":{"site-sidebar-layout":"default","site-content-layout":"default","ast-site-content-layout":"normal-width-container","site-content-style":"boxed","site-sidebar-style":"default","ast-global-header-display":"","ast-banner-title-visibility":"","ast-main-header-display":"","ast-hfb-above-header-display":"","ast-hfb-below-header-display":"","ast-hfb-mobile-header-display":"","site-post-title":"","ast-breadcrumbs-content":"","ast-featured-img":"","footer-sml-layout":"","ast-disable-related-posts":"","theme-transparent-header-meta":"default","adv-header-id-meta":"","stick-header-meta":"","header-above-stick-meta":"","header-main-stick-meta":"","header-below-stick-meta":"","astra-migrate-meta-layouts":"set","ast-page-background-enabled":"default","ast-page-background-meta":{"desktop":{"background-color":"","background-image":"","background-repeat":"repeat","background-position":"center center","background-size":"auto","background-attachment":"scroll","background-type":"","background-media":"","overlay-type":"","overlay-color":"","overlay-opacity":"","overlay-gradient":""},"tablet":{"background-color":"","background-image":"","background-repeat":"repeat","background-position":"center center","background-size":"auto","background-attachment":"scroll","background-type":"","background-media":"","overlay-type":"","overlay-color":"","overlay-opacity":"","overlay-gradient":""},"mobile":{"background-color":"","background-image":"","background-repeat":"repeat","background-position":"center center","background-size":"auto","background-attachment":"scroll","background-type":"","background-media":"","overlay-type":"","overlay-color":"","overlay-opacity":"","overlay-gradient":""}},"ast-content-background-meta":{"desktop":{"background-color":"var(--ast-global-color-5)","background-image":"","background-repeat":"repeat","background-position":"center center","background-size":"auto","background-attachment":"scroll","background-type":"","background-media":"","overlay-type":"","overlay-color":"","overlay-opacity":"","overlay-gradient":""},"tablet":{"background-color":"var(--ast-global-color-5)","background-image":"","background-repeat":"repeat","background-position":"center center","background-size":"auto","background-attachment":"scroll","background-type":"","background-media":"","overlay-type":"","overlay-color":"","overlay-opacity":"","overlay-gradient":""},"mobile":{"background-color":"var(--ast-global-color-5)","background-image":"","background-repeat":"repeat","background-position":"center center","background-size":"auto","background-attachment":"scroll","background-type":"","background-media":"","overlay-type":"","overlay-color":"","overlay-opacity":"","overlay-gradient":""}},"footnotes":"","_links_to":"","_links_to_target":""},"categories":[5,741,31,25,7,49],"tags":[360,238,223,211,361,325,324,326,281,301,328,212,222,218,310,261],"class_list":["post-740","post","type-post","status-publish","format-standard","has-post-thumbnail","hentry","category-concluido","category-nacional","category-nao-competitivo","category-politicas-educativas-didaticas-e-formacao","category-projeto","category-viseu","tag-2016-2018","tag-ana-costa-lopes","tag-ana-isabel-silva","tag-ana-paula-cardoso","tag-antonio-azevedo","tag-antonio-ribeiro","tag-belmiro-rego","tag-carla-lacerda","tag-esperanca-ribeiro","tag-henrique-ramalho","tag-isabel-aires-de-matos","tag-joao-rocha","tag-luis-menezes","tag-maria-pacheco-figueiredo","tag-paulo-eira","tag-susana-amante"],"_links":{"self":[{"href":"https:\/\/events.ipv.pt\/cidei\/wp-json\/wp\/v2\/posts\/740","targetHints":{"allow":["GET"]}}],"collection":[{"href":"https:\/\/events.ipv.pt\/cidei\/wp-json\/wp\/v2\/posts"}],"about":[{"href":"https:\/\/events.ipv.pt\/cidei\/wp-json\/wp\/v2\/types\/post"}],"author":[{"embeddable":true,"href":"https:\/\/events.ipv.pt\/cidei\/wp-json\/wp\/v2\/users\/1"}],"replies":[{"embeddable":true,"href":"https:\/\/events.ipv.pt\/cidei\/wp-json\/wp\/v2\/comments?post=740"}],"version-history":[{"count":15,"href":"https:\/\/events.ipv.pt\/cidei\/wp-json\/wp\/v2\/posts\/740\/revisions"}],"predecessor-version":[{"id":21449,"href":"https:\/\/events.ipv.pt\/cidei\/wp-json\/wp\/v2\/posts\/740\/revisions\/21449"}],"wp:featuredmedia":[{"embeddable":true,"href":"https:\/\/events.ipv.pt\/cidei\/wp-json\/wp\/v2\/media\/12155"}],"wp:attachment":[{"href":"https:\/\/events.ipv.pt\/cidei\/wp-json\/wp\/v2\/media?parent=740"}],"wp:term":[{"taxonomy":"category","embeddable":true,"href":"https:\/\/events.ipv.pt\/cidei\/wp-json\/wp\/v2\/categories?post=740"},{"taxonomy":"post_tag","embeddable":true,"href":"https:\/\/events.ipv.pt\/cidei\/wp-json\/wp\/v2\/tags?post=740"}],"curies":[{"name":"wp","href":"https:\/\/api.w.org\/{rel}","templated":true}]}}