{"id":7320,"date":"2020-01-28T13:24:31","date_gmt":"2020-01-28T13:24:31","guid":{"rendered":"http:\/\/localhost\/cidei\/?p=7320"},"modified":"2026-02-02T11:33:11","modified_gmt":"2026-02-02T11:33:11","slug":"621441-epp-1-2020-1-es-eppka3-ipi-soc-in-inartdis-fostering-social-inclusion-for-all-through-artistic-education-developing-support-for-students-with-disabilities","status":"publish","type":"post","link":"https:\/\/events.ipv.pt\/cidei\/621441-epp-1-2020-1-es-eppka3-ipi-soc-in-inartdis-fostering-social-inclusion-for-all-through-artistic-education-developing-support-for-students-with-disabilities\/","title":{"rendered":"621441-EPP-1-2020-1-ES-EPPKA3-IPI-SOC-IN | [INARTdis] Fostering social inclusion for all through artistic education: developing support for students with disabilities"},"content":{"rendered":"<h5><span class=\"fS8\">Dura\u00e7\u00e3o:<\/span> 2020 &#8211; 2023<\/h5>\n<h5><span class=\"fS8\">Investigador Respons\u00e1vel<\/span><br \/>\n<span class=\"fCinzaA fW400\">Josep Maria Sanahuja Gavald\u00e0<\/span><\/h5>\n<h5><span class=\"fS8\">Investigador Respons\u00e1vel do CI&#038;DEI<\/span><br \/>\nClarisse Nunes<\/h5>\n<h5><span class=\"fS8\">Membros da Equipa<\/span><br \/>\nBianor Valente<br \/>\nTiago Almeida<\/h5>\n<h5><span class=\"fS8\">Linha de investiga\u00e7\u00e3o<\/span><br \/>\nEduca\u00e7\u00e3o, Cidadania e Inclus\u00e3o<\/h5>\n<p><a class=\"btEquipa\" href=\"https:\/\/inartdis.eu\/inartdis-project\/\" rel=\"noopener\" target=\"_blank\">mais<\/a><\/p>\n<p><\/p>\n<div class=\"esp20-0\" style=\"border-top: 1px solid #787b82; width: 55%;\"><\/div>\n<p>O projeto Erasmus+ INARTDis \u201cPromovendo a inclus\u00e3o social para todos por meio da educa\u00e7\u00e3o art\u00edstica: desenvolvendo apoio para alunos com defici\u00eancia\u201d tem como tema a arte e inclus\u00e3o de pessoas com defici\u00eancia tem como principal finalidade aproximar arte e cultura de alunos\/pessoas com defici\u00eancia, facilitando os processos de inclus\u00e3o social atrav\u00e9s de espa\u00e7os de cria\u00e7\u00e3o art\u00edstica. Especificamente, o projeto procura: (i) Identificar as necessidades de forma\u00e7\u00e3o em arte e inclus\u00e3o do corpo docente de centros educativos com alunos com defici\u00eancia e de profissionais de institui\u00e7\u00f5es culturais; (ii) Avaliar a \u201cinclusividade\u201d de institui\u00e7\u00f5es culturais e a inclus\u00e3o social dos alunos com defici\u00eancia; (iii) Conceber, implementar e avaliar um curso de forma\u00e7\u00e3o em educa\u00e7\u00e3o art\u00edstica e inclus\u00e3o; (iv) Conceber, implementar e avaliar um projeto de educa\u00e7\u00e3o art\u00edstica (educa\u00e7\u00e3o pela arte) para alunos com defici\u00eancia em institui\u00e7\u00f5es culturais, a fim de promover a sua inclus\u00e3o social e (v) Divulgar o projeto atrav\u00e9s de uma exposi\u00e7\u00e3o em todos os pa\u00edses parceiros.<br \/>\nA institui\u00e7\u00e3o coordenadora \u00e9 a Universidade Aut\u00f3noma de Barcelona \u2013 Espanha. O projeto envolve ainda institui\u00e7\u00f5es de ensino superior de v\u00e1rios paises da Uni\u00e3o Europeia, a saber: (i) Universidade Aut\u00f3noma de Barcelona \u2013 Espanha; (ii) Universidade de Cant\u00e1bria \u2013 Espanha; (iii) University College of Teacher Education of Syria \u2013 Austria; (iii) Instituto Polit\u00e9cnico de Lisboa \u2013 Portugal; e ainda duas outras Institui\u00e7\u00f5es socioculturais europeias: Association for Promotion of Education, Culture and Sports \u201cEducation for all\u201d \u2013 Rep\u00fablica da Maced\u00f3nia do Norte; e Thikwa Werkstatt f\u00fcr Theater und Kunst der Nordberliner Werkgemeinschaft gGmbH \/ Nordberliner Werkgemeinschaft gGmbH (NBW) \u2013 Alemanha.<\/p>\n","protected":false},"excerpt":{"rendered":"<p>Dura\u00e7\u00e3o: 2020 &#8211; 2023 Investigador Respons\u00e1vel Josep Maria Sanahuja Gavald\u00e0 Investigador Respons\u00e1vel do CI&#038;DEI Clarisse Nunes Membros da Equipa Bianor Valente Tiago Almeida Linha de investiga\u00e7\u00e3o Educa\u00e7\u00e3o, Cidadania e Inclus\u00e3o mais O projeto Erasmus+ INARTDis \u201cPromovendo a inclus\u00e3o social para todos por meio da educa\u00e7\u00e3o art\u00edstica: desenvolvendo apoio para alunos com defici\u00eancia\u201d tem como tema [&hellip;]<\/p>\n","protected":false},"author":1,"featured_media":7321,"comment_status":"closed","ping_status":"closed","sticky":false,"template":"","format":"standard","meta":{"site-sidebar-layout":"default","site-content-layout":"","ast-site-content-layout":"normal-width-container","site-content-style":"boxed","site-sidebar-style":"default","ast-global-header-display":"","ast-banner-title-visibility":"","ast-main-header-display":"","ast-hfb-above-header-display":"","ast-hfb-below-header-display":"","ast-hfb-mobile-header-display":"","site-post-title":"","ast-breadcrumbs-content":"","ast-featured-img":"","footer-sml-layout":"","ast-disable-related-posts":"","theme-transparent-header-meta":"default","adv-header-id-meta":"","stick-header-meta":"","header-above-stick-meta":"","header-main-stick-meta":"","header-below-stick-meta":"","astra-migrate-meta-layouts":"set","ast-page-background-enabled":"default","ast-page-background-meta":{"desktop":{"background-color":"","background-image":"","background-repeat":"repeat","background-position":"center center","background-size":"auto","background-attachment":"scroll","background-type":"","background-media":"","overlay-type":"","overlay-color":"","overlay-opacity":"","overlay-gradient":""},"tablet":{"background-color":"","background-image":"","background-repeat":"repeat","background-position":"center center","background-size":"auto","background-attachment":"scroll","background-type":"","background-media":"","overlay-type":"","overlay-color":"","overlay-opacity":"","overlay-gradient":""},"mobile":{"background-color":"","background-image":"","background-repeat":"repeat","background-position":"center center","background-size":"auto","background-attachment":"scroll","background-type":"","background-media":"","overlay-type":"","overlay-color":"","overlay-opacity":"","overlay-gradient":""}},"ast-content-background-meta":{"desktop":{"background-color":"var(--ast-global-color-5)","background-image":"","background-repeat":"repeat","background-position":"center center","background-size":"auto","background-attachment":"scroll","background-type":"","background-media":"","overlay-type":"","overlay-color":"","overlay-opacity":"","overlay-gradient":""},"tablet":{"background-color":"var(--ast-global-color-5)","background-image":"","background-repeat":"repeat","background-position":"center center","background-size":"auto","background-attachment":"scroll","background-type":"","background-media":"","overlay-type":"","overlay-color":"","overlay-opacity":"","overlay-gradient":""},"mobile":{"background-color":"var(--ast-global-color-5)","background-image":"","background-repeat":"repeat","background-position":"center center","background-size":"auto","background-attachment":"scroll","background-type":"","background-media":"","overlay-type":"","overlay-color":"","overlay-opacity":"","overlay-gradient":""}},"footnotes":"","_links_to":"","_links_to_target":""},"categories":[30,5,27,742,152,7],"tags":[339,294,230,226],"class_list":["post-7320","post","type-post","status-publish","format-standard","has-post-thumbnail","hentry","category-competitivo","category-concluido","category-educacao-cidadania-e-inclusao","category-internacional","category-lisboa","category-projeto","tag-2020-2023","tag-bianor-valente","tag-clarisse-nunes","tag-tiago-almeida"],"_links":{"self":[{"href":"https:\/\/events.ipv.pt\/cidei\/wp-json\/wp\/v2\/posts\/7320","targetHints":{"allow":["GET"]}}],"collection":[{"href":"https:\/\/events.ipv.pt\/cidei\/wp-json\/wp\/v2\/posts"}],"about":[{"href":"https:\/\/events.ipv.pt\/cidei\/wp-json\/wp\/v2\/types\/post"}],"author":[{"embeddable":true,"href":"https:\/\/events.ipv.pt\/cidei\/wp-json\/wp\/v2\/users\/1"}],"replies":[{"embeddable":true,"href":"https:\/\/events.ipv.pt\/cidei\/wp-json\/wp\/v2\/comments?post=7320"}],"version-history":[{"count":6,"href":"https:\/\/events.ipv.pt\/cidei\/wp-json\/wp\/v2\/posts\/7320\/revisions"}],"predecessor-version":[{"id":21241,"href":"https:\/\/events.ipv.pt\/cidei\/wp-json\/wp\/v2\/posts\/7320\/revisions\/21241"}],"wp:featuredmedia":[{"embeddable":true,"href":"https:\/\/events.ipv.pt\/cidei\/wp-json\/wp\/v2\/media\/7321"}],"wp:attachment":[{"href":"https:\/\/events.ipv.pt\/cidei\/wp-json\/wp\/v2\/media?parent=7320"}],"wp:term":[{"taxonomy":"category","embeddable":true,"href":"https:\/\/events.ipv.pt\/cidei\/wp-json\/wp\/v2\/categories?post=7320"},{"taxonomy":"post_tag","embeddable":true,"href":"https:\/\/events.ipv.pt\/cidei\/wp-json\/wp\/v2\/tags?post=7320"}],"curies":[{"name":"wp","href":"https:\/\/api.w.org\/{rel}","templated":true}]}}