{"id":728,"date":"2017-02-25T11:27:39","date_gmt":"2017-02-25T11:27:39","guid":{"rendered":"http:\/\/localhost\/cidei\/?p=728"},"modified":"2026-02-06T09:34:27","modified_gmt":"2026-02-06T09:34:27","slug":"prolearn4all-maletas-pedagogicas-para-todos","status":"publish","type":"post","link":"https:\/\/events.ipv.pt\/cidei\/prolearn4all-maletas-pedagogicas-para-todos\/","title":{"rendered":"CENTRO-01-0145-FEDER-023474 | PROLEARN4ALL MALETAS PEDAG\u00d3GICAS PARA TODOS"},"content":{"rendered":"<h5><span class=\"fS8\">Dura\u00e7\u00e3o:<\/span> 2017 \u2013 2019<\/h5>\n<h5><span class=\"fS8\">Membros da Equipa<\/span><br \/>\nCatarina Mangas<br \/>\nClarinda Barata<br \/>\nOlga Santos<\/h5>\n<h5><span class=\"fS8\">Parceiros Institucionais e Empresariais<br \/>\nInstituto Polit\u00e9cnico de Leiria (proponente)<br \/>\nInstituto Polit\u00e9cnico Coimbra<br \/>\nCERCILEI &#8211; Cooperativa de Ensino e Reabilita\u00e7\u00e3o de Cidad\u00e3os Inadaptados de Leiria<br \/>\nMunic\u00edpio de Leiria<\/span><\/h5>\n<h5><span class=\"fS8\">Entidades Financiadoras<br \/>\nCENTRO2020; PORTUGAL2020; FEDER<\/span><\/h5>\n<h5><span class=\"fS8\">Linha de investiga\u00e7\u00e3o<\/span><br \/>\nEduca\u00e7\u00e3o, Cidadania e Inclus\u00e3o<\/h5>\n<p><a class=\"btEquipa\" href=\"https:\/\/www.ipleiria.pt\/wp-content\/uploads\/2020\/06\/ProLearn4ALL_Ficha-de-Projeto.pdf\" rel=\"noopener noreferrer\" target=\"_blank\">mais<\/a><\/p>\n<div class=\"esp20-0\" style=\"border-top: 1px solid #787b82; width: 55%;\"><\/div>\n<h5>OBJETIVOS<\/h5>\n<p>Objetivos, atividades e resultados esperados\/atingidos:<br \/>\nO ProLearn4ALL tem o intuito de refor\u00e7ar a investiga\u00e7\u00e3o, o desenvolvimento tecnol\u00f3gico e a inova\u00e7\u00e3o e promover a inclus\u00e3o social, atrav\u00e9s do aumento da consci\u00eancia das crian\u00e7as do 1\u00ba Ciclo do Ensino B\u00e1sico (CEB) para a aceita\u00e7\u00e3o da diferen\u00e7a. Associado a este objetivo geral, encontram-se os objetivos espec\u00edficos definidos para o projeto, nomeadamente: apresentar caracter\u00edsticas espec\u00edficas de pessoas com defici\u00eancia; permitir, \u00e0s crian\u00e7as, a aplica\u00e7\u00e3o pr\u00e1tica dos conhecimentos adquiridos; sensibilizar as crian\u00e7as para os quatro dom\u00ednios da defici\u00eancia; mudar atitudes e comportamentos das crian\u00e7as face a pessoas com defici\u00eancia e potenciar as capacidades de TODOS.<\/p>\n<p>O projeto engloba nove atividades\/fases:<br \/>\n1. Estado da arte &#8211; Defini\u00e7\u00e3o do problema, enquadramento cient\u00edfico e pesquisa de recursos l\u00fadicopedag\u00f3gicos;<br \/>\n2. Conceptualiza\u00e7\u00e3o &#8211; Desenvolvimento de propostas de recursos l\u00fadico-pedag\u00f3gicos para trabalhar a tem\u00e1tica da defici\u00eancia;<br \/>\n3. Design e ilustra\u00e7\u00e3o &#8211; Elabora\u00e7\u00e3o do design e ilustra\u00e7\u00e3o adequados aos recursos l\u00fadico-pedag\u00f3gicos;<br \/>\n4. Produ\u00e7\u00e3o &#8211; Cria\u00e7\u00e3o de uma maleta com os recursos l\u00fadico-pedag\u00f3gicos;<br \/>\n5. Teste no 1\u00ba CEB &#8211; Teste da maleta pedag\u00f3gica (com os recursos) num Agrupamento de Escolas de Leiria;<br \/>\n6. Revis\u00e3o e reformula\u00e7\u00e3o &#8211; Adapta\u00e7\u00e3o da maleta pedag\u00f3gica para desenvolver uma vers\u00e3o melhorada<br \/>\n7. Valida\u00e7\u00e3o por consultores externos &#8211; An\u00e1lise da maleta pedag\u00f3gica por especialistas na \u00e1rea da inclus\u00e3o;<br \/>\n8. Aplica\u00e7\u00e3o da maleta final no 1\u00ba CEB &#8211; Implementa\u00e7\u00e3o da maleta pedag\u00f3gica validada em dois Agrupamentos de Escolas de Leiria;<br \/>\n9. Dissemina\u00e7\u00e3o &#8211; Divulga\u00e7\u00e3o do projeto e seus resultados pela comunidade cient\u00edfica e educativa.<\/p>\n<p>No final do ProLearn4ALL, espera-se obter diversos recursos l\u00fadico-pedag\u00f3gicos validados, reunidos numa maleta, que d\u00e3o a conhecer os principais dom\u00ednios da defici\u00eancia (auditivo, intelectual, motor e visual).<br \/>\nEsta ser\u00e1 reproduzida catorze vezes, com o intuito de ficar ao dispor de algumas entidades da regi\u00e3o centro, tais como: Agrupamentos de Escolas de Leiria; Biblioteca Municipal Afonso Lopes Vieira; CERCILEI e Unidades de Investiga\u00e7\u00e3o.<br \/>\nCom o objetivo de disseminar o projeto, prev\u00ea-se apresentar diversas comunica\u00e7\u00f5es orais em eventos nacionais e internacionais, que dar\u00e3o lugar \u00e0 publica\u00e7\u00e3o de artigos cient\u00edficos em atas de confer\u00eancias, revistas indexadas e livros com peer review.<br \/>\nTendo em conta que o projeto est\u00e1 intimamente ligado com a regi\u00e3o centro do pa\u00eds e, em particular, com Leiria, importa tamb\u00e9m dinamizar eventos que permitam dar a conhecer o processo de constru\u00e7\u00e3o da maleta pedag\u00f3gica, atrav\u00e9s de exposi\u00e7\u00f5es de materiais e sess\u00f5es de apresenta\u00e7\u00e3o.<\/p>\n","protected":false},"excerpt":{"rendered":"<p>Dura\u00e7\u00e3o: 2017 \u2013 2019 Membros da Equipa Catarina Mangas Clarinda Barata Olga Santos Parceiros Institucionais e Empresariais Instituto Polit\u00e9cnico de Leiria (proponente) Instituto Polit\u00e9cnico Coimbra CERCILEI &#8211; Cooperativa de Ensino e Reabilita\u00e7\u00e3o de Cidad\u00e3os Inadaptados de Leiria Munic\u00edpio de Leiria Entidades Financiadoras CENTRO2020; PORTUGAL2020; FEDER Linha de investiga\u00e7\u00e3o Educa\u00e7\u00e3o, Cidadania e Inclus\u00e3o mais OBJETIVOS Objetivos, [&hellip;]<\/p>\n","protected":false},"author":1,"featured_media":4815,"comment_status":"closed","ping_status":"closed","sticky":false,"template":"","format":"standard","meta":{"site-sidebar-layout":"default","site-content-layout":"default","ast-site-content-layout":"normal-width-container","site-content-style":"boxed","site-sidebar-style":"default","ast-global-header-display":"","ast-banner-title-visibility":"","ast-main-header-display":"","ast-hfb-above-header-display":"","ast-hfb-below-header-display":"","ast-hfb-mobile-header-display":"","site-post-title":"","ast-breadcrumbs-content":"","ast-featured-img":"","footer-sml-layout":"","ast-disable-related-posts":"","theme-transparent-header-meta":"default","adv-header-id-meta":"","stick-header-meta":"","header-above-stick-meta":"","header-main-stick-meta":"","header-below-stick-meta":"","astra-migrate-meta-layouts":"set","ast-page-background-enabled":"default","ast-page-background-meta":{"desktop":{"background-color":"","background-image":"","background-repeat":"repeat","background-position":"center center","background-size":"auto","background-attachment":"scroll","background-type":"","background-media":"","overlay-type":"","overlay-color":"","overlay-opacity":"","overlay-gradient":""},"tablet":{"background-color":"","background-image":"","background-repeat":"repeat","background-position":"center center","background-size":"auto","background-attachment":"scroll","background-type":"","background-media":"","overlay-type":"","overlay-color":"","overlay-opacity":"","overlay-gradient":""},"mobile":{"background-color":"","background-image":"","background-repeat":"repeat","background-position":"center center","background-size":"auto","background-attachment":"scroll","background-type":"","background-media":"","overlay-type":"","overlay-color":"","overlay-opacity":"","overlay-gradient":""}},"ast-content-background-meta":{"desktop":{"background-color":"var(--ast-global-color-5)","background-image":"","background-repeat":"repeat","background-position":"center center","background-size":"auto","background-attachment":"scroll","background-type":"","background-media":"","overlay-type":"","overlay-color":"","overlay-opacity":"","overlay-gradient":""},"tablet":{"background-color":"var(--ast-global-color-5)","background-image":"","background-repeat":"repeat","background-position":"center center","background-size":"auto","background-attachment":"scroll","background-type":"","background-media":"","overlay-type":"","overlay-color":"","overlay-opacity":"","overlay-gradient":""},"mobile":{"background-color":"var(--ast-global-color-5)","background-image":"","background-repeat":"repeat","background-position":"center center","background-size":"auto","background-attachment":"scroll","background-type":"","background-media":"","overlay-type":"","overlay-color":"","overlay-opacity":"","overlay-gradient":""}},"footnotes":"","_links_to":"","_links_to_target":""},"categories":[30,5,27,51,741,7],"tags":[356,306,232],"class_list":["post-728","post","type-post","status-publish","format-standard","has-post-thumbnail","hentry","category-competitivo","category-concluido","category-educacao-cidadania-e-inclusao","category-leiria","category-nacional","category-projeto","tag-2017-2019","tag-clarinda-barata","tag-olga-santos"],"_links":{"self":[{"href":"https:\/\/events.ipv.pt\/cidei\/wp-json\/wp\/v2\/posts\/728","targetHints":{"allow":["GET"]}}],"collection":[{"href":"https:\/\/events.ipv.pt\/cidei\/wp-json\/wp\/v2\/posts"}],"about":[{"href":"https:\/\/events.ipv.pt\/cidei\/wp-json\/wp\/v2\/types\/post"}],"author":[{"embeddable":true,"href":"https:\/\/events.ipv.pt\/cidei\/wp-json\/wp\/v2\/users\/1"}],"replies":[{"embeddable":true,"href":"https:\/\/events.ipv.pt\/cidei\/wp-json\/wp\/v2\/comments?post=728"}],"version-history":[{"count":16,"href":"https:\/\/events.ipv.pt\/cidei\/wp-json\/wp\/v2\/posts\/728\/revisions"}],"predecessor-version":[{"id":21378,"href":"https:\/\/events.ipv.pt\/cidei\/wp-json\/wp\/v2\/posts\/728\/revisions\/21378"}],"wp:featuredmedia":[{"embeddable":true,"href":"https:\/\/events.ipv.pt\/cidei\/wp-json\/wp\/v2\/media\/4815"}],"wp:attachment":[{"href":"https:\/\/events.ipv.pt\/cidei\/wp-json\/wp\/v2\/media?parent=728"}],"wp:term":[{"taxonomy":"category","embeddable":true,"href":"https:\/\/events.ipv.pt\/cidei\/wp-json\/wp\/v2\/categories?post=728"},{"taxonomy":"post_tag","embeddable":true,"href":"https:\/\/events.ipv.pt\/cidei\/wp-json\/wp\/v2\/tags?post=728"}],"curies":[{"name":"wp","href":"https:\/\/api.w.org\/{rel}","templated":true}]}}