{"id":6980,"date":"2022-01-27T22:24:53","date_gmt":"2022-01-27T22:24:53","guid":{"rendered":"http:\/\/localhost\/cidei\/?p=6980"},"modified":"2025-08-13T15:45:56","modified_gmt":"2025-08-13T15:45:56","slug":"a-participacao-dos-jovens-na-escola-na-familia-e-na-comunidade-um-estudo-num-concelho-do-centro-de-portugal","status":"publish","type":"post","link":"https:\/\/events.ipv.pt\/cidei\/a-participacao-dos-jovens-na-escola-na-familia-e-na-comunidade-um-estudo-num-concelho-do-centro-de-portugal\/","title":{"rendered":"A participa\u00e7\u00e3o dos jovens na escola, na fam\u00edlia e na comunidade um estudo num concelho do centro de Portugal"},"content":{"rendered":"<p>Campos, E. C., Fonseca, S., Fern\u00e1ndez-Simo, D., &#038; Fern\u00e1ndez, M. V. C. (2022).<br \/>\nA participa\u00e7\u00e3o dos jovens na escola, na fam\u00edlia e na comunidade um estudo num concelho do centro de Portugal.<br \/>\nIn <em>Participaci\u00f3n, innovaci\u00f3n y emprendimiento en la escuela<\/em> (pp. 1242-1248).<br \/>\nEspanha: Editorial Dykinson<\/p>\n","protected":false},"excerpt":{"rendered":"<p>Campos, E. C., Fonseca, S., Fern\u00e1ndez-Simo, D., &#038; Fern\u00e1ndez, M. V. C. (2022). A participa\u00e7\u00e3o dos jovens na escola, na fam\u00edlia e na comunidade um estudo num concelho do centro de Portugal. In Participaci\u00f3n, innovaci\u00f3n y emprendimiento en la escuela (pp. 1242-1248). Espanha: Editorial Dykinson<\/p>\n","protected":false},"author":1,"featured_media":0,"comment_status":"closed","ping_status":"closed","sticky":false,"template":"","format":"standard","meta":{"site-sidebar-layout":"default","site-content-layout":"","ast-site-content-layout":"default","site-content-style":"default","site-sidebar-style":"default","ast-global-header-display":"","ast-banner-title-visibility":"","ast-main-header-display":"","ast-hfb-above-header-display":"","ast-hfb-below-header-display":"","ast-hfb-mobile-header-display":"","site-post-title":"","ast-breadcrumbs-content":"","ast-featured-img":"","footer-sml-layout":"","ast-disable-related-posts":"","theme-transparent-header-meta":"default","adv-header-id-meta":"","stick-header-meta":"","header-above-stick-meta":"","header-main-stick-meta":"","header-below-stick-meta":"","astra-migrate-meta-layouts":"set","ast-page-background-enabled":"default","ast-page-background-meta":{"desktop":{"background-color":"","background-image":"","background-repeat":"repeat","background-position":"center center","background-size":"auto","background-attachment":"scroll","background-type":"","background-media":"","overlay-type":"","overlay-color":"","overlay-opacity":"","overlay-gradient":""},"tablet":{"background-color":"","background-image":"","background-repeat":"repeat","background-position":"center center","background-size":"auto","background-attachment":"scroll","background-type":"","background-media":"","overlay-type":"","overlay-color":"","overlay-opacity":"","overlay-gradient":""},"mobile":{"background-color":"","background-image":"","background-repeat":"repeat","background-position":"center center","background-size":"auto","background-attachment":"scroll","background-type":"","background-media":"","overlay-type":"","overlay-color":"","overlay-opacity":"","overlay-gradient":""}},"ast-content-background-meta":{"desktop":{"background-color":"var(--ast-global-color-5)","background-image":"","background-repeat":"repeat","background-position":"center center","background-size":"auto","background-attachment":"scroll","background-type":"","background-media":"","overlay-type":"","overlay-color":"","overlay-opacity":"","overlay-gradient":""},"tablet":{"background-color":"var(--ast-global-color-5)","background-image":"","background-repeat":"repeat","background-position":"center center","background-size":"auto","background-attachment":"scroll","background-type":"","background-media":"","overlay-type":"","overlay-color":"","overlay-opacity":"","overlay-gradient":""},"mobile":{"background-color":"var(--ast-global-color-5)","background-image":"","background-repeat":"repeat","background-position":"center center","background-size":"auto","background-attachment":"scroll","background-type":"","background-media":"","overlay-type":"","overlay-color":"","overlay-opacity":"","overlay-gradient":""}},"footnotes":"","_links_to":"","_links_to_target":""},"categories":[38,55,27,49],"tags":[255],"class_list":["post-6980","post","type-post","status-publish","format-standard","hentry","category-38","category-caplivrointernacional","category-educacao-cidadania-e-inclusao","category-viseu","tag-susana-barros-fonseca"],"_links":{"self":[{"href":"https:\/\/events.ipv.pt\/cidei\/wp-json\/wp\/v2\/posts\/6980","targetHints":{"allow":["GET"]}}],"collection":[{"href":"https:\/\/events.ipv.pt\/cidei\/wp-json\/wp\/v2\/posts"}],"about":[{"href":"https:\/\/events.ipv.pt\/cidei\/wp-json\/wp\/v2\/types\/post"}],"author":[{"embeddable":true,"href":"https:\/\/events.ipv.pt\/cidei\/wp-json\/wp\/v2\/users\/1"}],"replies":[{"embeddable":true,"href":"https:\/\/events.ipv.pt\/cidei\/wp-json\/wp\/v2\/comments?post=6980"}],"version-history":[{"count":2,"href":"https:\/\/events.ipv.pt\/cidei\/wp-json\/wp\/v2\/posts\/6980\/revisions"}],"predecessor-version":[{"id":17054,"href":"https:\/\/events.ipv.pt\/cidei\/wp-json\/wp\/v2\/posts\/6980\/revisions\/17054"}],"wp:attachment":[{"href":"https:\/\/events.ipv.pt\/cidei\/wp-json\/wp\/v2\/media?parent=6980"}],"wp:term":[{"taxonomy":"category","embeddable":true,"href":"https:\/\/events.ipv.pt\/cidei\/wp-json\/wp\/v2\/categories?post=6980"},{"taxonomy":"post_tag","embeddable":true,"href":"https:\/\/events.ipv.pt\/cidei\/wp-json\/wp\/v2\/tags?post=6980"}],"curies":[{"name":"wp","href":"https:\/\/api.w.org\/{rel}","templated":true}]}}