{"id":6548,"date":"2019-01-27T16:21:17","date_gmt":"2019-01-27T16:21:17","guid":{"rendered":"http:\/\/localhost\/cidei\/?p=6548"},"modified":"2025-08-25T14:24:45","modified_gmt":"2025-08-25T14:24:45","slug":"use-of-artistic-expressive-agents-in-individuals-with-autism-spectrum-disorder","status":"publish","type":"post","link":"https:\/\/events.ipv.pt\/cidei\/use-of-artistic-expressive-agents-in-individuals-with-autism-spectrum-disorder\/","title":{"rendered":"Use of artistic-expressive agents in individuals with Autism Spectrum Disorder"},"content":{"rendered":"<p>Cardoso, A. P., Felizardo, S., Pereira, J., Rodrigues, P., Proen\u00e7a, J. (2019).<br \/>\nUse of artistic-expressive agents in individuals with Autism Spectrum Disorder.<br \/>\n<em>Revista de Estudios e Investigaci\u00f3n en Psicolog\u00eda y Educaci\u00f3n, 6<\/em>(2), 126-136.<br \/>\nDOI: <a href=\"https:\/\/doi.org\/10.17979\/reipe.2019.6.2.5744\" rel=\"noopener\" target=\"_blank\">https:\/\/doi.org\/10.17979\/reipe.2019.6.2.5744<\/a><\/p>\n","protected":false},"excerpt":{"rendered":"<p>Cardoso, A. P., Felizardo, S., Pereira, J., Rodrigues, P., Proen\u00e7a, J. (2019). Use of artistic-expressive agents in individuals with Autism Spectrum Disorder. Revista de Estudios e Investigaci\u00f3n en Psicolog\u00eda y Educaci\u00f3n, 6(2), 126-136. DOI: https:\/\/doi.org\/10.17979\/reipe.2019.6.2.5744<\/p>\n","protected":false},"author":1,"featured_media":0,"comment_status":"closed","ping_status":"closed","sticky":false,"template":"","format":"standard","meta":{"site-sidebar-layout":"default","site-content-layout":"","ast-site-content-layout":"default","site-content-style":"default","site-sidebar-style":"default","ast-global-header-display":"","ast-banner-title-visibility":"","ast-main-header-display":"","ast-hfb-above-header-display":"","ast-hfb-below-header-display":"","ast-hfb-mobile-header-display":"","site-post-title":"","ast-breadcrumbs-content":"","ast-featured-img":"","footer-sml-layout":"","ast-disable-related-posts":"","theme-transparent-header-meta":"default","adv-header-id-meta":"","stick-header-meta":"","header-above-stick-meta":"","header-main-stick-meta":"","header-below-stick-meta":"","astra-migrate-meta-layouts":"set","ast-page-background-enabled":"default","ast-page-background-meta":{"desktop":{"background-color":"","background-image":"","background-repeat":"repeat","background-position":"center center","background-size":"auto","background-attachment":"scroll","background-type":"","background-media":"","overlay-type":"","overlay-color":"","overlay-opacity":"","overlay-gradient":""},"tablet":{"background-color":"","background-image":"","background-repeat":"repeat","background-position":"center center","background-size":"auto","background-attachment":"scroll","background-type":"","background-media":"","overlay-type":"","overlay-color":"","overlay-opacity":"","overlay-gradient":""},"mobile":{"background-color":"","background-image":"","background-repeat":"repeat","background-position":"center center","background-size":"auto","background-attachment":"scroll","background-type":"","background-media":"","overlay-type":"","overlay-color":"","overlay-opacity":"","overlay-gradient":""}},"ast-content-background-meta":{"desktop":{"background-color":"var(--ast-global-color-5)","background-image":"","background-repeat":"repeat","background-position":"center center","background-size":"auto","background-attachment":"scroll","background-type":"","background-media":"","overlay-type":"","overlay-color":"","overlay-opacity":"","overlay-gradient":""},"tablet":{"background-color":"var(--ast-global-color-5)","background-image":"","background-repeat":"repeat","background-position":"center center","background-size":"auto","background-attachment":"scroll","background-type":"","background-media":"","overlay-type":"","overlay-color":"","overlay-opacity":"","overlay-gradient":""},"mobile":{"background-color":"var(--ast-global-color-5)","background-image":"","background-repeat":"repeat","background-position":"center center","background-size":"auto","background-attachment":"scroll","background-type":"","background-media":"","overlay-type":"","overlay-color":"","overlay-opacity":"","overlay-gradient":""}},"footnotes":"","_links_to":"","_links_to_target":""},"categories":[41,62,27,49],"tags":[211,260,300,282],"class_list":["post-6548","post","type-post","status-publish","format-standard","hentry","category-41","category-artigos-em-revistas","category-educacao-cidadania-e-inclusao","category-viseu","tag-ana-paula-cardoso","tag-jose-pereira","tag-paula-rodrigues","tag-sara-felizardo"],"_links":{"self":[{"href":"https:\/\/events.ipv.pt\/cidei\/wp-json\/wp\/v2\/posts\/6548","targetHints":{"allow":["GET"]}}],"collection":[{"href":"https:\/\/events.ipv.pt\/cidei\/wp-json\/wp\/v2\/posts"}],"about":[{"href":"https:\/\/events.ipv.pt\/cidei\/wp-json\/wp\/v2\/types\/post"}],"author":[{"embeddable":true,"href":"https:\/\/events.ipv.pt\/cidei\/wp-json\/wp\/v2\/users\/1"}],"replies":[{"embeddable":true,"href":"https:\/\/events.ipv.pt\/cidei\/wp-json\/wp\/v2\/comments?post=6548"}],"version-history":[{"count":2,"href":"https:\/\/events.ipv.pt\/cidei\/wp-json\/wp\/v2\/posts\/6548\/revisions"}],"predecessor-version":[{"id":17998,"href":"https:\/\/events.ipv.pt\/cidei\/wp-json\/wp\/v2\/posts\/6548\/revisions\/17998"}],"wp:attachment":[{"href":"https:\/\/events.ipv.pt\/cidei\/wp-json\/wp\/v2\/media?parent=6548"}],"wp:term":[{"taxonomy":"category","embeddable":true,"href":"https:\/\/events.ipv.pt\/cidei\/wp-json\/wp\/v2\/categories?post=6548"},{"taxonomy":"post_tag","embeddable":true,"href":"https:\/\/events.ipv.pt\/cidei\/wp-json\/wp\/v2\/tags?post=6548"}],"curies":[{"name":"wp","href":"https:\/\/api.w.org\/{rel}","templated":true}]}}