{"id":5400,"date":"2021-01-24T11:35:26","date_gmt":"2021-01-24T11:35:26","guid":{"rendered":"http:\/\/localhost\/cidei\/?p=5400"},"modified":"2025-08-13T16:10:05","modified_gmt":"2025-08-13T16:10:05","slug":"percepciones-de-los-estudiantes-sobre-la-educacion-a-distancia-durante-la-pandemia","status":"publish","type":"post","link":"https:\/\/events.ipv.pt\/cidei\/percepciones-de-los-estudiantes-sobre-la-educacion-a-distancia-durante-la-pandemia\/","title":{"rendered":"Percepciones de los estudiantes sobre la educaci\u00f3n a distancia durante la pandemia"},"content":{"rendered":"<p>Rodrigues, F., Ravasco, C. (2021).<br \/>\nPercepciones de los estudiantes sobre la educaci\u00f3n a distancia durante la pandemia.<br \/>\nIn M. del Mar Molero Jurado, \u00c1. M. Mart\u00ednez, A. B. B. Mart\u00edn, &#038; M. del Mar Sim\u00f3n M\u00e1rquez (Eds.), <em>Investigaci\u00f3n en el \u00e1mbito escolar: variables psicol\u00f3gicas y educativas<\/em> (1st, 12\/16\/21 ed., pp. 221\u2013234).<br \/>\nDykinson, S.L. <a href=\"https:\/\/doi.org\/10.2307\/j.ctv2gz3sv6.21\" rel=\"noopener\" target=\"_blank\">https:\/\/doi.org\/10.2307\/j.ctv2gz3sv6.21<\/a><\/p>\n","protected":false},"excerpt":{"rendered":"<p>Rodrigues, F., Ravasco, C. (2021). Percepciones de los estudiantes sobre la educaci\u00f3n a distancia durante la pandemia. In M. del Mar Molero Jurado, \u00c1. M. Mart\u00ednez, A. B. B. Mart\u00edn, &#038; M. del Mar Sim\u00f3n M\u00e1rquez (Eds.), Investigaci\u00f3n en el \u00e1mbito escolar: variables psicol\u00f3gicas y educativas (1st, 12\/16\/21 ed., pp. 221\u2013234). Dykinson, S.L. https:\/\/doi.org\/10.2307\/j.ctv2gz3sv6.21<\/p>\n","protected":false},"author":1,"featured_media":0,"comment_status":"closed","ping_status":"closed","sticky":false,"template":"","format":"standard","meta":{"site-sidebar-layout":"default","site-content-layout":"","ast-site-content-layout":"default","site-content-style":"default","site-sidebar-style":"default","ast-global-header-display":"","ast-banner-title-visibility":"","ast-main-header-display":"","ast-hfb-above-header-display":"","ast-hfb-below-header-display":"","ast-hfb-mobile-header-display":"","site-post-title":"","ast-breadcrumbs-content":"","ast-featured-img":"","footer-sml-layout":"","ast-disable-related-posts":"","theme-transparent-header-meta":"default","adv-header-id-meta":"","stick-header-meta":"","header-above-stick-meta":"","header-main-stick-meta":"","header-below-stick-meta":"","astra-migrate-meta-layouts":"set","ast-page-background-enabled":"default","ast-page-background-meta":{"desktop":{"background-color":"","background-image":"","background-repeat":"repeat","background-position":"center center","background-size":"auto","background-attachment":"scroll","background-type":"","background-media":"","overlay-type":"","overlay-color":"","overlay-opacity":"","overlay-gradient":""},"tablet":{"background-color":"","background-image":"","background-repeat":"repeat","background-position":"center center","background-size":"auto","background-attachment":"scroll","background-type":"","background-media":"","overlay-type":"","overlay-color":"","overlay-opacity":"","overlay-gradient":""},"mobile":{"background-color":"","background-image":"","background-repeat":"repeat","background-position":"center center","background-size":"auto","background-attachment":"scroll","background-type":"","background-media":"","overlay-type":"","overlay-color":"","overlay-opacity":"","overlay-gradient":""}},"ast-content-background-meta":{"desktop":{"background-color":"var(--ast-global-color-5)","background-image":"","background-repeat":"repeat","background-position":"center center","background-size":"auto","background-attachment":"scroll","background-type":"","background-media":"","overlay-type":"","overlay-color":"","overlay-opacity":"","overlay-gradient":""},"tablet":{"background-color":"var(--ast-global-color-5)","background-image":"","background-repeat":"repeat","background-position":"center center","background-size":"auto","background-attachment":"scroll","background-type":"","background-media":"","overlay-type":"","overlay-color":"","overlay-opacity":"","overlay-gradient":""},"mobile":{"background-color":"var(--ast-global-color-5)","background-image":"","background-repeat":"repeat","background-position":"center center","background-size":"auto","background-attachment":"scroll","background-type":"","background-media":"","overlay-type":"","overlay-color":"","overlay-opacity":"","overlay-gradient":""}},"footnotes":"","_links_to":"","_links_to_target":""},"categories":[39,55,50],"tags":[248],"class_list":["post-5400","post","type-post","status-publish","format-standard","hentry","category-39","category-caplivrointernacional","category-guarda","tag-florbela-rodrigues"],"_links":{"self":[{"href":"https:\/\/events.ipv.pt\/cidei\/wp-json\/wp\/v2\/posts\/5400","targetHints":{"allow":["GET"]}}],"collection":[{"href":"https:\/\/events.ipv.pt\/cidei\/wp-json\/wp\/v2\/posts"}],"about":[{"href":"https:\/\/events.ipv.pt\/cidei\/wp-json\/wp\/v2\/types\/post"}],"author":[{"embeddable":true,"href":"https:\/\/events.ipv.pt\/cidei\/wp-json\/wp\/v2\/users\/1"}],"replies":[{"embeddable":true,"href":"https:\/\/events.ipv.pt\/cidei\/wp-json\/wp\/v2\/comments?post=5400"}],"version-history":[{"count":2,"href":"https:\/\/events.ipv.pt\/cidei\/wp-json\/wp\/v2\/posts\/5400\/revisions"}],"predecessor-version":[{"id":17111,"href":"https:\/\/events.ipv.pt\/cidei\/wp-json\/wp\/v2\/posts\/5400\/revisions\/17111"}],"wp:attachment":[{"href":"https:\/\/events.ipv.pt\/cidei\/wp-json\/wp\/v2\/media?parent=5400"}],"wp:term":[{"taxonomy":"category","embeddable":true,"href":"https:\/\/events.ipv.pt\/cidei\/wp-json\/wp\/v2\/categories?post=5400"},{"taxonomy":"post_tag","embeddable":true,"href":"https:\/\/events.ipv.pt\/cidei\/wp-json\/wp\/v2\/tags?post=5400"}],"curies":[{"name":"wp","href":"https:\/\/api.w.org\/{rel}","templated":true}]}}