{"id":3784,"date":"2021-01-09T14:57:30","date_gmt":"2021-01-09T14:57:30","guid":{"rendered":"http:\/\/localhost\/cidei\/?p=3784"},"modified":"2025-08-13T14:17:35","modified_gmt":"2025-08-13T14:17:35","slug":"praticas-discursivas-de-jornalistas-portugueses-em-tempo-de-covid-19","status":"publish","type":"post","link":"https:\/\/events.ipv.pt\/cidei\/praticas-discursivas-de-jornalistas-portugueses-em-tempo-de-covid-19\/","title":{"rendered":"Pr\u00e1ticas discursivas de jornalistas portugueses em tempo de COVID-19"},"content":{"rendered":"<p>Freitas, A., Silva, A.I., &#038; Amante, S. (2021).<br \/>\nPr\u00e1ticas discursivas de jornalistas portugueses em tempo de COVID-19.<br \/>\nIn F.R. C\u00e1dima &#038; I. Ferreira (Coord.), <em>Perspectivas multidisciplinares da Comunica\u00e7\u00e3o em contexto de pandemia<\/em>, (Vol. II, pp. 90-110).<br \/>\nLisboa: ICNova.<br \/>\n<a href=\"https:\/\/doi.org\/10.34619\/4oeg-jmum. http:\/\/hdl.handle.net\/10400.19\/6853\" rel=\"noopener\" target=\"_blank\">https:\/\/doi.org\/10.34619\/4oeg-jmum. http:\/\/hdl.handle.net\/10400.19\/6853<\/a><\/p>\n","protected":false},"excerpt":{"rendered":"<p>Freitas, A., Silva, A.I., &#038; Amante, S. (2021). Pr\u00e1ticas discursivas de jornalistas portugueses em tempo de COVID-19. In F.R. C\u00e1dima &#038; I. Ferreira (Coord.), Perspectivas multidisciplinares da Comunica\u00e7\u00e3o em contexto de pandemia, (Vol. II, pp. 90-110). Lisboa: ICNova. https:\/\/doi.org\/10.34619\/4oeg-jmum. http:\/\/hdl.handle.net\/10400.19\/6853<\/p>\n","protected":false},"author":1,"featured_media":0,"comment_status":"closed","ping_status":"closed","sticky":false,"template":"","format":"standard","meta":{"site-sidebar-layout":"default","site-content-layout":"","ast-site-content-layout":"default","site-content-style":"default","site-sidebar-style":"default","ast-global-header-display":"","ast-banner-title-visibility":"","ast-main-header-display":"","ast-hfb-above-header-display":"","ast-hfb-below-header-display":"","ast-hfb-mobile-header-display":"","site-post-title":"","ast-breadcrumbs-content":"","ast-featured-img":"","footer-sml-layout":"","ast-disable-related-posts":"","theme-transparent-header-meta":"default","adv-header-id-meta":"","stick-header-meta":"","header-above-stick-meta":"","header-main-stick-meta":"","header-below-stick-meta":"","astra-migrate-meta-layouts":"set","ast-page-background-enabled":"default","ast-page-background-meta":{"desktop":{"background-color":"","background-image":"","background-repeat":"repeat","background-position":"center center","background-size":"auto","background-attachment":"scroll","background-type":"","background-media":"","overlay-type":"","overlay-color":"","overlay-opacity":"","overlay-gradient":""},"tablet":{"background-color":"","background-image":"","background-repeat":"repeat","background-position":"center center","background-size":"auto","background-attachment":"scroll","background-type":"","background-media":"","overlay-type":"","overlay-color":"","overlay-opacity":"","overlay-gradient":""},"mobile":{"background-color":"","background-image":"","background-repeat":"repeat","background-position":"center center","background-size":"auto","background-attachment":"scroll","background-type":"","background-media":"","overlay-type":"","overlay-color":"","overlay-opacity":"","overlay-gradient":""}},"ast-content-background-meta":{"desktop":{"background-color":"var(--ast-global-color-5)","background-image":"","background-repeat":"repeat","background-position":"center center","background-size":"auto","background-attachment":"scroll","background-type":"","background-media":"","overlay-type":"","overlay-color":"","overlay-opacity":"","overlay-gradient":""},"tablet":{"background-color":"var(--ast-global-color-5)","background-image":"","background-repeat":"repeat","background-position":"center center","background-size":"auto","background-attachment":"scroll","background-type":"","background-media":"","overlay-type":"","overlay-color":"","overlay-opacity":"","overlay-gradient":""},"mobile":{"background-color":"var(--ast-global-color-5)","background-image":"","background-repeat":"repeat","background-position":"center center","background-size":"auto","background-attachment":"scroll","background-type":"","background-media":"","overlay-type":"","overlay-color":"","overlay-opacity":"","overlay-gradient":""}},"footnotes":"","_links_to":"","_links_to_target":""},"categories":[39,59,34,49],"tags":[223,261],"class_list":["post-3784","post","type-post","status-publish","format-standard","hentry","category-39","category-capitulos-de-livro-de-edicao-nacional","category-outra","category-viseu","tag-ana-isabel-silva","tag-susana-amante"],"_links":{"self":[{"href":"https:\/\/events.ipv.pt\/cidei\/wp-json\/wp\/v2\/posts\/3784","targetHints":{"allow":["GET"]}}],"collection":[{"href":"https:\/\/events.ipv.pt\/cidei\/wp-json\/wp\/v2\/posts"}],"about":[{"href":"https:\/\/events.ipv.pt\/cidei\/wp-json\/wp\/v2\/types\/post"}],"author":[{"embeddable":true,"href":"https:\/\/events.ipv.pt\/cidei\/wp-json\/wp\/v2\/users\/1"}],"replies":[{"embeddable":true,"href":"https:\/\/events.ipv.pt\/cidei\/wp-json\/wp\/v2\/comments?post=3784"}],"version-history":[{"count":2,"href":"https:\/\/events.ipv.pt\/cidei\/wp-json\/wp\/v2\/posts\/3784\/revisions"}],"predecessor-version":[{"id":16895,"href":"https:\/\/events.ipv.pt\/cidei\/wp-json\/wp\/v2\/posts\/3784\/revisions\/16895"}],"wp:attachment":[{"href":"https:\/\/events.ipv.pt\/cidei\/wp-json\/wp\/v2\/media?parent=3784"}],"wp:term":[{"taxonomy":"category","embeddable":true,"href":"https:\/\/events.ipv.pt\/cidei\/wp-json\/wp\/v2\/categories?post=3784"},{"taxonomy":"post_tag","embeddable":true,"href":"https:\/\/events.ipv.pt\/cidei\/wp-json\/wp\/v2\/tags?post=3784"}],"curies":[{"name":"wp","href":"https:\/\/api.w.org\/{rel}","templated":true}]}}