{"id":3118,"date":"2021-05-19T16:40:18","date_gmt":"2021-05-19T16:40:18","guid":{"rendered":"http:\/\/localhost\/cidei\/?p=3118"},"modified":"2026-02-02T16:31:13","modified_gmt":"2026-02-02T16:31:13","slug":"apoios-especiais-ipv-fazer-a-diferenca-nao-fazendo-diferenca","status":"publish","type":"post","link":"https:\/\/events.ipv.pt\/cidei\/apoios-especiais-ipv-fazer-a-diferenca-nao-fazendo-diferenca\/","title":{"rendered":"[apoios especiais IPV] FAZER A DIFEREN\u00c7A, N\u00c3O FAZENDO DIFEREN\u00c7A"},"content":{"rendered":"<h5><span class=\"fS8\">Dura\u00e7\u00e3o:<\/span> 2021 \u2013 2022<\/h5>\n<h5><span class=\"fS8\">Investigador Respons\u00e1vel<\/span><br \/>\n<span class=\"fCinzaA fW400\">Cristina Peixoto<\/span><\/h5>\n<h5><span class=\"fS8\">Membros da Equipa<\/span><br \/>\nDidiana Fernandes<br \/>\nM\u00e1rcio Nascimento<br \/>\nJoana Fialho<br \/>\nSara Felizardo<\/h5>\n<h5><span class=\"fS8\">Entidades Financiadoras<br \/>\nIPV<\/span><\/h5>\n<h5><span class=\"fS8\">Linha de investiga\u00e7\u00e3o<\/span><br \/>\nEduca\u00e7\u00e3o, Cidadania e Inclus\u00e3o<\/h5>\n<p><a class=\"btEquipa\" href=\"https:\/\/www.estgv.ipv.pt\/fazer-a-diferenca\/\" rel=\"noopener noreferrer\" target=\"_blank\">mais<\/a><\/p>\n<p><\/p>\n<div class=\"esp20-0\" style=\"border-top: 1px solid #787b82; width: 55%;\"><\/div>\n<p>No universo de estudantes com Necessidades Educativas Espec\u00edficas, cabe \u00e0s Institui\u00e7\u00f5es do Ensino Superior (IES) adequar e proporcionar os meios necess\u00e1rios para uma aprendizagem que garanta educa\u00e7\u00e3o de qualidade e equidade. Para atingir tais objetivos, urge sensibilizar a comunidade acad\u00e9mica para as diferentes particularidades com que se confrontam no espa\u00e7o acad\u00e9mico. Por outro lado, a informa\u00e7\u00e3o deve ser veiculada de modo a ser interpretada por todos, tal como as atividades do foro institucional. Da mesma forma, as condi\u00e7\u00f5es sociais que enfrentamos no dia a dia, fruto da pandemia que nos assola, as dificuldades financeiras, por esta agravadas, a responsabilidade individual da gest\u00e3o di\u00e1ria, a eventual aus\u00eancia de suporte familiar e dificuldades de adapta\u00e7\u00e3o ao meio acad\u00e9mico s\u00e3o vari\u00e1veis que afetam o desempenho acad\u00e9mico e est\u00e3o relacionadas com problemas de sa\u00fade mental, nomeadamente a depress\u00e3o e o suic\u00eddio, um novo paradigma a enfrentar nas IES.<br \/>\nNeste \u00e2mbito foram dinamizados 3 webminares abordando a tem\u00e1tica das Necessidades Educativas Espec\u00edficas no Ensino Superior; 1 ciclo de confer\u00eancias sobre a tem\u00e1tica da Sa\u00fade Mental nas Unidades Org\u00e2nicas do IPV; 1 curso de L\u00edngua Gestual Portuguesa; 1 evento cultural alusivo ao Dia Internacional da Pessoa com Defici\u00eancia e cujos intervenientes foram estudantes e ex-estudantes do IPV com Necessidades Educativas Espec\u00edficas e 1 sess\u00e3o cinematogr\u00e1fica e debate direcionado \u00e0 comunidade em geral. Para al\u00e9m do exposto foi contratado 1 psiquiatra para atender a comunidade acad\u00e9mica e uma int\u00e9rprete de LGP para legendar v\u00eddeos institucionais.<\/p>\n","protected":false},"excerpt":{"rendered":"<p>Dura\u00e7\u00e3o: 2021 \u2013 2022 Investigador Respons\u00e1vel Cristina Peixoto Membros da Equipa Didiana Fernandes M\u00e1rcio Nascimento Joana Fialho Sara Felizardo Entidades Financiadoras IPV Linha de investiga\u00e7\u00e3o Educa\u00e7\u00e3o, Cidadania e Inclus\u00e3o mais No universo de estudantes com Necessidades Educativas Espec\u00edficas, cabe \u00e0s Institui\u00e7\u00f5es do Ensino Superior (IES) adequar e proporcionar os meios necess\u00e1rios para uma aprendizagem que [&hellip;]<\/p>\n","protected":false},"author":1,"featured_media":3119,"comment_status":"closed","ping_status":"closed","sticky":false,"template":"","format":"standard","meta":{"site-sidebar-layout":"default","site-content-layout":"","ast-site-content-layout":"normal-width-container","site-content-style":"boxed","site-sidebar-style":"default","ast-global-header-display":"","ast-banner-title-visibility":"","ast-main-header-display":"","ast-hfb-above-header-display":"","ast-hfb-below-header-display":"","ast-hfb-mobile-header-display":"","site-post-title":"","ast-breadcrumbs-content":"","ast-featured-img":"","footer-sml-layout":"","ast-disable-related-posts":"","theme-transparent-header-meta":"default","adv-header-id-meta":"","stick-header-meta":"","header-above-stick-meta":"","header-main-stick-meta":"","header-below-stick-meta":"","astra-migrate-meta-layouts":"set","ast-page-background-enabled":"default","ast-page-background-meta":{"desktop":{"background-color":"","background-image":"","background-repeat":"repeat","background-position":"center center","background-size":"auto","background-attachment":"scroll","background-type":"","background-media":"","overlay-type":"","overlay-color":"","overlay-opacity":"","overlay-gradient":""},"tablet":{"background-color":"","background-image":"","background-repeat":"repeat","background-position":"center center","background-size":"auto","background-attachment":"scroll","background-type":"","background-media":"","overlay-type":"","overlay-color":"","overlay-opacity":"","overlay-gradient":""},"mobile":{"background-color":"","background-image":"","background-repeat":"repeat","background-position":"center center","background-size":"auto","background-attachment":"scroll","background-type":"","background-media":"","overlay-type":"","overlay-color":"","overlay-opacity":"","overlay-gradient":""}},"ast-content-background-meta":{"desktop":{"background-color":"var(--ast-global-color-5)","background-image":"","background-repeat":"repeat","background-position":"center center","background-size":"auto","background-attachment":"scroll","background-type":"","background-media":"","overlay-type":"","overlay-color":"","overlay-opacity":"","overlay-gradient":""},"tablet":{"background-color":"var(--ast-global-color-5)","background-image":"","background-repeat":"repeat","background-position":"center center","background-size":"auto","background-attachment":"scroll","background-type":"","background-media":"","overlay-type":"","overlay-color":"","overlay-opacity":"","overlay-gradient":""},"mobile":{"background-color":"var(--ast-global-color-5)","background-image":"","background-repeat":"repeat","background-position":"center center","background-size":"auto","background-attachment":"scroll","background-type":"","background-media":"","overlay-type":"","overlay-color":"","overlay-opacity":"","overlay-gradient":""}},"footnotes":"","_links_to":"","_links_to_target":""},"categories":[30,5,27,741,7,49],"tags":[343,304,341,282],"class_list":["post-3118","post","type-post","status-publish","format-standard","has-post-thumbnail","hentry","category-competitivo","category-concluido","category-educacao-cidadania-e-inclusao","category-nacional","category-projeto","category-viseu","tag-2021-2022","tag-didiana-fernandes","tag-joana-fialho","tag-sara-felizardo"],"_links":{"self":[{"href":"https:\/\/events.ipv.pt\/cidei\/wp-json\/wp\/v2\/posts\/3118","targetHints":{"allow":["GET"]}}],"collection":[{"href":"https:\/\/events.ipv.pt\/cidei\/wp-json\/wp\/v2\/posts"}],"about":[{"href":"https:\/\/events.ipv.pt\/cidei\/wp-json\/wp\/v2\/types\/post"}],"author":[{"embeddable":true,"href":"https:\/\/events.ipv.pt\/cidei\/wp-json\/wp\/v2\/users\/1"}],"replies":[{"embeddable":true,"href":"https:\/\/events.ipv.pt\/cidei\/wp-json\/wp\/v2\/comments?post=3118"}],"version-history":[{"count":6,"href":"https:\/\/events.ipv.pt\/cidei\/wp-json\/wp\/v2\/posts\/3118\/revisions"}],"predecessor-version":[{"id":21305,"href":"https:\/\/events.ipv.pt\/cidei\/wp-json\/wp\/v2\/posts\/3118\/revisions\/21305"}],"wp:featuredmedia":[{"embeddable":true,"href":"https:\/\/events.ipv.pt\/cidei\/wp-json\/wp\/v2\/media\/3119"}],"wp:attachment":[{"href":"https:\/\/events.ipv.pt\/cidei\/wp-json\/wp\/v2\/media?parent=3118"}],"wp:term":[{"taxonomy":"category","embeddable":true,"href":"https:\/\/events.ipv.pt\/cidei\/wp-json\/wp\/v2\/categories?post=3118"},{"taxonomy":"post_tag","embeddable":true,"href":"https:\/\/events.ipv.pt\/cidei\/wp-json\/wp\/v2\/tags?post=3118"}],"curies":[{"name":"wp","href":"https:\/\/api.w.org\/{rel}","templated":true}]}}