{"id":3114,"date":"2021-02-19T16:12:04","date_gmt":"2021-02-19T16:12:04","guid":{"rendered":"http:\/\/localhost\/cidei\/?p=3114"},"modified":"2026-02-02T16:58:19","modified_gmt":"2026-02-02T16:58:19","slug":"poci-03-33b5-fse-072070-link-me-up-1000-ideias","status":"publish","type":"post","link":"https:\/\/events.ipv.pt\/cidei\/poci-03-33b5-fse-072070-link-me-up-1000-ideias\/","title":{"rendered":"POCI-03-33B5-FSE-072070 | Link me up &#8211; 1000 ideias"},"content":{"rendered":"<h5><span class=\"fS8\">Dura\u00e7\u00e3o:<\/span> 2021 \u2013 2023<\/h5>\n<h5><span class=\"fS8\">Investigador Respons\u00e1vel<\/span><br \/>\nRosina Fernandes<\/h5>\n<h5><span class=\"fS8\">Membros da Equipa<\/span><br \/>\nSusana Amante<br \/>\n<span class=\"fCinzaA fW400\">Helena Gomes<\/span><br \/>\n<span class=\"fCinzaA fW400\">Helena Esteves Correia<\/span><br \/>\n<span class=\"fCinzaA fW400\">Lu\u00edsa Augusto<\/span><br \/>\n<span class=\"fCinzaA fW400\">Damiana Guedes<\/span><br \/>\n<span class=\"fCinzaA fW400\">Rui Pedro Duarte<\/span><br \/>\n<span class=\"fCinzaA fW400\">Sofia Campos<\/span><br \/>\n<span class=\"fCinzaA fW400\">Anabela Guedes<\/span><br \/>\n<span class=\"fCinzaA fW400\">Cristina Amaro da Costa<\/span><br \/>\n<span class=\"fCinzaA fW400\">Dulcineia Wessel<\/span><br \/>\n<span class=\"fCinzaA fW400\">Jo\u00e3o Nunes<\/span><br \/>\n<span class=\"fCinzaA fW400\">Serafim Oliveira<\/span><br \/>\n<span class=\"fCinzaA fW400\">Liliana Castilho<\/span><br \/>\n<span class=\"fCinzaA fW400\">L\u00facia Sousa<\/span><br \/>\nAna Berta Alves<br \/>\nAna Isabel Silva<br \/>\nCatarina Sousa<br \/>\n<span class=\"fCinzaA fW400\">Filipa Pereira<\/span><br \/>\n<span class=\"fCinzaA fW400\">Isabel Oliveira<\/span><br \/>\n<span class=\"fCinzaA fW400\">Manuel Reis<\/span><br \/>\n<span class=\"fCinzaA fW400\">Ana Isabel Chaves<\/span><br \/>\nCristina Peixoto<br \/>\n<span class=\"fCinzaA fW400\">Maria Elisabete Silva<\/span><br \/>\n<span class=\"fCinzaA fW400\">Maria L\u00facia Pato<\/span><br \/>\n<span class=\"fCinzaA fW400\">Maria Madalena Malva<\/span><br \/>\n<span class=\"fCinzaA fW400\">Nuno da Concei\u00e7\u00e3o<\/span><br \/>\n<span class=\"fCinzaA fW400\">Nuno Bastos<\/span><br \/>\n<span class=\"fCinzaA fW400\">Pedro Lopes<\/span><br \/>\nSusana Fonseca<br \/>\n<span class=\"fCinzaA fW400\">Susana Relvas<\/span><br \/>\n<span class=\"fCinzaA fW400\">V\u00edtor Martinho<\/span><br \/>\n<span class=\"fCinzaA fW400\">Ana Sofia Duque<\/span><br \/>\nCarlos Vasconcelos<br \/>\n<span class=\"fCinzaA fW400\">Daniel Gaspar<\/span><br \/>\n<span class=\"fCinzaA fW400\">Em\u00edlia Coutinho<\/span><br \/>\nJos\u00e9 Ant\u00f3nio Sargento<br \/>\nLia Ara\u00fajo<br \/>\n<span class=\"fCinzaA fW400\">Pedro Baila Madeira Antunes<\/span><br \/>\n<span class=\"fCinzaA fW400\">Susana Batista<\/span><br \/>\nAna Patr\u00edcia Martins<br \/>\n<span class=\"fCinzaA fW400\">Bruno Esteves<\/span><br \/>\n<span class=\"fCinzaA fW400\">Fernando Gon\u00e7alves<\/span><br \/>\n<span class=\"fCinzaA fW400\">Jorge Marques<\/span><br \/>\n<span class=\"fCinzaA fW400\">Lu\u00edsa Lopes<\/span><br \/>\n<span class=\"fCinzaA fW400\">Mauro Mota<\/span><br \/>\n<span class=\"fCinzaA fW400\">Paula Nelas<\/span><br \/>\nCl\u00e1udia Chaves<br \/>\n<span class=\"fCinzaA fW400\">Paulo Tom\u00e9<\/span><br \/>\nClarinda Barata<br \/>\nL\u00facia Magueta<\/h5>\n<h5><span class=\"fS8\">Entidades Financiadoras<\/p>\n<p style=\"margin-top: -20px;\">COMPETE2020; PORTUGAL2020; UNI\u00c3O EUROPEIA Fundo Social Europeu<\/span><\/h5>\n<h5><span class=\"fS8\">Linha de investiga\u00e7\u00e3o<\/span><br \/>\nPol\u00edticas Educativas, Did\u00e1ticas e Forma\u00e7\u00e3o<\/h5>\n<p><a class=\"btEquipa\" href=\"https:\/\/site.ipv.pt\/linkmeup_proj.htm\" rel=\"noopener\" target=\"_blank\">mais<\/a><\/p>\n<p><\/p>\n<div class=\"esp20-0\" style=\"border-top: 1px solid #787b82; width: 55%;\"><\/div>\n<p>O Polit\u00e9cnico de Viseu integrou, junto com 12 Polit\u00e9cnicos da Rede de Institui\u00e7\u00f5es P\u00fablicas do Ensino Superior Polit\u00e9cnico, o Projeto Link Me Up &#8211; 1000 ideias, Sistema de Apoio \u00e0 cocria\u00e7\u00e3o de inova\u00e7\u00e3o, criatividade e empreendedorismo (AAC n.\u00ba 01\/SIAC\/2020 &#8211; Candidatura n.\u00ba 072070, financiado pelo Programa COMPETE), que visa desenvolver mais de 1000 ideias, em processos de cocria\u00e7\u00e3o multidisciplinar e internacional entre alunos, empreendedores e empresas.<br \/>\nEm conson\u00e2ncia com o Programa Operacional Competitividade e Internacionaliza\u00e7\u00e3o ( COMPETE2020 ), este projeto visa &#8220;Promover a sustentabilidade e a qualidade do emprego e apoiar a mobilidade laboral&#8221; (Objetivo Tem\u00e1tico 8).<br \/>\nOs principais objetivos do projeto s\u00e3o:<br \/>\n&#8211; Aumentar a aquisi\u00e7\u00e3o de compet\u00eancias transversais associadas ao empreendedorismo entre os jovens estudantes do ensino superior, tais como: capacidade para pensar e questionar, capacidade de trabalho em equipas multidisciplinares, capacidade de resolu\u00e7\u00e3o de problemas complexos, capacidade de lidar\/gerir a incerteza, capacidade para mudar e gerir a mudan\u00e7a, capacidade para criar e inovar em contextos empresariais, capacidade para fazer diferente e com vantagens competitivas conexas, capacidade para criar valor \u00e0s empresas;<br \/>\n&#8211; Facilitar o contexto para entender e testar a robustez dos projetos empresariais, facilitando a cocria\u00e7ao de inova\u00e7\u00e3o para a renova\u00e7\u00e3o de neg\u00f3cios e promovendo a aquisi\u00e7\u00e3o de conhecimento e compet\u00eancias sobre o fen\u00f3meno em foco nos desafios empresariais.<br \/>\nA implementa\u00e7\u00e3o do projeto \u00e9 feita atrav\u00e9s do Curso de Inova\u00e7\u00e3o Pedag\u00f3gica &#8211; DEMOLA (n\u00e3o conferente de grau) em articula\u00e7\u00e3o com a plataforma Finlandesa DEMOLA (demola.net) e em estreita liga\u00e7\u00e3o com o Projeto Inova\u00e7\u00e3o Educativa (POCH-04-5267-FSE-000818, financiado pelo POCH).<\/p>\n","protected":false},"excerpt":{"rendered":"<p>Dura\u00e7\u00e3o: 2021 \u2013 2023 Investigador Respons\u00e1vel Rosina Fernandes Membros da Equipa Susana Amante Helena Gomes Helena Esteves Correia Lu\u00edsa Augusto Damiana Guedes Rui Pedro Duarte Sofia Campos Anabela Guedes Cristina Amaro da Costa Dulcineia Wessel Jo\u00e3o Nunes Serafim Oliveira Liliana Castilho L\u00facia Sousa Ana Berta Alves Ana Isabel Silva Catarina Sousa Filipa Pereira Isabel Oliveira [&hellip;]<\/p>\n","protected":false},"author":1,"featured_media":3115,"comment_status":"closed","ping_status":"closed","sticky":false,"template":"","format":"standard","meta":{"site-sidebar-layout":"default","site-content-layout":"","ast-site-content-layout":"normal-width-container","site-content-style":"boxed","site-sidebar-style":"default","ast-global-header-display":"","ast-banner-title-visibility":"","ast-main-header-display":"","ast-hfb-above-header-display":"","ast-hfb-below-header-display":"","ast-hfb-mobile-header-display":"","site-post-title":"","ast-breadcrumbs-content":"","ast-featured-img":"","footer-sml-layout":"","ast-disable-related-posts":"","theme-transparent-header-meta":"default","adv-header-id-meta":"","stick-header-meta":"","header-above-stick-meta":"","header-main-stick-meta":"","header-below-stick-meta":"","astra-migrate-meta-layouts":"set","ast-page-background-enabled":"default","ast-page-background-meta":{"desktop":{"background-color":"","background-image":"","background-repeat":"repeat","background-position":"center center","background-size":"auto","background-attachment":"scroll","background-type":"","background-media":"","overlay-type":"","overlay-color":"","overlay-opacity":"","overlay-gradient":""},"tablet":{"background-color":"","background-image":"","background-repeat":"repeat","background-position":"center center","background-size":"auto","background-attachment":"scroll","background-type":"","background-media":"","overlay-type":"","overlay-color":"","overlay-opacity":"","overlay-gradient":""},"mobile":{"background-color":"","background-image":"","background-repeat":"repeat","background-position":"center center","background-size":"auto","background-attachment":"scroll","background-type":"","background-media":"","overlay-type":"","overlay-color":"","overlay-opacity":"","overlay-gradient":""}},"ast-content-background-meta":{"desktop":{"background-color":"var(--ast-global-color-5)","background-image":"","background-repeat":"repeat","background-position":"center center","background-size":"auto","background-attachment":"scroll","background-type":"","background-media":"","overlay-type":"","overlay-color":"","overlay-opacity":"","overlay-gradient":""},"tablet":{"background-color":"var(--ast-global-color-5)","background-image":"","background-repeat":"repeat","background-position":"center center","background-size":"auto","background-attachment":"scroll","background-type":"","background-media":"","overlay-type":"","overlay-color":"","overlay-opacity":"","overlay-gradient":""},"mobile":{"background-color":"var(--ast-global-color-5)","background-image":"","background-repeat":"repeat","background-position":"center center","background-size":"auto","background-attachment":"scroll","background-type":"","background-media":"","overlay-type":"","overlay-color":"","overlay-opacity":"","overlay-gradient":""}},"footnotes":"","_links_to":"","_links_to_target":""},"categories":[30,5,51,741,7,49],"tags":[318,223,271,264,306,292,244,261],"class_list":["post-3114","post","type-post","status-publish","format-standard","has-post-thumbnail","hentry","category-competitivo","category-concluido","category-leiria","category-nacional","category-projeto","category-viseu","tag-2021-2023","tag-ana-isabel-silva","tag-carlos-vasconcelos","tag-catarina-sousa","tag-clarinda-barata","tag-lucia-magueta","tag-rosina-fernandes","tag-susana-amante"],"_links":{"self":[{"href":"https:\/\/events.ipv.pt\/cidei\/wp-json\/wp\/v2\/posts\/3114","targetHints":{"allow":["GET"]}}],"collection":[{"href":"https:\/\/events.ipv.pt\/cidei\/wp-json\/wp\/v2\/posts"}],"about":[{"href":"https:\/\/events.ipv.pt\/cidei\/wp-json\/wp\/v2\/types\/post"}],"author":[{"embeddable":true,"href":"https:\/\/events.ipv.pt\/cidei\/wp-json\/wp\/v2\/users\/1"}],"replies":[{"embeddable":true,"href":"https:\/\/events.ipv.pt\/cidei\/wp-json\/wp\/v2\/comments?post=3114"}],"version-history":[{"count":11,"href":"https:\/\/events.ipv.pt\/cidei\/wp-json\/wp\/v2\/posts\/3114\/revisions"}],"predecessor-version":[{"id":21310,"href":"https:\/\/events.ipv.pt\/cidei\/wp-json\/wp\/v2\/posts\/3114\/revisions\/21310"}],"wp:featuredmedia":[{"embeddable":true,"href":"https:\/\/events.ipv.pt\/cidei\/wp-json\/wp\/v2\/media\/3115"}],"wp:attachment":[{"href":"https:\/\/events.ipv.pt\/cidei\/wp-json\/wp\/v2\/media?parent=3114"}],"wp:term":[{"taxonomy":"category","embeddable":true,"href":"https:\/\/events.ipv.pt\/cidei\/wp-json\/wp\/v2\/categories?post=3114"},{"taxonomy":"post_tag","embeddable":true,"href":"https:\/\/events.ipv.pt\/cidei\/wp-json\/wp\/v2\/tags?post=3114"}],"curies":[{"name":"wp","href":"https:\/\/api.w.org\/{rel}","templated":true}]}}