{"id":3051,"date":"2021-05-19T09:07:31","date_gmt":"2021-05-19T09:07:31","guid":{"rendered":"http:\/\/localhost\/cidei\/?p=3051"},"modified":"2026-02-26T13:59:28","modified_gmt":"2026-02-26T13:59:28","slug":"apoios-especiais-ipv-exploracao-de-metodologias-online-no-desenvolvimento-de-competencias-na-area-do-audiovisual","status":"publish","type":"post","link":"https:\/\/events.ipv.pt\/cidei\/apoios-especiais-ipv-exploracao-de-metodologias-online-no-desenvolvimento-de-competencias-na-area-do-audiovisual\/","title":{"rendered":"[apoios especiais IPV] Explora\u00e7\u00e3o de metodologias online no desenvolvimento de compet\u00eancias na \u00e1rea do audiovisual"},"content":{"rendered":"<h5><span class=\"fS8\">Dura\u00e7\u00e3o:<\/span> 2021 \u2013 2022<\/h5>\n<h5><span class=\"fS8\">Investigador Respons\u00e1vel<\/span><br \/>\nS\u00f3nia Ferreira<br \/>\nTeresa Gouveia<\/h5>\n<h5><span class=\"fS8\">Membros da Equipa<\/span><br \/>\nCarla Freire<br \/>\nCatarina Mangas<br \/>\nFilomena Sobral<br \/>\nPedro Rito<br \/>\nSalom\u00e9 Morais<\/h5>\n<h5><span class=\"fS8\">Entidades Financiadoras<br \/>\nIPV<\/span><\/h5>\n<h5><span class=\"fS8\">Linha de investiga\u00e7\u00e3o<\/span><br \/>\nTIC e Multim\u00e9dia na Educa\u00e7\u00e3o<\/h5>\n<p><a class=\"btEquipa\" href=\"https:\/\/ipv.pt\/apoios-especiais\/projeto4\/\" rel=\"noopener noreferrer\" target=\"_blank\">mais<\/a><\/p>\n<p><\/p>\n<div class=\"esp20-0\" style=\"border-top: 1px solid #787b82; width: 55%;\"><\/div>\n<p>O conte\u00fado audiovisual \u00e9 uma ferramenta influente de comunica\u00e7\u00e3o que acompanha gera\u00e7\u00f5es h\u00e1 d\u00e9cadas, mas que carece de investimento no que diz respeito \u00e0 forma\u00e7\u00e3o e educa\u00e7\u00e3o. \u00c9 objetivo deste projeto conceber e promover outras formas de ensino-aprendizagem, especificamente em contexto online, na \u00e1rea do audiovisual. O curso oferece um contacto privilegiado com especialistas convidados dos contextos empresarial e educacional, permitindo obter conhecimentos e desenvolver capacidades para a produ\u00e7\u00e3o de um projeto audiovisual. Assim, a metodologia de ensino e a tecnologia de suporte devem ser desenvolvidas de modo a responder \u00e0s necessidades n\u00e3o s\u00f3 da forma\u00e7\u00e3o, como dos formandos. Os aspetos t\u00e9cnicos, os fluxos de comunica\u00e7\u00e3o e o design de intera\u00e7\u00e3o s\u00e3o importantes na implementa\u00e7\u00e3o da plataforma de sustenta\u00e7\u00e3o do curso. No in\u00edcio e no final da forma\u00e7\u00e3o, os participantes ser\u00e3o convidados a responder a dois question\u00e1rios. Um de caracteriza\u00e7\u00e3o de participantes e expetativas e outro de satisfa\u00e7\u00e3o e de perce\u00e7\u00e3o sobre a forma\u00e7\u00e3o.<\/p>\n","protected":false},"excerpt":{"rendered":"<p>Dura\u00e7\u00e3o: 2021 \u2013 2022 Investigador Respons\u00e1vel S\u00f3nia Ferreira Teresa Gouveia Membros da Equipa Carla Freire Catarina Mangas Filomena Sobral Pedro Rito Salom\u00e9 Morais Entidades Financiadoras IPV Linha de investiga\u00e7\u00e3o TIC e Multim\u00e9dia na Educa\u00e7\u00e3o mais O conte\u00fado audiovisual \u00e9 uma ferramenta influente de comunica\u00e7\u00e3o que acompanha gera\u00e7\u00f5es h\u00e1 d\u00e9cadas, mas que carece de investimento no [&hellip;]<\/p>\n","protected":false},"author":1,"featured_media":12119,"comment_status":"closed","ping_status":"closed","sticky":false,"template":"","format":"standard","meta":{"site-sidebar-layout":"default","site-content-layout":"","ast-site-content-layout":"normal-width-container","site-content-style":"boxed","site-sidebar-style":"default","ast-global-header-display":"","ast-banner-title-visibility":"","ast-main-header-display":"","ast-hfb-above-header-display":"","ast-hfb-below-header-display":"","ast-hfb-mobile-header-display":"","site-post-title":"","ast-breadcrumbs-content":"","ast-featured-img":"","footer-sml-layout":"","ast-disable-related-posts":"","theme-transparent-header-meta":"default","adv-header-id-meta":"","stick-header-meta":"","header-above-stick-meta":"","header-main-stick-meta":"","header-below-stick-meta":"","astra-migrate-meta-layouts":"set","ast-page-background-enabled":"default","ast-page-background-meta":{"desktop":{"background-color":"","background-image":"","background-repeat":"repeat","background-position":"center center","background-size":"auto","background-attachment":"scroll","background-type":"","background-media":"","overlay-type":"","overlay-color":"","overlay-opacity":"","overlay-gradient":""},"tablet":{"background-color":"","background-image":"","background-repeat":"repeat","background-position":"center center","background-size":"auto","background-attachment":"scroll","background-type":"","background-media":"","overlay-type":"","overlay-color":"","overlay-opacity":"","overlay-gradient":""},"mobile":{"background-color":"","background-image":"","background-repeat":"repeat","background-position":"center center","background-size":"auto","background-attachment":"scroll","background-type":"","background-media":"","overlay-type":"","overlay-color":"","overlay-opacity":"","overlay-gradient":""}},"ast-content-background-meta":{"desktop":{"background-color":"var(--ast-global-color-5)","background-image":"","background-repeat":"repeat","background-position":"center center","background-size":"auto","background-attachment":"scroll","background-type":"","background-media":"","overlay-type":"","overlay-color":"","overlay-opacity":"","overlay-gradient":""},"tablet":{"background-color":"var(--ast-global-color-5)","background-image":"","background-repeat":"repeat","background-position":"center center","background-size":"auto","background-attachment":"scroll","background-type":"","background-media":"","overlay-type":"","overlay-color":"","overlay-opacity":"","overlay-gradient":""},"mobile":{"background-color":"var(--ast-global-color-5)","background-image":"","background-repeat":"repeat","background-position":"center center","background-size":"auto","background-attachment":"scroll","background-type":"","background-media":"","overlay-type":"","overlay-color":"","overlay-opacity":"","overlay-gradient":""}},"footnotes":"","_links_to":"","_links_to_target":""},"categories":[30,5,51,741,7,33,49],"tags":[343,246,275,756,236,288],"class_list":["post-3051","post","type-post","status-publish","format-standard","has-post-thumbnail","hentry","category-competitivo","category-concluido","category-leiria","category-nacional","category-projeto","category-tic-e-multimedia-na-educacao","category-viseu","tag-2021-2022","tag-filomena-sobral","tag-pedro-rito","tag-salome-morais","tag-sonia-ferreira","tag-teresa-gouveia"],"_links":{"self":[{"href":"https:\/\/events.ipv.pt\/cidei\/wp-json\/wp\/v2\/posts\/3051","targetHints":{"allow":["GET"]}}],"collection":[{"href":"https:\/\/events.ipv.pt\/cidei\/wp-json\/wp\/v2\/posts"}],"about":[{"href":"https:\/\/events.ipv.pt\/cidei\/wp-json\/wp\/v2\/types\/post"}],"author":[{"embeddable":true,"href":"https:\/\/events.ipv.pt\/cidei\/wp-json\/wp\/v2\/users\/1"}],"replies":[{"embeddable":true,"href":"https:\/\/events.ipv.pt\/cidei\/wp-json\/wp\/v2\/comments?post=3051"}],"version-history":[{"count":6,"href":"https:\/\/events.ipv.pt\/cidei\/wp-json\/wp\/v2\/posts\/3051\/revisions"}],"predecessor-version":[{"id":21734,"href":"https:\/\/events.ipv.pt\/cidei\/wp-json\/wp\/v2\/posts\/3051\/revisions\/21734"}],"wp:featuredmedia":[{"embeddable":true,"href":"https:\/\/events.ipv.pt\/cidei\/wp-json\/wp\/v2\/media\/12119"}],"wp:attachment":[{"href":"https:\/\/events.ipv.pt\/cidei\/wp-json\/wp\/v2\/media?parent=3051"}],"wp:term":[{"taxonomy":"category","embeddable":true,"href":"https:\/\/events.ipv.pt\/cidei\/wp-json\/wp\/v2\/categories?post=3051"},{"taxonomy":"post_tag","embeddable":true,"href":"https:\/\/events.ipv.pt\/cidei\/wp-json\/wp\/v2\/tags?post=3051"}],"curies":[{"name":"wp","href":"https:\/\/api.w.org\/{rel}","templated":true}]}}