{"id":3040,"date":"2021-01-18T16:28:45","date_gmt":"2021-01-18T16:28:45","guid":{"rendered":"http:\/\/localhost\/cidei\/?p=3040"},"modified":"2026-02-02T17:04:19","modified_gmt":"2026-02-02T17:04:19","slug":"proj-ipv-idi-012-comunicacao-e-sustentabilidade-ambiental-praticas-das-cidades-e-comportamentos-dos-publicos","status":"publish","type":"post","link":"https:\/\/events.ipv.pt\/cidei\/proj-ipv-idi-012-comunicacao-e-sustentabilidade-ambiental-praticas-das-cidades-e-comportamentos-dos-publicos\/","title":{"rendered":"PROJ\/IPV\/ID&#038;I\/012 | COMUNICA\u00c7\u00c3O E SUSTENTABILIDADE AMBIENTAL: PR\u00c1TICAS DAS CIDADES E COMPORTAMENTOS DOS P\u00daBLICOS"},"content":{"rendered":"<h5><span class=\"fS8\">Dura\u00e7\u00e3o:<\/span> 2021 \u2013 2022<\/h5>\n<h5><span class=\"fS8\">Investigador Respons\u00e1vel<\/span><br \/>\n<span class=\"fCinzaA fW400\">Lu\u00edsa Augusto<\/span><\/h5>\n<h5><span class=\"fS8\">Membros da Equipa<\/span><br \/>\nLu\u00eds Sousa<br \/>\nPaulo Silva<\/h5>\n<h5><span class=\"fS8\">Entidades Financiadoras<br \/>\nCGD; IPV<\/span><\/h5>\n<p><a class=\"btEquipa\" href=\"https:\/\/www.esev.ipv.pt\/icces\/\" rel=\"noopener noreferrer\" target=\"_blank\">mais<\/a><\/p>\n<p><\/p>\n<div class=\"esp20-0\" style=\"border-top: 1px solid #787b82; width: 55%;\"><\/div>\n<p>A responsabilidade ambiental tem assumido uma grande dimens\u00e3o nos processos de gest\u00e3o e de comunica\u00e7\u00e3o, sendo alvo de preocupa\u00e7\u00e3o crescente de v\u00e1rias entidades de diferentes setores de atividade. \u00c9 fundamental que as organiza\u00e7\u00f5es repensem as suas pr\u00e1ticas e comportamentos em rela\u00e7\u00e3o \u00e0 prote\u00e7\u00e3o do meio ambiente. Os munic\u00edpios e as cidades reconhecem a necessidade de preocupa\u00e7\u00e3o com a sustentabilidade das cidades, de forma a proporcionar ambientes seguros, saud\u00e1veis e que n\u00e3o ponham em risco o futuro dos cidad\u00e3os. Por outro lado, \u00e9 um dever dos cidad\u00e3os adotar comportamentos mais ecol\u00f3gicos, respons\u00e1veis em termos ambientais.<br \/>\nA preocupa\u00e7\u00e3o com a sustentabilidade e responsabilidade ambiental, bem como a comunica\u00e7\u00e3o dos territ\u00f3rios, das cidades, sobre os temas e iniciativas de responsabilidade ambiental e o comportamento verde dos consumidores tem despertado o interesse da academia, dando origem a um conjunto de pesquisas.<br \/>\nO presente projeto tem como objetivos analisar se os munic\u00edpios\/cidades desenvolvem pr\u00e1ticas impulsionadoras de comportamentos sustent\u00e1veis e de que forma as comunicam; perceber que tipo de benef\u00edcios as pessoas reconhecem como estimuladores de comportamentos mais sustent\u00e1veis nos munic\u00edpios\/cidades e se as pessoas j\u00e1 t\u00eam comportamentos sustent\u00e1veis. Pretende-se analisar e comparar tr\u00eas pa\u00edses: Portugal, Rep\u00fablica Checa e Cabo Verde e seis realidades: Viseu (cidade com densidade populacional m\u00e9dia e considerada uma das melhores cidades para viver), Lamego<br \/>\n(segunda maior cidade do distrito), Oliveira do Hospital (cidade com baixa densidade populacional), \u00c1gueda (uma cidade pertencente \u00e0 sub-regi\u00e3o do Baixo Vouga e das mais sustent\u00e1veis do pa\u00eds), Praga (cidade europeia, considerada uma das 10 cidades mais sustent\u00e1veis do mundo) e os munic\u00edpios de Ribeira Grande, Paul e Porto Novo, na Ilha de Santo Ant\u00e3o, em Cabo Verde (munic\u00edpios com projeto para o desenvolvimento sustent\u00e1vel).<br \/>\nO projeto compreende o desenvolvimento de estudos atrav\u00e9s da an\u00e1lise dos materiais de comunica\u00e7\u00e3o das cidades\/autarquias, da realiza\u00e7\u00e3o de entrevistas (\u00e0s autarquias e entidades competentes), aplica\u00e7\u00e3o de question\u00e1rios aos mun\u00edcipes, residentes e turistas das cidades e munic\u00edpios em estudo.<\/p>\n","protected":false},"excerpt":{"rendered":"<p>Dura\u00e7\u00e3o: 2021 \u2013 2022 Investigador Respons\u00e1vel Lu\u00edsa Augusto Membros da Equipa Lu\u00eds Sousa Paulo Silva Entidades Financiadoras CGD; IPV mais A responsabilidade ambiental tem assumido uma grande dimens\u00e3o nos processos de gest\u00e3o e de comunica\u00e7\u00e3o, sendo alvo de preocupa\u00e7\u00e3o crescente de v\u00e1rias entidades de diferentes setores de atividade. \u00c9 fundamental que as organiza\u00e7\u00f5es repensem as [&hellip;]<\/p>\n","protected":false},"author":1,"featured_media":12164,"comment_status":"closed","ping_status":"closed","sticky":false,"template":"","format":"standard","meta":{"site-sidebar-layout":"default","site-content-layout":"","ast-site-content-layout":"normal-width-container","site-content-style":"boxed","site-sidebar-style":"default","ast-global-header-display":"","ast-banner-title-visibility":"","ast-main-header-display":"","ast-hfb-above-header-display":"","ast-hfb-below-header-display":"","ast-hfb-mobile-header-display":"","site-post-title":"","ast-breadcrumbs-content":"","ast-featured-img":"","footer-sml-layout":"","ast-disable-related-posts":"","theme-transparent-header-meta":"default","adv-header-id-meta":"","stick-header-meta":"","header-above-stick-meta":"","header-main-stick-meta":"","header-below-stick-meta":"","astra-migrate-meta-layouts":"set","ast-page-background-enabled":"default","ast-page-background-meta":{"desktop":{"background-color":"","background-image":"","background-repeat":"repeat","background-position":"center center","background-size":"auto","background-attachment":"scroll","background-type":"","background-media":"","overlay-type":"","overlay-color":"","overlay-opacity":"","overlay-gradient":""},"tablet":{"background-color":"","background-image":"","background-repeat":"repeat","background-position":"center center","background-size":"auto","background-attachment":"scroll","background-type":"","background-media":"","overlay-type":"","overlay-color":"","overlay-opacity":"","overlay-gradient":""},"mobile":{"background-color":"","background-image":"","background-repeat":"repeat","background-position":"center center","background-size":"auto","background-attachment":"scroll","background-type":"","background-media":"","overlay-type":"","overlay-color":"","overlay-opacity":"","overlay-gradient":""}},"ast-content-background-meta":{"desktop":{"background-color":"var(--ast-global-color-5)","background-image":"","background-repeat":"repeat","background-position":"center center","background-size":"auto","background-attachment":"scroll","background-type":"","background-media":"","overlay-type":"","overlay-color":"","overlay-opacity":"","overlay-gradient":""},"tablet":{"background-color":"var(--ast-global-color-5)","background-image":"","background-repeat":"repeat","background-position":"center center","background-size":"auto","background-attachment":"scroll","background-type":"","background-media":"","overlay-type":"","overlay-color":"","overlay-opacity":"","overlay-gradient":""},"mobile":{"background-color":"var(--ast-global-color-5)","background-image":"","background-repeat":"repeat","background-position":"center center","background-size":"auto","background-attachment":"scroll","background-type":"","background-media":"","overlay-type":"","overlay-color":"","overlay-opacity":"","overlay-gradient":""}},"footnotes":"","_links_to":"","_links_to_target":""},"categories":[30,5,741,7,49],"tags":[343,303],"class_list":["post-3040","post","type-post","status-publish","format-standard","has-post-thumbnail","hentry","category-competitivo","category-concluido","category-nacional","category-projeto","category-viseu","tag-2021-2022","tag-luis-sousa"],"_links":{"self":[{"href":"https:\/\/events.ipv.pt\/cidei\/wp-json\/wp\/v2\/posts\/3040","targetHints":{"allow":["GET"]}}],"collection":[{"href":"https:\/\/events.ipv.pt\/cidei\/wp-json\/wp\/v2\/posts"}],"about":[{"href":"https:\/\/events.ipv.pt\/cidei\/wp-json\/wp\/v2\/types\/post"}],"author":[{"embeddable":true,"href":"https:\/\/events.ipv.pt\/cidei\/wp-json\/wp\/v2\/users\/1"}],"replies":[{"embeddable":true,"href":"https:\/\/events.ipv.pt\/cidei\/wp-json\/wp\/v2\/comments?post=3040"}],"version-history":[{"count":5,"href":"https:\/\/events.ipv.pt\/cidei\/wp-json\/wp\/v2\/posts\/3040\/revisions"}],"predecessor-version":[{"id":21314,"href":"https:\/\/events.ipv.pt\/cidei\/wp-json\/wp\/v2\/posts\/3040\/revisions\/21314"}],"wp:featuredmedia":[{"embeddable":true,"href":"https:\/\/events.ipv.pt\/cidei\/wp-json\/wp\/v2\/media\/12164"}],"wp:attachment":[{"href":"https:\/\/events.ipv.pt\/cidei\/wp-json\/wp\/v2\/media?parent=3040"}],"wp:term":[{"taxonomy":"category","embeddable":true,"href":"https:\/\/events.ipv.pt\/cidei\/wp-json\/wp\/v2\/categories?post=3040"},{"taxonomy":"post_tag","embeddable":true,"href":"https:\/\/events.ipv.pt\/cidei\/wp-json\/wp\/v2\/tags?post=3040"}],"curies":[{"name":"wp","href":"https:\/\/api.w.org\/{rel}","templated":true}]}}