{"id":21831,"date":"2025-02-27T12:08:58","date_gmt":"2025-02-27T12:08:58","guid":{"rendered":"https:\/\/events.ipv.pt\/cidei\/?p=21831"},"modified":"2026-02-27T12:09:56","modified_gmt":"2026-02-27T12:09:56","slug":"importancia-da-formacao-profissional-para-a-competitividade-das-organizacoes-socias-um-estudo-comparativo-entre-as-organizacoes-no-distrito-de-viseu","status":"publish","type":"post","link":"https:\/\/events.ipv.pt\/cidei\/importancia-da-formacao-profissional-para-a-competitividade-das-organizacoes-socias-um-estudo-comparativo-entre-as-organizacoes-no-distrito-de-viseu\/","title":{"rendered":"Import\u00e2ncia da Forma\u00e7\u00e3o Profissional para a Competitividade das Organiza\u00e7\u00f5es Socias: um estudo comparativo entre as Organiza\u00e7\u00f5es no distrito de Viseu"},"content":{"rendered":"<p>Import\u00e2ncia da Forma\u00e7\u00e3o Profissional para a Competitividade das Organiza\u00e7\u00f5es Socias: um estudo comparativo entre as Organiza\u00e7\u00f5es no distrito de Viseu<br \/>\n2025 Gest\u00e3o das Organiza\u00e7\u00f5es Sociais | Instituto Polit\u00e9cnico de Viseu Escola Superior de Tecnologia e Gest\u00e3o de Lamego, Portugal<br \/>\nVera Matos Lopes | <a href=\"http:\/\/hdl.handle.net\/10400.19\/9505\" target=\"_blank\">http:\/\/hdl.handle.net\/10400.19\/9505<\/a><\/p>\n","protected":false},"excerpt":{"rendered":"<p>Import\u00e2ncia da Forma\u00e7\u00e3o Profissional para a Competitividade das Organiza\u00e7\u00f5es Socias: um estudo comparativo entre as Organiza\u00e7\u00f5es no distrito de Viseu 2025 Gest\u00e3o das Organiza\u00e7\u00f5es Sociais | Instituto Polit\u00e9cnico de Viseu Escola Superior de Tecnologia e Gest\u00e3o de Lamego, Portugal Vera Matos Lopes | http:\/\/hdl.handle.net\/10400.19\/9505<\/p>\n","protected":false},"author":1,"featured_media":0,"comment_status":"closed","ping_status":"closed","sticky":false,"template":"","format":"standard","meta":{"site-sidebar-layout":"default","site-content-layout":"","ast-site-content-layout":"default","site-content-style":"default","site-sidebar-style":"default","ast-global-header-display":"","ast-banner-title-visibility":"","ast-main-header-display":"","ast-hfb-above-header-display":"","ast-hfb-below-header-display":"","ast-hfb-mobile-header-display":"","site-post-title":"","ast-breadcrumbs-content":"","ast-featured-img":"","footer-sml-layout":"","ast-disable-related-posts":"","theme-transparent-header-meta":"default","adv-header-id-meta":"","stick-header-meta":"","header-above-stick-meta":"","header-main-stick-meta":"","header-below-stick-meta":"","astra-migrate-meta-layouts":"set","ast-page-background-enabled":"default","ast-page-background-meta":{"desktop":{"background-color":"","background-image":"","background-repeat":"repeat","background-position":"center center","background-size":"auto","background-attachment":"scroll","background-type":"","background-media":"","overlay-type":"","overlay-color":"","overlay-opacity":"","overlay-gradient":""},"tablet":{"background-color":"","background-image":"","background-repeat":"repeat","background-position":"center center","background-size":"auto","background-attachment":"scroll","background-type":"","background-media":"","overlay-type":"","overlay-color":"","overlay-opacity":"","overlay-gradient":""},"mobile":{"background-color":"","background-image":"","background-repeat":"repeat","background-position":"center center","background-size":"auto","background-attachment":"scroll","background-type":"","background-media":"","overlay-type":"","overlay-color":"","overlay-opacity":"","overlay-gradient":""}},"ast-content-background-meta":{"desktop":{"background-color":"var(--ast-global-color-5)","background-image":"","background-repeat":"repeat","background-position":"center center","background-size":"auto","background-attachment":"scroll","background-type":"","background-media":"","overlay-type":"","overlay-color":"","overlay-opacity":"","overlay-gradient":""},"tablet":{"background-color":"var(--ast-global-color-5)","background-image":"","background-repeat":"repeat","background-position":"center center","background-size":"auto","background-attachment":"scroll","background-type":"","background-media":"","overlay-type":"","overlay-color":"","overlay-opacity":"","overlay-gradient":""},"mobile":{"background-color":"var(--ast-global-color-5)","background-image":"","background-repeat":"repeat","background-position":"center center","background-size":"auto","background-attachment":"scroll","background-type":"","background-media":"","overlay-type":"","overlay-color":"","overlay-opacity":"","overlay-gradient":""}},"footnotes":"","_links_to":"","_links_to_target":""},"categories":[209,172,49],"tags":[228],"class_list":["post-21831","post","type-post","status-publish","format-standard","hentry","category-209","category-mestrado","category-viseu","tag-susana-rebelo-da-fonseca"],"_links":{"self":[{"href":"https:\/\/events.ipv.pt\/cidei\/wp-json\/wp\/v2\/posts\/21831","targetHints":{"allow":["GET"]}}],"collection":[{"href":"https:\/\/events.ipv.pt\/cidei\/wp-json\/wp\/v2\/posts"}],"about":[{"href":"https:\/\/events.ipv.pt\/cidei\/wp-json\/wp\/v2\/types\/post"}],"author":[{"embeddable":true,"href":"https:\/\/events.ipv.pt\/cidei\/wp-json\/wp\/v2\/users\/1"}],"replies":[{"embeddable":true,"href":"https:\/\/events.ipv.pt\/cidei\/wp-json\/wp\/v2\/comments?post=21831"}],"version-history":[{"count":1,"href":"https:\/\/events.ipv.pt\/cidei\/wp-json\/wp\/v2\/posts\/21831\/revisions"}],"predecessor-version":[{"id":21832,"href":"https:\/\/events.ipv.pt\/cidei\/wp-json\/wp\/v2\/posts\/21831\/revisions\/21832"}],"wp:attachment":[{"href":"https:\/\/events.ipv.pt\/cidei\/wp-json\/wp\/v2\/media?parent=21831"}],"wp:term":[{"taxonomy":"category","embeddable":true,"href":"https:\/\/events.ipv.pt\/cidei\/wp-json\/wp\/v2\/categories?post=21831"},{"taxonomy":"post_tag","embeddable":true,"href":"https:\/\/events.ipv.pt\/cidei\/wp-json\/wp\/v2\/tags?post=21831"}],"curies":[{"name":"wp","href":"https:\/\/api.w.org\/{rel}","templated":true}]}}