{"id":15156,"date":"2023-04-01T10:18:37","date_gmt":"2023-04-01T10:18:37","guid":{"rendered":"http:\/\/localhost\/cidei\/?p=15156"},"modified":"2025-08-14T14:07:06","modified_gmt":"2025-08-14T14:07:06","slug":"o-ilustre-extinto-o-desaparecimento-de-antonio-aurelio-da-costa-ferreira-lembrado-cem-anos-depois-1922-2022","status":"publish","type":"post","link":"https:\/\/events.ipv.pt\/cidei\/o-ilustre-extinto-o-desaparecimento-de-antonio-aurelio-da-costa-ferreira-lembrado-cem-anos-depois-1922-2022\/","title":{"rendered":"O ilustre extinto. O desaparecimento de Ant\u00f3nio Aur\u00e9lio da Costa Ferreira lembrado cem anos depois (1922-2022)"},"content":{"rendered":"<p>Ferreira, N. M. (2023).<br \/>\nO ilustre extinto. O desaparecimento de Ant\u00f3nio Aur\u00e9lio da Costa Ferreira lembrado cem anos depois (1922-2022).<br \/>\n<em>Da Investiga\u00e7\u00e3o \u00e0s Pr\u00e1ticas: Estudos De Natureza Educacional, 13<\/em>(2), e371.<br \/>\n<a href=\"https:\/\/doi.org\/10.25757\/invep.v13i2.371\" target=\"_blank\">https:\/\/doi.org\/10.25757\/invep.v13i2.371<\/a><\/p>\n","protected":false},"excerpt":{"rendered":"<p>Ferreira, N. M. (2023). O ilustre extinto. O desaparecimento de Ant\u00f3nio Aur\u00e9lio da Costa Ferreira lembrado cem anos depois (1922-2022). Da Investiga\u00e7\u00e3o \u00e0s Pr\u00e1ticas: Estudos De Natureza Educacional, 13(2), e371. https:\/\/doi.org\/10.25757\/invep.v13i2.371<\/p>\n","protected":false},"author":1,"featured_media":0,"comment_status":"closed","ping_status":"closed","sticky":false,"template":"","format":"standard","meta":{"site-sidebar-layout":"default","site-content-layout":"","ast-site-content-layout":"default","site-content-style":"default","site-sidebar-style":"default","ast-global-header-display":"","ast-banner-title-visibility":"","ast-main-header-display":"","ast-hfb-above-header-display":"","ast-hfb-below-header-display":"","ast-hfb-mobile-header-display":"","site-post-title":"","ast-breadcrumbs-content":"","ast-featured-img":"","footer-sml-layout":"","ast-disable-related-posts":"","theme-transparent-header-meta":"default","adv-header-id-meta":"","stick-header-meta":"","header-above-stick-meta":"","header-main-stick-meta":"","header-below-stick-meta":"","astra-migrate-meta-layouts":"set","ast-page-background-enabled":"default","ast-page-background-meta":{"desktop":{"background-color":"","background-image":"","background-repeat":"repeat","background-position":"center center","background-size":"auto","background-attachment":"scroll","background-type":"","background-media":"","overlay-type":"","overlay-color":"","overlay-opacity":"","overlay-gradient":""},"tablet":{"background-color":"","background-image":"","background-repeat":"repeat","background-position":"center center","background-size":"auto","background-attachment":"scroll","background-type":"","background-media":"","overlay-type":"","overlay-color":"","overlay-opacity":"","overlay-gradient":""},"mobile":{"background-color":"","background-image":"","background-repeat":"repeat","background-position":"center center","background-size":"auto","background-attachment":"scroll","background-type":"","background-media":"","overlay-type":"","overlay-color":"","overlay-opacity":"","overlay-gradient":""}},"ast-content-background-meta":{"desktop":{"background-color":"var(--ast-global-color-5)","background-image":"","background-repeat":"repeat","background-position":"center center","background-size":"auto","background-attachment":"scroll","background-type":"","background-media":"","overlay-type":"","overlay-color":"","overlay-opacity":"","overlay-gradient":""},"tablet":{"background-color":"var(--ast-global-color-5)","background-image":"","background-repeat":"repeat","background-position":"center center","background-size":"auto","background-attachment":"scroll","background-type":"","background-media":"","overlay-type":"","overlay-color":"","overlay-opacity":"","overlay-gradient":""},"mobile":{"background-color":"var(--ast-global-color-5)","background-image":"","background-repeat":"repeat","background-position":"center center","background-size":"auto","background-attachment":"scroll","background-type":"","background-media":"","overlay-type":"","overlay-color":"","overlay-opacity":"","overlay-gradient":""}},"footnotes":"","_links_to":"","_links_to_target":""},"categories":[37,62,152],"tags":[278],"class_list":["post-15156","post","type-post","status-publish","format-standard","hentry","category-37","category-artigos-em-revistas","category-lisboa","tag-nuno-martins-ferreira"],"_links":{"self":[{"href":"https:\/\/events.ipv.pt\/cidei\/wp-json\/wp\/v2\/posts\/15156","targetHints":{"allow":["GET"]}}],"collection":[{"href":"https:\/\/events.ipv.pt\/cidei\/wp-json\/wp\/v2\/posts"}],"about":[{"href":"https:\/\/events.ipv.pt\/cidei\/wp-json\/wp\/v2\/types\/post"}],"author":[{"embeddable":true,"href":"https:\/\/events.ipv.pt\/cidei\/wp-json\/wp\/v2\/users\/1"}],"replies":[{"embeddable":true,"href":"https:\/\/events.ipv.pt\/cidei\/wp-json\/wp\/v2\/comments?post=15156"}],"version-history":[{"count":3,"href":"https:\/\/events.ipv.pt\/cidei\/wp-json\/wp\/v2\/posts\/15156\/revisions"}],"predecessor-version":[{"id":17704,"href":"https:\/\/events.ipv.pt\/cidei\/wp-json\/wp\/v2\/posts\/15156\/revisions\/17704"}],"wp:attachment":[{"href":"https:\/\/events.ipv.pt\/cidei\/wp-json\/wp\/v2\/media?parent=15156"}],"wp:term":[{"taxonomy":"category","embeddable":true,"href":"https:\/\/events.ipv.pt\/cidei\/wp-json\/wp\/v2\/categories?post=15156"},{"taxonomy":"post_tag","embeddable":true,"href":"https:\/\/events.ipv.pt\/cidei\/wp-json\/wp\/v2\/tags?post=15156"}],"curies":[{"name":"wp","href":"https:\/\/api.w.org\/{rel}","templated":true}]}}