{"id":14383,"date":"2022-03-17T11:37:37","date_gmt":"2022-03-17T11:37:37","guid":{"rendered":"http:\/\/localhost\/cidei\/?p=14383"},"modified":"2026-02-24T15:10:20","modified_gmt":"2026-02-24T15:10:20","slug":"ipl-2022-engral_eselx-o-ensino-da-gramatica-perspetiva-dos-alunos-de-2o-ceb","status":"publish","type":"post","link":"https:\/\/events.ipv.pt\/cidei\/ipl-2022-engral_eselx-o-ensino-da-gramatica-perspetiva-dos-alunos-de-2o-ceb\/","title":{"rendered":"IPL\/2022\/ EnGRAL_ESELx O ENSINO DA GRAM\u00c1TICA: PERSPETIVA DOS ALUNOS DE 2\u00ba CEB"},"content":{"rendered":"<h5><span class=\"fS8\">Dura\u00e7\u00e3o:<\/span> 2022 &#8211; 2023<\/h5>\n<h5><span class=\"fS8\">Investigador Respons\u00e1vel<\/span><br \/>\n<span class=\"fCinzaA fW400\">Susana Pereira<\/span><\/h5>\n<h5><span class=\"fS8\">Membros da Equipa<\/span><br \/>\nBianor Valente<\/h5>\n<h5><span class=\"fS8\">Linha de investiga\u00e7\u00e3o<\/span><br \/>\nPol\u00edticas Educativas, Did\u00e1ticas e Forma\u00e7\u00e3o<\/h5>\n<div class=\"esp20-0\" style=\"border-top: 1px solid #787b82; width: 55%;\"><\/div>\n<p>No \u00e2mbito da investiga\u00e7\u00e3o sobre a did\u00e1tica da l\u00edngua materna, assumindo uma metodologia mista, de natureza qualitativa e quantitativa, o projeto visa conhecer as conce\u00e7\u00f5es dos alunos de 2\u00ba Ciclo do Ensino B\u00e1sico sobre a Gram\u00e1tica e sobre os seus processos de ensino e aprendizagem, constituindo para isso parcerias com escolas p\u00fablicas da \u00e1rea metropolitana de Lisboa. <\/p>\n","protected":false},"excerpt":{"rendered":"<p>Dura\u00e7\u00e3o: 2022 &#8211; 2023 Investigador Respons\u00e1vel Susana Pereira Membros da Equipa Bianor Valente Linha de investiga\u00e7\u00e3o Pol\u00edticas Educativas, Did\u00e1ticas e Forma\u00e7\u00e3o No \u00e2mbito da investiga\u00e7\u00e3o sobre a did\u00e1tica da l\u00edngua materna, assumindo uma metodologia mista, de natureza qualitativa e quantitativa, o projeto visa conhecer as conce\u00e7\u00f5es dos alunos de 2\u00ba Ciclo do Ensino B\u00e1sico sobre [&hellip;]<\/p>\n","protected":false},"author":1,"featured_media":12155,"comment_status":"closed","ping_status":"closed","sticky":false,"template":"","format":"standard","meta":{"site-sidebar-layout":"default","site-content-layout":"","ast-site-content-layout":"normal-width-container","site-content-style":"boxed","site-sidebar-style":"default","ast-global-header-display":"","ast-banner-title-visibility":"","ast-main-header-display":"","ast-hfb-above-header-display":"","ast-hfb-below-header-display":"","ast-hfb-mobile-header-display":"","site-post-title":"","ast-breadcrumbs-content":"","ast-featured-img":"","footer-sml-layout":"","ast-disable-related-posts":"","theme-transparent-header-meta":"default","adv-header-id-meta":"","stick-header-meta":"","header-above-stick-meta":"","header-main-stick-meta":"","header-below-stick-meta":"","astra-migrate-meta-layouts":"set","ast-page-background-enabled":"default","ast-page-background-meta":{"desktop":{"background-color":"","background-image":"","background-repeat":"repeat","background-position":"center center","background-size":"auto","background-attachment":"scroll","background-type":"","background-media":"","overlay-type":"","overlay-color":"","overlay-opacity":"","overlay-gradient":""},"tablet":{"background-color":"","background-image":"","background-repeat":"repeat","background-position":"center center","background-size":"auto","background-attachment":"scroll","background-type":"","background-media":"","overlay-type":"","overlay-color":"","overlay-opacity":"","overlay-gradient":""},"mobile":{"background-color":"","background-image":"","background-repeat":"repeat","background-position":"center center","background-size":"auto","background-attachment":"scroll","background-type":"","background-media":"","overlay-type":"","overlay-color":"","overlay-opacity":"","overlay-gradient":""}},"ast-content-background-meta":{"desktop":{"background-color":"var(--ast-global-color-5)","background-image":"","background-repeat":"repeat","background-position":"center center","background-size":"auto","background-attachment":"scroll","background-type":"","background-media":"","overlay-type":"","overlay-color":"","overlay-opacity":"","overlay-gradient":""},"tablet":{"background-color":"var(--ast-global-color-5)","background-image":"","background-repeat":"repeat","background-position":"center center","background-size":"auto","background-attachment":"scroll","background-type":"","background-media":"","overlay-type":"","overlay-color":"","overlay-opacity":"","overlay-gradient":""},"mobile":{"background-color":"var(--ast-global-color-5)","background-image":"","background-repeat":"repeat","background-position":"center center","background-size":"auto","background-attachment":"scroll","background-type":"","background-media":"","overlay-type":"","overlay-color":"","overlay-opacity":"","overlay-gradient":""}},"footnotes":"","_links_to":"","_links_to_target":""},"categories":[30,5,152,741,25,7],"tags":[315,294],"class_list":["post-14383","post","type-post","status-publish","format-standard","has-post-thumbnail","hentry","category-competitivo","category-concluido","category-lisboa","category-nacional","category-politicas-educativas-didaticas-e-formacao","category-projeto","tag-2022-2023","tag-bianor-valente"],"_links":{"self":[{"href":"https:\/\/events.ipv.pt\/cidei\/wp-json\/wp\/v2\/posts\/14383","targetHints":{"allow":["GET"]}}],"collection":[{"href":"https:\/\/events.ipv.pt\/cidei\/wp-json\/wp\/v2\/posts"}],"about":[{"href":"https:\/\/events.ipv.pt\/cidei\/wp-json\/wp\/v2\/types\/post"}],"author":[{"embeddable":true,"href":"https:\/\/events.ipv.pt\/cidei\/wp-json\/wp\/v2\/users\/1"}],"replies":[{"embeddable":true,"href":"https:\/\/events.ipv.pt\/cidei\/wp-json\/wp\/v2\/comments?post=14383"}],"version-history":[{"count":4,"href":"https:\/\/events.ipv.pt\/cidei\/wp-json\/wp\/v2\/posts\/14383\/revisions"}],"predecessor-version":[{"id":21412,"href":"https:\/\/events.ipv.pt\/cidei\/wp-json\/wp\/v2\/posts\/14383\/revisions\/21412"}],"wp:featuredmedia":[{"embeddable":true,"href":"https:\/\/events.ipv.pt\/cidei\/wp-json\/wp\/v2\/media\/12155"}],"wp:attachment":[{"href":"https:\/\/events.ipv.pt\/cidei\/wp-json\/wp\/v2\/media?parent=14383"}],"wp:term":[{"taxonomy":"category","embeddable":true,"href":"https:\/\/events.ipv.pt\/cidei\/wp-json\/wp\/v2\/categories?post=14383"},{"taxonomy":"post_tag","embeddable":true,"href":"https:\/\/events.ipv.pt\/cidei\/wp-json\/wp\/v2\/tags?post=14383"}],"curies":[{"name":"wp","href":"https:\/\/api.w.org\/{rel}","templated":true}]}}