{"id":11711,"date":"2024-01-02T17:30:03","date_gmt":"2024-01-02T17:30:03","guid":{"rendered":"http:\/\/localhost\/cidei\/?p=11711"},"modified":"2025-08-14T09:12:51","modified_gmt":"2025-08-14T09:12:51","slug":"a-exigencia-cognitiva-do-curriculo-dos-primeiros-anos-de-escolaridade-em-portugal-uma-analise-comparativa","status":"publish","type":"post","link":"https:\/\/events.ipv.pt\/cidei\/a-exigencia-cognitiva-do-curriculo-dos-primeiros-anos-de-escolaridade-em-portugal-uma-analise-comparativa\/","title":{"rendered":"A exig\u00eancia cognitiva do curr\u00edculo dos primeiros anos de escolaridade em Portugal: uma an\u00e1lise comparativa"},"content":{"rendered":"<p>Leite, T., Valente, B. (2024).<br \/>\nA exig\u00eancia cognitiva do curr\u00edculo dos primeiros anos de escolaridade em Portugal: uma an\u00e1lise comparativa.<br \/>\n<em>Revista Lus\u00f3fona de Educa\u00e7\u00e3o, 61<\/em>, 29-47.<br \/>\ndoi: 10.24140\/issn.1645-7250.rle61.02<\/p>\n","protected":false},"excerpt":{"rendered":"<p>Leite, T., Valente, B. (2024). A exig\u00eancia cognitiva do curr\u00edculo dos primeiros anos de escolaridade em Portugal: uma an\u00e1lise comparativa. Revista Lus\u00f3fona de Educa\u00e7\u00e3o, 61, 29-47. doi: 10.24140\/issn.1645-7250.rle61.02<\/p>\n","protected":false},"author":1,"featured_media":0,"comment_status":"closed","ping_status":"closed","sticky":false,"template":"","format":"standard","meta":{"site-sidebar-layout":"default","site-content-layout":"","ast-site-content-layout":"default","site-content-style":"default","site-sidebar-style":"default","ast-global-header-display":"","ast-banner-title-visibility":"","ast-main-header-display":"","ast-hfb-above-header-display":"","ast-hfb-below-header-display":"","ast-hfb-mobile-header-display":"","site-post-title":"","ast-breadcrumbs-content":"","ast-featured-img":"","footer-sml-layout":"","ast-disable-related-posts":"","theme-transparent-header-meta":"default","adv-header-id-meta":"","stick-header-meta":"","header-above-stick-meta":"","header-main-stick-meta":"","header-below-stick-meta":"","astra-migrate-meta-layouts":"set","ast-page-background-enabled":"default","ast-page-background-meta":{"desktop":{"background-color":"","background-image":"","background-repeat":"repeat","background-position":"center center","background-size":"auto","background-attachment":"scroll","background-type":"","background-media":"","overlay-type":"","overlay-color":"","overlay-opacity":"","overlay-gradient":""},"tablet":{"background-color":"","background-image":"","background-repeat":"repeat","background-position":"center center","background-size":"auto","background-attachment":"scroll","background-type":"","background-media":"","overlay-type":"","overlay-color":"","overlay-opacity":"","overlay-gradient":""},"mobile":{"background-color":"","background-image":"","background-repeat":"repeat","background-position":"center center","background-size":"auto","background-attachment":"scroll","background-type":"","background-media":"","overlay-type":"","overlay-color":"","overlay-opacity":"","overlay-gradient":""}},"ast-content-background-meta":{"desktop":{"background-color":"var(--ast-global-color-5)","background-image":"","background-repeat":"repeat","background-position":"center center","background-size":"auto","background-attachment":"scroll","background-type":"","background-media":"","overlay-type":"","overlay-color":"","overlay-opacity":"","overlay-gradient":""},"tablet":{"background-color":"var(--ast-global-color-5)","background-image":"","background-repeat":"repeat","background-position":"center center","background-size":"auto","background-attachment":"scroll","background-type":"","background-media":"","overlay-type":"","overlay-color":"","overlay-opacity":"","overlay-gradient":""},"mobile":{"background-color":"var(--ast-global-color-5)","background-image":"","background-repeat":"repeat","background-position":"center center","background-size":"auto","background-attachment":"scroll","background-type":"","background-media":"","overlay-type":"","overlay-color":"","overlay-opacity":"","overlay-gradient":""}},"footnotes":"","_links_to":"","_links_to_target":""},"categories":[140,60,152,25],"tags":[294],"class_list":["post-11711","post","type-post","status-publish","format-standard","hentry","category-140","category-artigos-em-revistas-indexadas-scopus-e-ou-wos","category-lisboa","category-politicas-educativas-didaticas-e-formacao","tag-bianor-valente"],"_links":{"self":[{"href":"https:\/\/events.ipv.pt\/cidei\/wp-json\/wp\/v2\/posts\/11711","targetHints":{"allow":["GET"]}}],"collection":[{"href":"https:\/\/events.ipv.pt\/cidei\/wp-json\/wp\/v2\/posts"}],"about":[{"href":"https:\/\/events.ipv.pt\/cidei\/wp-json\/wp\/v2\/types\/post"}],"author":[{"embeddable":true,"href":"https:\/\/events.ipv.pt\/cidei\/wp-json\/wp\/v2\/users\/1"}],"replies":[{"embeddable":true,"href":"https:\/\/events.ipv.pt\/cidei\/wp-json\/wp\/v2\/comments?post=11711"}],"version-history":[{"count":2,"href":"https:\/\/events.ipv.pt\/cidei\/wp-json\/wp\/v2\/posts\/11711\/revisions"}],"predecessor-version":[{"id":17282,"href":"https:\/\/events.ipv.pt\/cidei\/wp-json\/wp\/v2\/posts\/11711\/revisions\/17282"}],"wp:attachment":[{"href":"https:\/\/events.ipv.pt\/cidei\/wp-json\/wp\/v2\/media?parent=11711"}],"wp:term":[{"taxonomy":"category","embeddable":true,"href":"https:\/\/events.ipv.pt\/cidei\/wp-json\/wp\/v2\/categories?post=11711"},{"taxonomy":"post_tag","embeddable":true,"href":"https:\/\/events.ipv.pt\/cidei\/wp-json\/wp\/v2\/tags?post=11711"}],"curies":[{"name":"wp","href":"https:\/\/api.w.org\/{rel}","templated":true}]}}