{"id":11556,"date":"2024-10-20T14:11:33","date_gmt":"2024-10-20T14:11:33","guid":{"rendered":"http:\/\/localhost\/cidei\/?p=11556"},"modified":"2025-09-10T11:25:35","modified_gmt":"2025-09-10T11:25:35","slug":"04-12-2024-ciclo-de-formacao-porque-e-a-abordagem-de-genero-importante-para-a-investigacao-em-educacao","status":"publish","type":"post","link":"https:\/\/events.ipv.pt\/cidei\/04-12-2024-ciclo-de-formacao-porque-e-a-abordagem-de-genero-importante-para-a-investigacao-em-educacao\/","title":{"rendered":"Ciclo de Forma\u00e7\u00e3o: Porque \u00e9 a abordagem de g\u00e9nero importante para a Investiga\u00e7\u00e3o em Educa\u00e7\u00e3o? [04.12.2024]"},"content":{"rendered":"<p><img loading=\"lazy\" decoding=\"async\" src=\"\/cidei\/wp-content\/uploads\/2024\/10\/1cFormacao-scaled.webp\" alt=\"\" width=\"2560\" height=\"1810\" class=\"aligncenter size-full wp-image-11564\" srcset=\"https:\/\/events.ipv.pt\/cidei\/wp-content\/uploads\/2024\/10\/1cFormacao-scaled.webp 2560w, https:\/\/events.ipv.pt\/cidei\/wp-content\/uploads\/2024\/10\/1cFormacao-300x212.webp 300w, https:\/\/events.ipv.pt\/cidei\/wp-content\/uploads\/2024\/10\/1cFormacao-1024x724.webp 1024w, https:\/\/events.ipv.pt\/cidei\/wp-content\/uploads\/2024\/10\/1cFormacao-768x543.webp 768w, https:\/\/events.ipv.pt\/cidei\/wp-content\/uploads\/2024\/10\/1cFormacao-1536x1086.webp 1536w, https:\/\/events.ipv.pt\/cidei\/wp-content\/uploads\/2024\/10\/1cFormacao-2048x1448.webp 2048w, https:\/\/events.ipv.pt\/cidei\/wp-content\/uploads\/2024\/10\/1cFormacao-18x12.webp 18w\" sizes=\"auto, (max-width: 2560px) 100vw, 2560px\" \/><\/p>\n<h3>Sess\u00e3o 1: Projetos de Investiga\u00e7\u00e3o em G\u00e9nero e Educa\u00e7\u00e3o<\/h3>\n<h4>Data: 4 de dezembro de 2024<br \/>\nHor\u00e1rio: 17h00 &#8211; 19h00<br \/>\nFormato: Online<\/h4>\n<h5>Organizadoras: Maria Jo\u00e3o Silva e Paula Xavier<\/h5>\n<p>Inscri\u00e7\u00e3o obrigat\u00f3ria gratuita at\u00e9 2 de dezembro de 2024, <a href=\"https:\/\/forms.office.com\/e\/CrECXvpG6e\" target=\"_blank\">aqui<\/a>.<br \/>\nO link de acesso \u00e0 sess\u00e3o ser\u00e1 enviado aos participantes no dia 3 de dezembro de 2024.<\/p>\n<p>Contamos com a sua presen\u00e7a!<\/p>\n","protected":false},"excerpt":{"rendered":"<p>Sess\u00e3o 1: Projetos de Investiga\u00e7\u00e3o em G\u00e9nero e Educa\u00e7\u00e3o Data: 4 de dezembro de 2024 Hor\u00e1rio: 17h00 &#8211; 19h00 Formato: Online Organizadoras: Maria Jo\u00e3o Silva e Paula Xavier Inscri\u00e7\u00e3o obrigat\u00f3ria gratuita at\u00e9 2 de dezembro de 2024, aqui. O link de acesso \u00e0 sess\u00e3o ser\u00e1 enviado aos participantes no dia 3 de dezembro de 2024. [&hellip;]<\/p>\n","protected":false},"author":1,"featured_media":11557,"comment_status":"closed","ping_status":"closed","sticky":false,"template":"","format":"standard","meta":{"site-sidebar-layout":"default","site-content-layout":"","ast-site-content-layout":"narrow-width-container","site-content-style":"boxed","site-sidebar-style":"default","ast-global-header-display":"","ast-banner-title-visibility":"","ast-main-header-display":"","ast-hfb-above-header-display":"","ast-hfb-below-header-display":"","ast-hfb-mobile-header-display":"","site-post-title":"","ast-breadcrumbs-content":"","ast-featured-img":"","footer-sml-layout":"","ast-disable-related-posts":"","theme-transparent-header-meta":"default","adv-header-id-meta":"","stick-header-meta":"","header-above-stick-meta":"","header-main-stick-meta":"","header-below-stick-meta":"","astra-migrate-meta-layouts":"set","ast-page-background-enabled":"default","ast-page-background-meta":{"desktop":{"background-color":"","background-image":"","background-repeat":"repeat","background-position":"center center","background-size":"auto","background-attachment":"scroll","background-type":"","background-media":"","overlay-type":"","overlay-color":"","overlay-opacity":"","overlay-gradient":""},"tablet":{"background-color":"","background-image":"","background-repeat":"repeat","background-position":"center center","background-size":"auto","background-attachment":"scroll","background-type":"","background-media":"","overlay-type":"","overlay-color":"","overlay-opacity":"","overlay-gradient":""},"mobile":{"background-color":"","background-image":"","background-repeat":"repeat","background-position":"center center","background-size":"auto","background-attachment":"scroll","background-type":"","background-media":"","overlay-type":"","overlay-color":"","overlay-opacity":"","overlay-gradient":""}},"ast-content-background-meta":{"desktop":{"background-color":"var(--ast-global-color-5)","background-image":"","background-repeat":"repeat","background-position":"center center","background-size":"auto","background-attachment":"scroll","background-type":"","background-media":"","overlay-type":"","overlay-color":"","overlay-opacity":"","overlay-gradient":""},"tablet":{"background-color":"var(--ast-global-color-5)","background-image":"","background-repeat":"repeat","background-position":"center center","background-size":"auto","background-attachment":"scroll","background-type":"","background-media":"","overlay-type":"","overlay-color":"","overlay-opacity":"","overlay-gradient":""},"mobile":{"background-color":"var(--ast-global-color-5)","background-image":"","background-repeat":"repeat","background-position":"center center","background-size":"auto","background-attachment":"scroll","background-type":"","background-media":"","overlay-type":"","overlay-color":"","overlay-opacity":"","overlay-gradient":""}},"footnotes":"","_links_to":"","_links_to_target":""},"categories":[730,732,3],"tags":[],"class_list":["post-11556","post","type-post","status-publish","format-standard","has-post-thumbnail","hentry","category-cidei-evento","category-ciclo-formacao","category-eventos-eventos"],"_links":{"self":[{"href":"https:\/\/events.ipv.pt\/cidei\/wp-json\/wp\/v2\/posts\/11556","targetHints":{"allow":["GET"]}}],"collection":[{"href":"https:\/\/events.ipv.pt\/cidei\/wp-json\/wp\/v2\/posts"}],"about":[{"href":"https:\/\/events.ipv.pt\/cidei\/wp-json\/wp\/v2\/types\/post"}],"author":[{"embeddable":true,"href":"https:\/\/events.ipv.pt\/cidei\/wp-json\/wp\/v2\/users\/1"}],"replies":[{"embeddable":true,"href":"https:\/\/events.ipv.pt\/cidei\/wp-json\/wp\/v2\/comments?post=11556"}],"version-history":[{"count":5,"href":"https:\/\/events.ipv.pt\/cidei\/wp-json\/wp\/v2\/posts\/11556\/revisions"}],"predecessor-version":[{"id":18937,"href":"https:\/\/events.ipv.pt\/cidei\/wp-json\/wp\/v2\/posts\/11556\/revisions\/18937"}],"wp:featuredmedia":[{"embeddable":true,"href":"https:\/\/events.ipv.pt\/cidei\/wp-json\/wp\/v2\/media\/11557"}],"wp:attachment":[{"href":"https:\/\/events.ipv.pt\/cidei\/wp-json\/wp\/v2\/media?parent=11556"}],"wp:term":[{"taxonomy":"category","embeddable":true,"href":"https:\/\/events.ipv.pt\/cidei\/wp-json\/wp\/v2\/categories?post=11556"},{"taxonomy":"post_tag","embeddable":true,"href":"https:\/\/events.ipv.pt\/cidei\/wp-json\/wp\/v2\/tags?post=11556"}],"curies":[{"name":"wp","href":"https:\/\/api.w.org\/{rel}","templated":true}]}}