{"id":10443,"date":"2024-03-15T13:57:22","date_gmt":"2024-03-15T13:57:22","guid":{"rendered":"http:\/\/localhost\/cidei\/?p=10443"},"modified":"2026-02-04T14:15:52","modified_gmt":"2026-02-04T14:15:52","slug":"marta-fonseca","status":"publish","type":"post","link":"https:\/\/events.ipv.pt\/cidei\/marta-fonseca\/","title":{"rendered":"Marta Fonseca"},"content":{"rendered":"<div class=\"panel70 bannerEquipa bgBranco espCont\">\n<div class=\"rw\">\n<div>\n<h2>Marta Fonseca<\/h2>\n<h4>Marta Sofia Abreu da Fonseca<\/h4>\n<h6>INSTITUTO POLIT\u00c9CNICO DE LEIRIA<\/h6>\n<\/div>\n<div class=\"bRow\">\n<a href=\"https:\/\/orcid.org\/0000-0001-9400-2573\" target=\"_blank\">ORCID \u2022 0000-0001-9400-2573<\/a><br \/>\n<a href=\"https:\/\/cienciavitae.pt\/C51F-FC8E-986C\" target=\"_blank\">CI\u00caNCIAVITAE \u2022 C51F-FC8E-986C<\/a>\n<\/div>\n<\/div>\n<\/div>\n<div class=\"panel bgCinzaEscuro auto-height\">\n<div class=\"dtq bgCinzaEscuro esp20\">\n<div class=\"dtqContainer esp100 fBranco espCont\">\n<div class=\"rwE\">\n<div>\n<p class=\"esp0-20\">internacionais<\/p>\n<div class=\"bRowRed bRowRedBranco\">\n<button class=\"tablinks\" data-group=\"grupo101\" data-target=\"LI\">livros<\/button><br \/>\n<button class=\"tablinks\" data-group=\"grupo101\" data-target=\"CLI\">cap\u00edtulos de livro<\/button>\n<\/div>\n<\/div>\n<div>\n<p class=\"esp0-20 espMob\">nacionais<\/p>\n<div class=\"bRowRed bRowRedBranco\">\n<button class=\"tablinks\" data-group=\"grupo101\" data-target=\"LN\">livros<\/button><br \/>\n<button class=\"tablinks\" data-group=\"grupo101\" data-target=\"CLN\">cap\u00edtulos de livro<\/button>\n<\/div>\n<\/div>\n<div>\n<p class=\"esp0-20 espMob fBranco\">artigos<\/p>\n<div class=\"bRowRed bRowRedBranco\">\n<button class=\"tablinks\" data-group=\"grupo101\" data-target=\"ARI\">SCOPUS e\/ou WoS<\/button><br \/>\n<button class=\"tablinks\" data-group=\"grupo101\" data-target=\"AR\">outras bases de indexa\u00e7\u00e3o<\/button>\n<\/div>\n<\/div>\n<\/div>\n<div style=\"margin-top: 30px;\">\n<button class=\"toggleGroup bHCz\" data-group=\"grupo101\">abrir todos<\/button>\n<\/div>\n<\/div>\n<div class=\"pad-R-100\">\n<div class=\"fCinza\">\n<div id=\"LI\" class=\"contentEquipa bgBranco esp50\" data-group=\"grupo101\">\n[internacionais] livros<br \/>\n<div class=\"pt-cv-wrapper\"><div class=\"pt-cv-view pt-cv-grid pt-cv-colsys\" id=\"pt-cv-view-a947a18mon\"><div data-id=\"pt-cv-page-1\" class=\"pt-cv-page cv-npf\" data-cvc=\"1\"><div class=\"col-md-12 col-sm-12 col-xs-12 pt-cv-content-item pt-cv-1-col\" ><div class='pt-cv-ifield'><div class=\"pt-cv-no-post\">N\u00e3o foram encontrados artigos.<\/div><\/div><\/div><\/div><\/div><\/div>\n<\/div>\n<div id=\"CLI\" class=\"contentEquipa bgBranco esp50\" data-group=\"grupo101\">\n[internacionais] cap\u00edtulos de livro<br \/>\n<div class=\"pt-cv-wrapper\"><div class=\"pt-cv-view pt-cv-grid pt-cv-colsys\" id=\"pt-cv-view-57af6529nm\"><div data-id=\"pt-cv-page-1\" class=\"pt-cv-page\" data-cvc=\"1\"><div class=\"col-md-12 col-sm-12 col-xs-12 pt-cv-content-item pt-cv-1-col\" ><div class='pt-cv-ifield'><div class=\"pt-cv-content\"><p>Silva, A., Pereira, I., Fonseca, M. (2022).<br \/>\nThe presence of digital technologies in childrens daily lives.<br \/>\nIn <em>Transformacion Digital e Innovacion Tecnologica en la Educaci\u00f3n<\/em> (Cap. 17).<br \/>\nMadrid, Espanha: Editorial Aranzadi.<\/p>\n<\/div>\n<div class=\"pt-cv-meta-fields\"><span class=\"terms\"> <a href='https:\/\/events.ipv.pt\/cidei\/category\/2022\/' title='2022' class='pt-cv-tax-2022'>2022<\/a>, <a href='https:\/\/events.ipv.pt\/cidei\/category\/producao-cientifica\/caplivrointernacional\/' title='Cap\u00edtulos de Livro de Edi\u00e7\u00e3o Internacional' class='pt-cv-tax-caplivrointernacional'>Cap\u00edtulos de Livro de Edi\u00e7\u00e3o Internacional<\/a>, <a href='https:\/\/events.ipv.pt\/cidei\/category\/nucleo\/leiria\/' title='Leiria' class='pt-cv-tax-leiria'>Leiria<\/a>, <a href='https:\/\/events.ipv.pt\/cidei\/tag\/marta-fonseca\/' title='Marta Fonseca' class='pt-cv-tax-marta-fonseca'>Marta Fonseca<\/a><\/span><\/div><\/div><\/div>\n<div class=\"col-md-12 col-sm-12 col-xs-12 pt-cv-content-item pt-cv-1-col\" ><div class='pt-cv-ifield'><div class=\"pt-cv-content\"><p>Silva, A., Pereira, I., Fonseca, M. (2021).<br \/>\nA presen\u00e7a das tecnologias digitais no quotidiano das crian\u00e7as.<br \/>\nIn J. Aliseda, R. Castanho, J. Carvalho, A. Abreu (Coord.), <em>Transformacion Digital e Innovacion Tecnologica en la Educaci\u00f3n<\/em>.<br \/>\nEditorial Aranzadi. ISBN: 978-84-1391-564-7<\/p>\n<\/div>\n<div class=\"pt-cv-meta-fields\"><span class=\"terms\"> <a href='https:\/\/events.ipv.pt\/cidei\/category\/2021\/' title='2021' class='pt-cv-tax-2021'>2021<\/a>, <a href='https:\/\/events.ipv.pt\/cidei\/category\/producao-cientifica\/caplivrointernacional\/' title='Cap\u00edtulos de Livro de Edi\u00e7\u00e3o Internacional' class='pt-cv-tax-caplivrointernacional'>Cap\u00edtulos de Livro de Edi\u00e7\u00e3o Internacional<\/a>, <a href='https:\/\/events.ipv.pt\/cidei\/category\/nucleo\/leiria\/' title='Leiria' class='pt-cv-tax-leiria'>Leiria<\/a>, <a href='https:\/\/events.ipv.pt\/cidei\/tag\/marta-fonseca\/' title='Marta Fonseca' class='pt-cv-tax-marta-fonseca'>Marta Fonseca<\/a>, <a href='https:\/\/events.ipv.pt\/cidei\/category\/linha-investigacao\/tic-e-multimedia-na-educacao\/' title='TIC e Multim\u00e9dia na Educa\u00e7\u00e3o' class='pt-cv-tax-tic-e-multimedia-na-educacao'>TIC e Multim\u00e9dia na Educa\u00e7\u00e3o<\/a><\/span><\/div><\/div><\/div><\/div><\/div><\/div>\n<\/div>\n<div id=\"LN\" class=\"contentEquipa bgBranco esp50\" data-group=\"grupo101\">\n[nacionais] livros<br \/>\n<div class=\"pt-cv-wrapper\"><div class=\"pt-cv-view pt-cv-grid pt-cv-colsys\" id=\"pt-cv-view-c444fed4cz\"><div data-id=\"pt-cv-page-1\" class=\"pt-cv-page cv-npf\" data-cvc=\"1\"><div class=\"col-md-12 col-sm-12 col-xs-12 pt-cv-content-item pt-cv-1-col\" ><div class='pt-cv-ifield'><div class=\"pt-cv-no-post\">N\u00e3o foram encontrados artigos.<\/div><\/div><\/div><\/div><\/div><\/div>\n<\/div>\n<div id=\"CLN\" class=\"contentEquipa bgBranco esp50\" data-group=\"grupo101\">\n[nacionais] cap\u00edtulos de livro<br \/>\n<div class=\"pt-cv-wrapper\"><div class=\"pt-cv-view pt-cv-grid pt-cv-colsys\" id=\"pt-cv-view-9eff6b71ph\"><div data-id=\"pt-cv-page-1\" class=\"pt-cv-page\" data-cvc=\"1\"><div class=\"col-md-12 col-sm-12 col-xs-12 pt-cv-content-item pt-cv-1-col\" ><div class='pt-cv-ifield'><div class=\"pt-cv-content\"><p>Ferreira, P. C., Fonseca, M. (2023).<br \/>\nA escrita que (in)flui: um caderno para o 3.\u00ba ano do ensino b\u00e1sico.<br \/>\nIn J. Sousa, M. J. Santos, L. G. Magueta, M. S. P. Lopes, L. Brites (Coords), <em>Emo\u00e7\u00f5es, Artes e Interven\u00e7\u00e3o: crian\u00e7as e jovens em risco<\/em> (pp.83-100).<br \/>\nCoimbra, Portugal: Edi\u00e7\u00f5es Almedina, S.A.<br \/>\nRetrieved from <a href=\"https:\/\/iconline.ipleiria.pt\/bitstream\/10400.8\/8457\/1\/Livro_Emo%c3%a7%c3%b5es%2c%20Artes%20e%20Interven%c3%a7%c3%a3o%20-%20Crian%c3%a7as%20e%20Jovens%20em%20risco_DL.pdf\" rel=\"noopener\" target=\"_blank\">here<\/a><\/p>\n<\/div>\n<div class=\"pt-cv-meta-fields\"><span class=\"terms\"> <a href='https:\/\/events.ipv.pt\/cidei\/category\/2023\/' title='2023' class='pt-cv-tax-2023'>2023<\/a>, <a href='https:\/\/events.ipv.pt\/cidei\/category\/producao-cientifica\/capitulos-de-livro-de-edicao-nacional\/' title='Cap\u00edtulos de Livro de Edi\u00e7\u00e3o Nacional' class='pt-cv-tax-capitulos-de-livro-de-edicao-nacional'>Cap\u00edtulos de Livro de Edi\u00e7\u00e3o Nacional<\/a>, <a href='https:\/\/events.ipv.pt\/cidei\/category\/linha-investigacao\/educacao-cidadania-e-inclusao\/' title='Educa\u00e7\u00e3o Cidadania e Inclus\u00e3o' class='pt-cv-tax-educacao-cidadania-e-inclusao'>Educa\u00e7\u00e3o Cidadania e Inclus\u00e3o<\/a>, <a href='https:\/\/events.ipv.pt\/cidei\/category\/nucleo\/leiria\/' title='Leiria' class='pt-cv-tax-leiria'>Leiria<\/a>, <a href='https:\/\/events.ipv.pt\/cidei\/tag\/marta-fonseca\/' title='Marta Fonseca' class='pt-cv-tax-marta-fonseca'>Marta Fonseca<\/a>, <a href='https:\/\/events.ipv.pt\/cidei\/tag\/paula-cristina-ferreira\/' title='Paula Cristina Ferreira' class='pt-cv-tax-paula-cristina-ferreira'>Paula Cristina Ferreira<\/a><\/span><\/div><\/div><\/div>\n<div class=\"col-md-12 col-sm-12 col-xs-12 pt-cv-content-item pt-cv-1-col\" ><div class='pt-cv-ifield'><div class=\"pt-cv-content\"><p>Louren\u00e7o, M., Fonseca, M. (2023).<br \/>\nAnsiedade e autoconceito em crian\u00e7as e adolescentes com e sem dislexia.<br \/>\nIn P. Ferreira, C. Mangas, C. Pinto, M. Fonseca, D. Tavares (Coords.), <em>M\u00faltiplos Olhares sobre a DIS.lexia<\/em> (pp. 61-79).<br \/>\nLisboa, Portugal: Papa-Letras. ISBN: 978-989-8214-83-6<\/p>\n<\/div>\n<div class=\"pt-cv-meta-fields\"><span class=\"terms\"> <a href='https:\/\/events.ipv.pt\/cidei\/category\/2023\/' title='2023' class='pt-cv-tax-2023'>2023<\/a>, <a href='https:\/\/events.ipv.pt\/cidei\/category\/producao-cientifica\/capitulos-de-livro-de-edicao-nacional\/' title='Cap\u00edtulos de Livro de Edi\u00e7\u00e3o Nacional' class='pt-cv-tax-capitulos-de-livro-de-edicao-nacional'>Cap\u00edtulos de Livro de Edi\u00e7\u00e3o Nacional<\/a>, <a href='https:\/\/events.ipv.pt\/cidei\/category\/nucleo\/leiria\/' title='Leiria' class='pt-cv-tax-leiria'>Leiria<\/a>, <a href='https:\/\/events.ipv.pt\/cidei\/tag\/marta-fonseca\/' title='Marta Fonseca' class='pt-cv-tax-marta-fonseca'>Marta Fonseca<\/a><\/span><\/div><\/div><\/div>\n<div class=\"col-md-12 col-sm-12 col-xs-12 pt-cv-content-item pt-cv-1-col\" ><div class='pt-cv-ifield'><div class=\"pt-cv-content\"><p>Dias, I. S., Abreu, M. O., Fonseca, M. (2020).<br \/>\nFisica(Mente): from research to educational intervention.<br \/>\nIn I. S. Dias, P. Sequeira, M. Barroso (Eds.), <em>Sports, Education and Quality of Life<\/em> (pp. 159-174).<br \/>\nCoimbra: Centro de Investiga\u00e7\u00e3o em Qualidade de Vida \u2013 CIEQV (Instituto Polit\u00e9cnico de Santar\u00e9m e Instituto Polit\u00e9cnico de Leiria).<br \/>\nISBN: 978-972-8793-95-1<\/p>\n<\/div>\n<div class=\"pt-cv-meta-fields\"><span class=\"terms\"> <a href='https:\/\/events.ipv.pt\/cidei\/category\/2020\/' title='2020' class='pt-cv-tax-2020'>2020<\/a>, <a href='https:\/\/events.ipv.pt\/cidei\/category\/producao-cientifica\/capitulos-de-livro-de-edicao-nacional\/' title='Cap\u00edtulos de Livro de Edi\u00e7\u00e3o Nacional' class='pt-cv-tax-capitulos-de-livro-de-edicao-nacional'>Cap\u00edtulos de Livro de Edi\u00e7\u00e3o Nacional<\/a>, <a href='https:\/\/events.ipv.pt\/cidei\/category\/linha-investigacao\/educacao-para-a-saude-e-qualidade-de-vida\/' title='Educa\u00e7\u00e3o para a Sa\u00fade e Qualidade de Vida' class='pt-cv-tax-educacao-para-a-saude-e-qualidade-de-vida'>Educa\u00e7\u00e3o para a Sa\u00fade e Qualidade de Vida<\/a>, <a href='https:\/\/events.ipv.pt\/cidei\/category\/nucleo\/leiria\/' title='Leiria' class='pt-cv-tax-leiria'>Leiria<\/a>, <a href='https:\/\/events.ipv.pt\/cidei\/tag\/marta-fonseca\/' title='Marta Fonseca' class='pt-cv-tax-marta-fonseca'>Marta Fonseca<\/a><\/span><\/div><\/div><\/div>\n<div class=\"col-md-12 col-sm-12 col-xs-12 pt-cv-content-item pt-cv-1-col\" ><div class='pt-cv-ifield'><div class=\"pt-cv-content\"><p>Dias, I. S., Abreu, M. O., Fonseca, M. (2018).<br \/>\nFisica(Mente): Da investiga\u00e7\u00e3o \u00e0 interven\u00e7\u00e3o educativa.<br \/>\nIn I. S. Dias, P. Sequeira, M. Barroso (Eds.), <em>Desporto, Educa\u00e7\u00e3o e Qualidade de Vida<\/em> (pp. 146-159).<br \/>\nCoimbra: Centro de Investiga\u00e7\u00e3o em Qualidade de Vida \u2013 CIEQV (Instituto Polit\u00e9cnico de Santar\u00e9m e Instituto Polit\u00e9cnico de Leiria).<br \/>\nISBN: 978-972-8793-94-4<\/p>\n<\/div>\n<div class=\"pt-cv-meta-fields\"><span class=\"terms\"> <a href='https:\/\/events.ipv.pt\/cidei\/category\/2018\/' title='2018' class='pt-cv-tax-2018'>2018<\/a>, <a href='https:\/\/events.ipv.pt\/cidei\/category\/producao-cientifica\/capitulos-de-livro-de-edicao-nacional\/' title='Cap\u00edtulos de Livro de Edi\u00e7\u00e3o Nacional' class='pt-cv-tax-capitulos-de-livro-de-edicao-nacional'>Cap\u00edtulos de Livro de Edi\u00e7\u00e3o Nacional<\/a>, <a href='https:\/\/events.ipv.pt\/cidei\/category\/linha-investigacao\/educacao-para-a-saude-e-qualidade-de-vida\/' title='Educa\u00e7\u00e3o para a Sa\u00fade e Qualidade de Vida' class='pt-cv-tax-educacao-para-a-saude-e-qualidade-de-vida'>Educa\u00e7\u00e3o para a Sa\u00fade e Qualidade de Vida<\/a>, <a href='https:\/\/events.ipv.pt\/cidei\/category\/nucleo\/leiria\/' title='Leiria' class='pt-cv-tax-leiria'>Leiria<\/a>, <a href='https:\/\/events.ipv.pt\/cidei\/tag\/marta-fonseca\/' title='Marta Fonseca' class='pt-cv-tax-marta-fonseca'>Marta Fonseca<\/a><\/span><\/div><\/div><\/div><\/div><\/div><\/div>\n<\/div>\n<div id=\"ARI\" class=\"contentEquipa bgBranco esp50\" data-group=\"grupo101\">\n[artigos] SCOPUS e\/ou WoS<br \/>\n<div class=\"pt-cv-wrapper\"><div class=\"pt-cv-view pt-cv-grid pt-cv-colsys\" id=\"pt-cv-view-0e9441fthm\"><div data-id=\"pt-cv-page-1\" class=\"pt-cv-page cv-npf\" data-cvc=\"1\"><div class=\"col-md-12 col-sm-12 col-xs-12 pt-cv-content-item pt-cv-1-col\" ><div class='pt-cv-ifield'><div class=\"pt-cv-no-post\">N\u00e3o foram encontrados artigos.<\/div><\/div><\/div><\/div><\/div><\/div>\n<\/div>\n<div id=\"AR\" class=\"contentEquipa bgBranco esp50\" data-group=\"grupo101\">\n[artigos] outras bases de indexa\u00e7\u00e3o<br \/>\n<div class=\"pt-cv-wrapper\"><div class=\"pt-cv-view pt-cv-grid pt-cv-colsys\" id=\"pt-cv-view-c27b66f1hm\"><div data-id=\"pt-cv-page-1\" class=\"pt-cv-page\" data-cvc=\"1\"><div class=\"col-md-12 col-sm-12 col-xs-12 pt-cv-content-item pt-cv-1-col\" ><div class='pt-cv-ifield'><div class=\"pt-cv-content\"><p>Dias, I., Jacinto, M., Abreu, M. O., Fonseca, M. (2023).<br \/>\nPhysical exercise, mental health, quality of life in higher education \u2013 systematic review.<br \/>\nPsicologia, Sa\u00fade &#038; Doen\u00e7as, 24(03), 941-962.<br \/>\n<a href=\"http:\/\/dx.doi.org\/10.15309\/23psd240313\" target=\"_blank\">http:\/\/dx.doi.org\/10.15309\/23psd240313<\/a><\/p>\n<\/div>\n<div class=\"pt-cv-meta-fields\"><span class=\"terms\"> <a href='https:\/\/events.ipv.pt\/cidei\/category\/2023\/' title='2023' class='pt-cv-tax-2023'>2023<\/a>, <a href='https:\/\/events.ipv.pt\/cidei\/category\/producao-cientifica\/artigos-em-revistas\/' title='Artigos em Revistas' class='pt-cv-tax-artigos-em-revistas'>Artigos em Revistas<\/a>, <a href='https:\/\/events.ipv.pt\/cidei\/category\/nucleo\/leiria\/' title='Leiria' class='pt-cv-tax-leiria'>Leiria<\/a>, <a href='https:\/\/events.ipv.pt\/cidei\/tag\/marta-fonseca\/' title='Marta Fonseca' class='pt-cv-tax-marta-fonseca'>Marta Fonseca<\/a><\/span><\/div><\/div><\/div>\n<div class=\"col-md-12 col-sm-12 col-xs-12 pt-cv-content-item pt-cv-1-col\" ><div class='pt-cv-ifield'><div class=\"pt-cv-content\"><p>Dias, M. I. P. S., Abreu, M. O. J. A., Fonseca, M. S. A., Calado, M. \u00c2. S. M., Mendes, S. M. (2021).<br \/>\nQualidade de vida de estudantes do ensino superior (Leiria\/Portugal).<br \/>\n<em>RBPFEX &#8211; Revista Brasileira De Prescri\u00e7\u00e3o E Fisiologia Do Exerc\u00edcio, 14<\/em>(91), 416-422.<br \/>\nRetrieved from <a href=\"http:\/\/www.rbpfex.com.br\/index.php\/rbpfex\/article\/view\/2044\" rel=\"noopener\" target=\"_blank\">http:\/\/www.rbpfex.com.br\/index.php\/rbpfex\/article\/view\/2044<\/a><\/p>\n<\/div>\n<div class=\"pt-cv-meta-fields\"><span class=\"terms\"> <a href='https:\/\/events.ipv.pt\/cidei\/category\/2021\/' title='2021' class='pt-cv-tax-2021'>2021<\/a>, <a href='https:\/\/events.ipv.pt\/cidei\/category\/producao-cientifica\/artigos-em-revistas\/' title='Artigos em Revistas' class='pt-cv-tax-artigos-em-revistas'>Artigos em Revistas<\/a>, <a href='https:\/\/events.ipv.pt\/cidei\/category\/linha-investigacao\/educacao-para-a-saude-e-qualidade-de-vida\/' title='Educa\u00e7\u00e3o para a Sa\u00fade e Qualidade de Vida' class='pt-cv-tax-educacao-para-a-saude-e-qualidade-de-vida'>Educa\u00e7\u00e3o para a Sa\u00fade e Qualidade de Vida<\/a>, <a href='https:\/\/events.ipv.pt\/cidei\/category\/nucleo\/leiria\/' title='Leiria' class='pt-cv-tax-leiria'>Leiria<\/a>, <a href='https:\/\/events.ipv.pt\/cidei\/tag\/marta-fonseca\/' title='Marta Fonseca' class='pt-cv-tax-marta-fonseca'>Marta Fonseca<\/a><\/span><\/div><\/div><\/div><\/div><\/div><\/div>\n<\/div>\n<\/div>\n<\/div>\n<\/div>\n<\/div>\n<div class=\"panel auto-height bgBranco espCont\">\n<div class=\"ast-container esp100-0\">\n<h4>PROJETOS<\/h4>\n<h6>competitivos<\/h6>\n<div class=\"pt-cv-wrapper\"><div class=\"pt-cv-view pt-cv-blockgrid iscvblock iscvhybrid grid1 layout1\" id=\"pt-cv-view-ba1c7ab3x5\"><div data-id=\"pt-cv-page-1\" class=\"pt-cv-page\" data-cvc=\"4\"><div class=\" pt-cv-content-item pt-cv-1-col\" ><div class=\"pt-cv-thumb-wrapper  \"><a href=\"https:\/\/events.ipv.pt\/cidei\/proj-ipv-idi-026-inclues-diversidade-e-inclusao-no-ensino-superior-membros-do-cidei-sara-felizardo-ir-esperanca-ribeiro-emilia-martins-maria-joao-amante-francisco-mendes-rosina-fernande\/\" class=\"_self pt-cv-href-thumbnail pt-cv-thumb-default\" target=\"_self\" ><img loading=\"lazy\" decoding=\"async\" width=\"638\" height=\"638\" src=\"https:\/\/events.ipv.pt\/cidei\/wp-content\/uploads\/2025\/01\/brand7_pt-png.avif\" class=\"pt-cv-thumbnail\" alt=\"\" srcset=\"https:\/\/events.ipv.pt\/cidei\/wp-content\/uploads\/2025\/01\/brand7_pt-png.avif 638w, https:\/\/events.ipv.pt\/cidei\/wp-content\/uploads\/2025\/01\/brand7_pt-300x300.avif 300w, https:\/\/events.ipv.pt\/cidei\/wp-content\/uploads\/2025\/01\/brand7_pt-150x150.avif 150w, https:\/\/events.ipv.pt\/cidei\/wp-content\/uploads\/2025\/01\/brand7_pt-12x12.avif 12w\" sizes=\"auto, (max-width: 638px) 100vw, 638px\" \/><\/a><\/div>\n<p class=\"pt-cv-title\"><a href=\"https:\/\/events.ipv.pt\/cidei\/proj-ipv-idi-026-inclues-diversidade-e-inclusao-no-ensino-superior-membros-do-cidei-sara-felizardo-ir-esperanca-ribeiro-emilia-martins-maria-joao-amante-francisco-mendes-rosina-fernande\/\" class=\"_self\" target=\"_self\" >PROJ\/IPV\/ID&#038;I\/026 | INCLUES+: DIVERSIDADE E INCLUS\u00c3O NO ENSINO SUPERIOR<\/a><\/p>\n<div class=\"pt-cv-meta-fields\"><span class=\"terms\"> <a href='https:\/\/events.ipv.pt\/cidei\/tag\/2020-2023\/' title='2020-2023' class='pt-cv-tax-2020-2023'>2020-2023<\/a>, <a href='https:\/\/events.ipv.pt\/cidei\/tag\/ana-isabel-silva\/' title='Ana Isabel Silva' class='pt-cv-tax-ana-isabel-silva'>Ana Isabel Silva<\/a>, <a href='https:\/\/events.ipv.pt\/cidei\/tag\/ana-paula-cardoso\/' title='Ana Paula Cardoso' class='pt-cv-tax-ana-paula-cardoso'>Ana Paula Cardoso<\/a>, <a href='https:\/\/events.ipv.pt\/cidei\/tag\/belmiro-rego\/' title='Belmiro Rego' class='pt-cv-tax-belmiro-rego'>Belmiro Rego<\/a>, <a href='https:\/\/events.ipv.pt\/cidei\/category\/projeto\/competitivo\/' title='competitivo' class='pt-cv-tax-competitivo'>competitivo<\/a>, <a href='https:\/\/events.ipv.pt\/cidei\/category\/estado\/concluido\/' title='concluido' class='pt-cv-tax-concluido'>concluido<\/a>, <a href='https:\/\/events.ipv.pt\/cidei\/category\/linha-investigacao\/educacao-cidadania-e-inclusao\/' title='Educa\u00e7\u00e3o Cidadania e Inclus\u00e3o' class='pt-cv-tax-educacao-cidadania-e-inclusao'>Educa\u00e7\u00e3o Cidadania e Inclus\u00e3o<\/a>, <a href='https:\/\/events.ipv.pt\/cidei\/tag\/emilia-martins\/' title='Em\u00edlia Martins' class='pt-cv-tax-emilia-martins'>Em\u00edlia Martins<\/a>, <a href='https:\/\/events.ipv.pt\/cidei\/tag\/esperanca-ribeiro\/' title='Esperan\u00e7a Ribeiro' class='pt-cv-tax-esperanca-ribeiro'>Esperan\u00e7a Ribeiro<\/a>, <a href='https:\/\/events.ipv.pt\/cidei\/tag\/francisco-mendes\/' title='Francisco Mendes' class='pt-cv-tax-francisco-mendes'>Francisco Mendes<\/a>, <a href='https:\/\/events.ipv.pt\/cidei\/tag\/graca-seco\/' title='Gra\u00e7a Seco' class='pt-cv-tax-graca-seco'>Gra\u00e7a Seco<\/a>, <a href='https:\/\/events.ipv.pt\/cidei\/tag\/helia-pinto\/' title='H\u00e9lia Pinto' class='pt-cv-tax-helia-pinto'>H\u00e9lia Pinto<\/a>, <a href='https:\/\/events.ipv.pt\/cidei\/tag\/isabel-pereira\/' title='Isabel Pereira' class='pt-cv-tax-isabel-pereira'>Isabel Pereira<\/a>, <a href='https:\/\/events.ipv.pt\/cidei\/tag\/maria-joao-amante\/' title='Maria Jo\u00e3o Amante' class='pt-cv-tax-maria-joao-amante'>Maria Jo\u00e3o Amante<\/a>, <a href='https:\/\/events.ipv.pt\/cidei\/tag\/maria-joao-santos\/' title='Maria Jo\u00e3o Santos' class='pt-cv-tax-maria-joao-santos'>Maria Jo\u00e3o Santos<\/a>, <a href='https:\/\/events.ipv.pt\/cidei\/tag\/marta-fonseca\/' title='Marta Fonseca' class='pt-cv-tax-marta-fonseca'>Marta Fonseca<\/a>, <a href='https:\/\/events.ipv.pt\/cidei\/category\/projeto\/nacional\/' title='nacional' class='pt-cv-tax-nacional'>nacional<\/a>, <a href='https:\/\/events.ipv.pt\/cidei\/tag\/paula-xavier\/' title='Paula Xavier' class='pt-cv-tax-paula-xavier'>Paula Xavier<\/a>, <a href='https:\/\/events.ipv.pt\/cidei\/category\/projeto\/' title='projeto' class='pt-cv-tax-projeto'>projeto<\/a>, <a href='https:\/\/events.ipv.pt\/cidei\/tag\/rosina-fernandes\/' title='Rosina Fernandes' class='pt-cv-tax-rosina-fernandes'>Rosina Fernandes<\/a>, <a href='https:\/\/events.ipv.pt\/cidei\/tag\/sandra-antunes\/' title='Sandra Antunes' class='pt-cv-tax-sandra-antunes'>Sandra Antunes<\/a>, <a href='https:\/\/events.ipv.pt\/cidei\/tag\/sara-felizardo\/' title='Sara Felizardo' class='pt-cv-tax-sara-felizardo'>Sara Felizardo<\/a>, <a href='https:\/\/events.ipv.pt\/cidei\/tag\/susana-amante\/' title='Susana Amante' class='pt-cv-tax-susana-amante'>Susana Amante<\/a>, <a href='https:\/\/events.ipv.pt\/cidei\/category\/nucleo\/viseu\/' title='Viseu' class='pt-cv-tax-viseu'>Viseu<\/a><\/span><\/div><\/div><\/div><\/div><\/div>\t\t\t<style type=\"text\/css\" id=\"pt-cv-inline-style-a2bed66kcm\">\n#pt-cv-view-ba1c7ab3x5 .pt-cv-thumb-wrapper:not(.miniwrap) {  }#pt-cv-view-ba1c7ab3x5 .pt-cv-thumbnail:not(.pt-cv-thumbnailsm) { height: 18vh; }#pt-cv-view-ba1c7ab3x5 > .pt-cv-page {grid-template-columns: repeat(4, 1fr);grid-gap: 15px;}\n@media all and (max-width: 1024px) { \n#pt-cv-view-ba1c7ab3x5 > .pt-cv-page {grid-template-columns: repeat(1, 1fr);}\n} \n@media all and (max-width: 767px) { \n#pt-cv-view-ba1c7ab3x5 > .pt-cv-page {grid-template-columns: repeat(1, 1fr);}\n} <\/style>\r\n\t\t\t\n<h6  class=\"esp20-0\">internos<\/h6>\n<div class=\"pt-cv-wrapper\"><div class=\"pt-cv-view pt-cv-blockgrid iscvblock iscvhybrid grid1 layout1\" id=\"pt-cv-view-a49b0b75sl\"><div data-id=\"pt-cv-page-1\" class=\"pt-cv-page\" data-cvc=\"4\"><div class=\" pt-cv-content-item pt-cv-1-col\" ><p class=\"pt-cv-title\"><a href=\"https:\/\/events.ipv.pt\/cidei\/proj-idi-cidei-012-rabisco-me-a-escrita-que-influimembros-do-cidei-paula-cristina-ferreira-ir-marta-fonseca\/\" class=\"_self\" target=\"_self\" >PROJ\/I&#038;DI\/CI&#038;DEI\/012 | RABISCO-ME \u2013 A ESCRITA QUE (IN)FLUI<\/a><\/p>\n<div class=\"pt-cv-meta-fields\"><span class=\"terms\"> <a href='https:\/\/events.ipv.pt\/cidei\/tag\/2023-2025\/' title='2023-2025' class='pt-cv-tax-2023-2025'>2023-2025<\/a>, <a href='https:\/\/events.ipv.pt\/cidei\/category\/estado\/concluido\/' title='concluido' class='pt-cv-tax-concluido'>concluido<\/a>, <a href='https:\/\/events.ipv.pt\/cidei\/category\/nucleo\/leiria\/' title='Leiria' class='pt-cv-tax-leiria'>Leiria<\/a>, <a href='https:\/\/events.ipv.pt\/cidei\/tag\/marta-fonseca\/' title='Marta Fonseca' class='pt-cv-tax-marta-fonseca'>Marta Fonseca<\/a>, <a href='https:\/\/events.ipv.pt\/cidei\/category\/projeto\/nacional\/' title='nacional' class='pt-cv-tax-nacional'>nacional<\/a>, <a href='https:\/\/events.ipv.pt\/cidei\/tag\/paula-cristina-ferreira\/' title='Paula Cristina Ferreira' class='pt-cv-tax-paula-cristina-ferreira'>Paula Cristina Ferreira<\/a>, <a href='https:\/\/events.ipv.pt\/cidei\/category\/linha-investigacao\/politicas-educativas-didaticas-e-formacao\/' title='Pol\u00edticas Educativas Did\u00e1ticas e Forma\u00e7\u00e3o' class='pt-cv-tax-politicas-educativas-didaticas-e-formacao'>Pol\u00edticas Educativas Did\u00e1ticas e Forma\u00e7\u00e3o<\/a>, <a href='https:\/\/events.ipv.pt\/cidei\/category\/projeto-interno\/' title='projetos internos' class='pt-cv-tax-projeto-interno'>projetos internos<\/a><\/span><\/div><\/div>\n<div class=\" pt-cv-content-item pt-cv-1-col\" ><p class=\"pt-cv-title\"><a href=\"https:\/\/events.ipv.pt\/cidei\/percursos-formativos-empreendedorismo-e-transicao-para-o-mercado-de-trabalho-perspetivas-sobre-o-ensino-superior-politecnico-em-portugal-membros-do-cidei-luis-sousa-ir-ana-paula-cardoso-manue\/\" class=\"_self\" target=\"_self\" >PERCURSOS FORMATIVOS, EMPREENDEDORISMO E TRANSI\u00c7\u00c3O PARA O MERCADO DE TRABALHO: PERSPETIVAS SOBRE O ENSINO SUPERIOR POLIT\u00c9CNICO EM PORTUGAL<\/a><\/p>\n<div class=\"pt-cv-meta-fields\"><span class=\"terms\"> <a href='https:\/\/events.ipv.pt\/cidei\/tag\/2019-2021\/' title='2019-2021' class='pt-cv-tax-2019-2021'>2019-2021<\/a>, <a href='https:\/\/events.ipv.pt\/cidei\/tag\/ana-costa-lopes\/' title='Ana Costa Lopes' class='pt-cv-tax-ana-costa-lopes'>Ana Costa Lopes<\/a>, <a href='https:\/\/events.ipv.pt\/cidei\/tag\/ana-paula-cardoso\/' title='Ana Paula Cardoso' class='pt-cv-tax-ana-paula-cardoso'>Ana Paula Cardoso<\/a>, <a href='https:\/\/events.ipv.pt\/cidei\/category\/estado\/concluido\/' title='concluido' class='pt-cv-tax-concluido'>concluido<\/a>, <a href='https:\/\/events.ipv.pt\/cidei\/tag\/graca-seco\/' title='Gra\u00e7a Seco' class='pt-cv-tax-graca-seco'>Gra\u00e7a Seco<\/a>, <a href='https:\/\/events.ipv.pt\/cidei\/category\/nucleo\/guarda\/' title='Guarda' class='pt-cv-tax-guarda'>Guarda<\/a>, <a href='https:\/\/events.ipv.pt\/cidei\/tag\/helia-pinto\/' title='H\u00e9lia Pinto' class='pt-cv-tax-helia-pinto'>H\u00e9lia Pinto<\/a>, <a href='https:\/\/events.ipv.pt\/cidei\/tag\/isabel-pereira\/' title='Isabel Pereira' class='pt-cv-tax-isabel-pereira'>Isabel Pereira<\/a>, <a href='https:\/\/events.ipv.pt\/cidei\/category\/nucleo\/leiria\/' title='Leiria' class='pt-cv-tax-leiria'>Leiria<\/a>, <a href='https:\/\/events.ipv.pt\/cidei\/tag\/luis-sousa\/' title='Lu\u00eds Sousa' class='pt-cv-tax-luis-sousa'>Lu\u00eds Sousa<\/a>, <a href='https:\/\/events.ipv.pt\/cidei\/tag\/maria-do-ceu-ribeiro\/' title='Maria do C\u00e9u Ribeiro' class='pt-cv-tax-maria-do-ceu-ribeiro'>Maria do C\u00e9u Ribeiro<\/a>, <a href='https:\/\/events.ipv.pt\/cidei\/tag\/maria-joao-santos\/' title='Maria Jo\u00e3o Santos' class='pt-cv-tax-maria-joao-santos'>Maria Jo\u00e3o Santos<\/a>, <a href='https:\/\/events.ipv.pt\/cidei\/tag\/marilia-castro\/' title='Mar\u00edlia Castro' class='pt-cv-tax-marilia-castro'>Mar\u00edlia Castro<\/a>, <a href='https:\/\/events.ipv.pt\/cidei\/tag\/marta-fonseca\/' title='Marta Fonseca' class='pt-cv-tax-marta-fonseca'>Marta Fonseca<\/a>, <a href='https:\/\/events.ipv.pt\/cidei\/category\/projeto\/nacional\/' title='nacional' class='pt-cv-tax-nacional'>nacional<\/a>, <a href='https:\/\/events.ipv.pt\/cidei\/tag\/pedro-tadeu\/' title='Pedro Tadeu' class='pt-cv-tax-pedro-tadeu'>Pedro Tadeu<\/a>, <a href='https:\/\/events.ipv.pt\/cidei\/category\/projeto-interno\/' title='projetos internos' class='pt-cv-tax-projeto-interno'>projetos internos<\/a>, <a href='https:\/\/events.ipv.pt\/cidei\/tag\/romain-gillain\/' title='Romain Gillain' class='pt-cv-tax-romain-gillain'>Romain Gillain<\/a>, <a href='https:\/\/events.ipv.pt\/cidei\/tag\/sandrina-milhano\/' title='Sandrina Milhano' class='pt-cv-tax-sandrina-milhano'>Sandrina Milhano<\/a>, <a href='https:\/\/events.ipv.pt\/cidei\/tag\/teresa-paiva\/' title='Teresa Paiva' class='pt-cv-tax-teresa-paiva'>Teresa Paiva<\/a>, <a href='https:\/\/events.ipv.pt\/cidei\/category\/nucleo\/viseu\/' title='Viseu' class='pt-cv-tax-viseu'>Viseu<\/a><\/span><\/div><\/div><\/div><\/div><\/div>\t\t\t<style type=\"text\/css\" id=\"pt-cv-inline-style-f7ca5f3nu7\">\n#pt-cv-view-a49b0b75sl .pt-cv-thumb-wrapper:not(.miniwrap) {  }#pt-cv-view-a49b0b75sl .pt-cv-thumbnail:not(.pt-cv-thumbnailsm) { height: 250px; }#pt-cv-view-a49b0b75sl > .pt-cv-page {grid-template-columns: repeat(4, 1fr);grid-gap: 15px;}\n@media all and (max-width: 1024px) { \n#pt-cv-view-a49b0b75sl > .pt-cv-page {grid-template-columns: repeat(1, 1fr);}\n} \n@media all and (max-width: 767px) { \n#pt-cv-view-a49b0b75sl > .pt-cv-page {grid-template-columns: repeat(1, 1fr);}\n} <\/style>\r\n\t\t\t\n<\/div>\n<\/div>\n","protected":false},"excerpt":{"rendered":"<p>Marta Fonseca Marta Sofia Abreu da Fonseca INSTITUTO POLIT\u00c9CNICO DE LEIRIA ORCID \u2022 0000-0001-9400-2573 CI\u00caNCIAVITAE \u2022 C51F-FC8E-986C internacionais livros cap\u00edtulos de livro nacionais livros cap\u00edtulos de livro artigos SCOPUS e\/ou WoS outras bases de indexa\u00e7\u00e3o abrir todos [internacionais] livros [internacionais] cap\u00edtulos de livro [nacionais] livros [nacionais] cap\u00edtulos de livro [artigos] SCOPUS e\/ou WoS [artigos] outras [&hellip;]<\/p>\n","protected":false},"author":1,"featured_media":0,"comment_status":"closed","ping_status":"closed","sticky":false,"template":"","format":"standard","meta":{"site-sidebar-layout":"default","site-content-layout":"","ast-site-content-layout":"full-width-container","site-content-style":"default","site-sidebar-style":"default","ast-global-header-display":"","ast-banner-title-visibility":"","ast-main-header-display":"","ast-hfb-above-header-display":"","ast-hfb-below-header-display":"","ast-hfb-mobile-header-display":"","site-post-title":"disabled","ast-breadcrumbs-content":"","ast-featured-img":"","footer-sml-layout":"","ast-disable-related-posts":"","theme-transparent-header-meta":"default","adv-header-id-meta":"","stick-header-meta":"","header-above-stick-meta":"","header-main-stick-meta":"","header-below-stick-meta":"","astra-migrate-meta-layouts":"set","ast-page-background-enabled":"default","ast-page-background-meta":{"desktop":{"background-color":"","background-image":"","background-repeat":"repeat","background-position":"center center","background-size":"auto","background-attachment":"scroll","background-type":"","background-media":"","overlay-type":"","overlay-color":"","overlay-opacity":"","overlay-gradient":""},"tablet":{"background-color":"","background-image":"","background-repeat":"repeat","background-position":"center center","background-size":"auto","background-attachment":"scroll","background-type":"","background-media":"","overlay-type":"","overlay-color":"","overlay-opacity":"","overlay-gradient":""},"mobile":{"background-color":"","background-image":"","background-repeat":"repeat","background-position":"center center","background-size":"auto","background-attachment":"scroll","background-type":"","background-media":"","overlay-type":"","overlay-color":"","overlay-opacity":"","overlay-gradient":""}},"ast-content-background-meta":{"desktop":{"background-color":"var(--ast-global-color-5)","background-image":"","background-repeat":"repeat","background-position":"center center","background-size":"auto","background-attachment":"scroll","background-type":"","background-media":"","overlay-type":"","overlay-color":"","overlay-opacity":"","overlay-gradient":""},"tablet":{"background-color":"var(--ast-global-color-5)","background-image":"","background-repeat":"repeat","background-position":"center center","background-size":"auto","background-attachment":"scroll","background-type":"","background-media":"","overlay-type":"","overlay-color":"","overlay-opacity":"","overlay-gradient":""},"mobile":{"background-color":"var(--ast-global-color-5)","background-image":"","background-repeat":"repeat","background-position":"center center","background-size":"auto","background-attachment":"scroll","background-type":"","background-media":"","overlay-type":"","overlay-color":"","overlay-opacity":"","overlay-gradient":""}},"footnotes":"","_links_to":"","_links_to_target":""},"categories":[380],"tags":[],"class_list":["post-10443","post","type-post","status-publish","format-standard","hentry","category-uncategorized-pt"],"_links":{"self":[{"href":"https:\/\/events.ipv.pt\/cidei\/wp-json\/wp\/v2\/posts\/10443","targetHints":{"allow":["GET"]}}],"collection":[{"href":"https:\/\/events.ipv.pt\/cidei\/wp-json\/wp\/v2\/posts"}],"about":[{"href":"https:\/\/events.ipv.pt\/cidei\/wp-json\/wp\/v2\/types\/post"}],"author":[{"embeddable":true,"href":"https:\/\/events.ipv.pt\/cidei\/wp-json\/wp\/v2\/users\/1"}],"replies":[{"embeddable":true,"href":"https:\/\/events.ipv.pt\/cidei\/wp-json\/wp\/v2\/comments?post=10443"}],"version-history":[{"count":8,"href":"https:\/\/events.ipv.pt\/cidei\/wp-json\/wp\/v2\/posts\/10443\/revisions"}],"predecessor-version":[{"id":20918,"href":"https:\/\/events.ipv.pt\/cidei\/wp-json\/wp\/v2\/posts\/10443\/revisions\/20918"}],"wp:attachment":[{"href":"https:\/\/events.ipv.pt\/cidei\/wp-json\/wp\/v2\/media?parent=10443"}],"wp:term":[{"taxonomy":"category","embeddable":true,"href":"https:\/\/events.ipv.pt\/cidei\/wp-json\/wp\/v2\/categories?post=10443"},{"taxonomy":"post_tag","embeddable":true,"href":"https:\/\/events.ipv.pt\/cidei\/wp-json\/wp\/v2\/tags?post=10443"}],"curies":[{"name":"wp","href":"https:\/\/api.w.org\/{rel}","templated":true}]}}