{"id":10441,"date":"2024-03-15T13:56:18","date_gmt":"2024-03-15T13:56:18","guid":{"rendered":"http:\/\/localhost\/cidei\/?p=10441"},"modified":"2026-02-04T14:16:20","modified_gmt":"2026-02-04T14:16:20","slug":"marta-nogueira","status":"publish","type":"post","link":"https:\/\/events.ipv.pt\/cidei\/marta-nogueira\/","title":{"rendered":"Marta Nogueira"},"content":{"rendered":"<div class=\"panel70 bannerEquipa bgBranco espCont\">\n<div class=\"rw\">\n<div>\n<h2>Marta Nogueira<\/h2>\n<h4>Marta Alexandra Gon\u00e7alves Nogueira<\/h4>\n<h6>INSTITUTO POLIT\u00c9CNICO DE LEIRIA<\/h6>\n<\/div>\n<div class=\"bRow\">\n<a href=\"https:\/\/orcid.org\/0000-0002-9503-4451\" target=\"_blank\">ORCID \u2022 0000-0002-9503-4451<\/a><br \/>\n<a href=\"https:\/\/cienciavitae.pt\/7319-1F05-DD45\" target=\"_blank\">CI\u00caNCIAVITAE \u2022 7319-1F05-DD45<\/a>\n<\/div>\n<\/div>\n<\/div>\n<div class=\"panel bgCinzaEscuro auto-height\">\n<div class=\"dtq bgCinzaEscuro esp20\">\n<div class=\"dtqContainer esp100 fBranco espCont\">\n<div class=\"rwE\">\n<div>\n<p class=\"esp0-20\">internacionais<\/p>\n<div class=\"bRowRed bRowRedBranco\">\n<button class=\"tablinks\" data-group=\"grupo101\" data-target=\"LI\">livros<\/button><br \/>\n<button class=\"tablinks\" data-group=\"grupo101\" data-target=\"CLI\">cap\u00edtulos de livro<\/button>\n<\/div>\n<\/div>\n<div>\n<p class=\"esp0-20 espMob\">nacionais<\/p>\n<div class=\"bRowRed bRowRedBranco\">\n<button class=\"tablinks\" data-group=\"grupo101\" data-target=\"LN\">livros<\/button><br \/>\n<button class=\"tablinks\" data-group=\"grupo101\" data-target=\"CLN\">cap\u00edtulos de livro<\/button>\n<\/div>\n<\/div>\n<div>\n<p class=\"esp0-20 espMob fBranco\">artigos<\/p>\n<div class=\"bRowRed bRowRedBranco\">\n<button class=\"tablinks\" data-group=\"grupo101\" data-target=\"ARI\">SCOPUS e\/ou WoS<\/button><br \/>\n<button class=\"tablinks\" data-group=\"grupo101\" data-target=\"AR\">outras bases de indexa\u00e7\u00e3o<\/button>\n<\/div>\n<\/div>\n<\/div>\n<div style=\"margin-top: 30px;\">\n<button class=\"toggleGroup bHCz\" data-group=\"grupo101\">abrir todos<\/button>\n<\/div>\n<\/div>\n<div class=\"pad-R-100\">\n<div class=\"fCinza\">\n<div id=\"LI\" class=\"contentEquipa bgBranco esp50\" data-group=\"grupo101\">\n[internacionais] livros<br \/>\n<div class=\"pt-cv-wrapper\"><div class=\"pt-cv-view pt-cv-grid pt-cv-colsys\" id=\"pt-cv-view-1f44eb74uw\"><div data-id=\"pt-cv-page-1\" class=\"pt-cv-page cv-npf\" data-cvc=\"1\"><div class=\"col-md-12 col-sm-12 col-xs-12 pt-cv-content-item pt-cv-1-col\" ><div class='pt-cv-ifield'><div class=\"pt-cv-no-post\">N\u00e3o foram encontrados artigos.<\/div><\/div><\/div><\/div><\/div><\/div>\n<\/div>\n<div id=\"CLI\" class=\"contentEquipa bgBranco esp50\" data-group=\"grupo101\">\n[internacionais] cap\u00edtulos de livro<br \/>\n<div class=\"pt-cv-wrapper\"><div class=\"pt-cv-view pt-cv-grid pt-cv-colsys\" id=\"pt-cv-view-e47fe43zdu\"><div data-id=\"pt-cv-page-1\" class=\"pt-cv-page\" data-cvc=\"1\"><div class=\"col-md-12 col-sm-12 col-xs-12 pt-cv-content-item pt-cv-1-col\" ><div class='pt-cv-ifield'><div class=\"pt-cv-content\"><p>Nogueira, M. (2022).<br \/>\nO processo de comunica\u00e7\u00e3o organizacional na perce\u00e7\u00e3o da pessoa com defici\u00eancia inserida no mercado de trabalho formal.<br \/>\nIn\u00a0<em>Caminhos poss\u00edveis para incluir: inclus\u00e3o social e protagonismo<\/em> (pp. 24-33).<br \/>\nCuritiba, Brasil: Editorial Casa.<br \/>\nDOI: <a href=\"https:\/\/editorialcasa.com.br\/produto\/caminhos-possiveis-para-incluir-inclusao-social-e-protagonismo\/\" rel=\"noopener\" target=\"_blank\">10.55371\/978-65-5399-302-0<\/a><\/p>\n<\/div>\n<div class=\"pt-cv-meta-fields\"><span class=\"terms\"> <a href='https:\/\/events.ipv.pt\/cidei\/category\/2022\/' title='2022' class='pt-cv-tax-2022'>2022<\/a>, <a href='https:\/\/events.ipv.pt\/cidei\/category\/producao-cientifica\/caplivrointernacional\/' title='Cap\u00edtulos de Livro de Edi\u00e7\u00e3o Internacional' class='pt-cv-tax-caplivrointernacional'>Cap\u00edtulos de Livro de Edi\u00e7\u00e3o Internacional<\/a>, <a href='https:\/\/events.ipv.pt\/cidei\/category\/linha-investigacao\/educacao-cidadania-e-inclusao\/' title='Educa\u00e7\u00e3o Cidadania e Inclus\u00e3o' class='pt-cv-tax-educacao-cidadania-e-inclusao'>Educa\u00e7\u00e3o Cidadania e Inclus\u00e3o<\/a>, <a href='https:\/\/events.ipv.pt\/cidei\/category\/nucleo\/leiria\/' title='Leiria' class='pt-cv-tax-leiria'>Leiria<\/a>, <a href='https:\/\/events.ipv.pt\/cidei\/tag\/marta-nogueira\/' title='Marta Nogueira' class='pt-cv-tax-marta-nogueira'>Marta Nogueira<\/a><\/span><\/div><\/div><\/div>\n<div class=\"col-md-12 col-sm-12 col-xs-12 pt-cv-content-item pt-cv-1-col\" ><div class='pt-cv-ifield'><div class=\"pt-cv-content\"><p>Nogueira, M. (2022).<br \/>\nOlhares, reflex\u00f5es e saberes da educa\u00e7\u00e3o inclusiva e o seu papel na transi\u00e7\u00e3o para o mundo laboral: entre teorias e pr\u00e1ticas.<br \/>\nIn Bianchessi, C. (Org.),\u00a0<em>Educa\u00e7\u00e3o e Ensino em Diferentes Contextos &#8211; Di\u00e1logo entre Saberes e Pr\u00e1ticas<\/em> (pp. 96-107).<br \/>\nCuritiba, Brasil: Editora Bagai. ISBN: 978-65-5368-118-7<\/p>\n<\/div>\n<div class=\"pt-cv-meta-fields\"><span class=\"terms\"> <a href='https:\/\/events.ipv.pt\/cidei\/category\/2022\/' title='2022' class='pt-cv-tax-2022'>2022<\/a>, <a href='https:\/\/events.ipv.pt\/cidei\/category\/producao-cientifica\/caplivrointernacional\/' title='Cap\u00edtulos de Livro de Edi\u00e7\u00e3o Internacional' class='pt-cv-tax-caplivrointernacional'>Cap\u00edtulos de Livro de Edi\u00e7\u00e3o Internacional<\/a>, <a href='https:\/\/events.ipv.pt\/cidei\/category\/linha-investigacao\/educacao-cidadania-e-inclusao\/' title='Educa\u00e7\u00e3o Cidadania e Inclus\u00e3o' class='pt-cv-tax-educacao-cidadania-e-inclusao'>Educa\u00e7\u00e3o Cidadania e Inclus\u00e3o<\/a>, <a href='https:\/\/events.ipv.pt\/cidei\/category\/nucleo\/leiria\/' title='Leiria' class='pt-cv-tax-leiria'>Leiria<\/a>, <a href='https:\/\/events.ipv.pt\/cidei\/tag\/marta-nogueira\/' title='Marta Nogueira' class='pt-cv-tax-marta-nogueira'>Marta Nogueira<\/a><\/span><\/div><\/div><\/div><\/div><\/div><\/div>\n<\/div>\n<div id=\"LN\" class=\"contentEquipa bgBranco esp50\" data-group=\"grupo101\">\n[nacionais] livros<br \/>\n<div class=\"pt-cv-wrapper\"><div class=\"pt-cv-view pt-cv-grid pt-cv-colsys\" id=\"pt-cv-view-8ed5bd97hz\"><div data-id=\"pt-cv-page-1\" class=\"pt-cv-page cv-npf\" data-cvc=\"1\"><div class=\"col-md-12 col-sm-12 col-xs-12 pt-cv-content-item pt-cv-1-col\" ><div class='pt-cv-ifield'><div class=\"pt-cv-no-post\">N\u00e3o foram encontrados artigos.<\/div><\/div><\/div><\/div><\/div><\/div>\n<\/div>\n<div id=\"CLN\" class=\"contentEquipa bgBranco esp50\" data-group=\"grupo101\">\n[nacionais] cap\u00edtulos de livro<br \/>\n<div class=\"pt-cv-wrapper\"><div class=\"pt-cv-view pt-cv-grid pt-cv-colsys\" id=\"pt-cv-view-daba6accqn\"><div data-id=\"pt-cv-page-1\" class=\"pt-cv-page\" data-cvc=\"1\"><div class=\"col-md-12 col-sm-12 col-xs-12 pt-cv-content-item pt-cv-1-col\" ><div class='pt-cv-ifield'><div class=\"pt-cv-content\"><p>Nogueira, M. (2025).<br \/>\nPessoas com defici\u00eancia e pr\u00e1tica de exerc\u00edcio f\u00edsico em gin\u00e1sios: a perspetiva dos profissionais do fitness.<br \/>\nIn C. Mangas, J. Sousa, S. M. Lopes (Org.), Valorizar a diversidade: inclus\u00e3o que une, tecnologia que transforma (pp. 104-117).<br \/>\nV&#038;V Editora.<\/p>\n<\/div>\n<div class=\"pt-cv-meta-fields\"><span class=\"terms\"> <a href='https:\/\/events.ipv.pt\/cidei\/category\/2025\/' title='2025' class='pt-cv-tax-2025'>2025<\/a>, <a href='https:\/\/events.ipv.pt\/cidei\/category\/producao-cientifica\/capitulos-de-livro-de-edicao-nacional\/' title='Cap\u00edtulos de Livro de Edi\u00e7\u00e3o Nacional' class='pt-cv-tax-capitulos-de-livro-de-edicao-nacional'>Cap\u00edtulos de Livro de Edi\u00e7\u00e3o Nacional<\/a>, <a href='https:\/\/events.ipv.pt\/cidei\/category\/nucleo\/leiria\/' title='Leiria' class='pt-cv-tax-leiria'>Leiria<\/a>, <a href='https:\/\/events.ipv.pt\/cidei\/tag\/marta-nogueira\/' title='Marta Nogueira' class='pt-cv-tax-marta-nogueira'>Marta Nogueira<\/a><\/span><\/div><\/div><\/div><\/div><\/div><\/div>\n<\/div>\n<div id=\"ARI\" class=\"contentEquipa bgBranco esp50\" data-group=\"grupo101\">\n[artigos] SCOPUS e\/ou WoS<br \/>\n<div class=\"pt-cv-wrapper\"><div class=\"pt-cv-view pt-cv-grid pt-cv-colsys\" id=\"pt-cv-view-8d123fe6tp\"><div data-id=\"pt-cv-page-1\" class=\"pt-cv-page\" data-cvc=\"1\"><div class=\"col-md-12 col-sm-12 col-xs-12 pt-cv-content-item pt-cv-1-col\" ><div class='pt-cv-ifield'><div class=\"pt-cv-content\"><p>Pousada, T., Nogueira, M., Garabal-Barbeira, J., &#038; Sousa, C. (2023).<br \/>\nPreconceito dos estudantes universit\u00e1rios em rela\u00e7\u00e3o \u00e0 defici\u00eancia: Um estudo explorat\u00f3rio.<br \/>\n<em>Revista Portuguesa De Investiga\u00e7\u00e3o Comportamental E Social, <\/em>9(1), 1\u201319.<br \/>\nDOI: <a href=\"https:\/\/doi.org\/10.31211\/rpics.2023.9.1.294\" rel=\"noopener\" target=\"_blank\">https:\/\/doi.org\/10.31211\/rpics.2023.9.1.294<\/a><\/p>\n<\/div>\n<div class=\"pt-cv-meta-fields\"><span class=\"terms\"> <a href='https:\/\/events.ipv.pt\/cidei\/category\/2023\/' title='2023' class='pt-cv-tax-2023'>2023<\/a>, <a href='https:\/\/events.ipv.pt\/cidei\/category\/producao-cientifica\/artigos-em-revistas-indexadas-scopus-e-ou-wos\/' title='Artigos em Revistas Indexadas | Scopus e\/ou WoS' class='pt-cv-tax-artigos-em-revistas-indexadas-scopus-e-ou-wos'>Artigos em Revistas Indexadas | Scopus e\/ou WoS<\/a>, <a href='https:\/\/events.ipv.pt\/cidei\/category\/linha-investigacao\/educacao-cidadania-e-inclusao\/' title='Educa\u00e7\u00e3o Cidadania e Inclus\u00e3o' class='pt-cv-tax-educacao-cidadania-e-inclusao'>Educa\u00e7\u00e3o Cidadania e Inclus\u00e3o<\/a>, <a href='https:\/\/events.ipv.pt\/cidei\/category\/nucleo\/leiria\/' title='Leiria' class='pt-cv-tax-leiria'>Leiria<\/a>, <a href='https:\/\/events.ipv.pt\/cidei\/tag\/marta-nogueira\/' title='Marta Nogueira' class='pt-cv-tax-marta-nogueira'>Marta Nogueira<\/a><\/span><\/div><\/div><\/div>\n<div class=\"col-md-12 col-sm-12 col-xs-12 pt-cv-content-item pt-cv-1-col\" ><div class='pt-cv-ifield'><div class=\"pt-cv-content\"><p>Nogueira, M., Sousa, C. (2021).<br \/>\nOs Desafios da Inclus\u00e3o Laboral das Pessoas com Defici\u00eancia.<br \/>\n<em>International Journal of Marketing, Communication and New Media\u00a010<\/em>(2021), 7-23.<br \/>\nRetrieved from <a href=\"http:\/\/u3isjournal.isvouga.pt\/index.php\/ijmcnm\/article\/view\/583\" rel=\"noopener\" target=\"_blank\">http:\/\/u3isjournal.isvouga.pt\/index.php\/ijmcnm\/article\/view\/583<\/a><\/p>\n<\/div>\n<div class=\"pt-cv-meta-fields\"><span class=\"terms\"> <a href='https:\/\/events.ipv.pt\/cidei\/category\/2021\/' title='2021' class='pt-cv-tax-2021'>2021<\/a>, <a href='https:\/\/events.ipv.pt\/cidei\/category\/producao-cientifica\/artigos-em-revistas-indexadas-scopus-e-ou-wos\/' title='Artigos em Revistas Indexadas | Scopus e\/ou WoS' class='pt-cv-tax-artigos-em-revistas-indexadas-scopus-e-ou-wos'>Artigos em Revistas Indexadas | Scopus e\/ou WoS<\/a>, <a href='https:\/\/events.ipv.pt\/cidei\/category\/linha-investigacao\/educacao-cidadania-e-inclusao\/' title='Educa\u00e7\u00e3o Cidadania e Inclus\u00e3o' class='pt-cv-tax-educacao-cidadania-e-inclusao'>Educa\u00e7\u00e3o Cidadania e Inclus\u00e3o<\/a>, <a href='https:\/\/events.ipv.pt\/cidei\/category\/nucleo\/leiria\/' title='Leiria' class='pt-cv-tax-leiria'>Leiria<\/a>, <a href='https:\/\/events.ipv.pt\/cidei\/tag\/marta-nogueira\/' title='Marta Nogueira' class='pt-cv-tax-marta-nogueira'>Marta Nogueira<\/a><\/span><\/div><\/div><\/div><\/div><\/div><\/div>\n<\/div>\n<div id=\"AR\" class=\"contentEquipa bgBranco esp50\" data-group=\"grupo101\">\n[artigos] outras bases de indexa\u00e7\u00e3o<br \/>\n<div class=\"pt-cv-wrapper\"><div class=\"pt-cv-view pt-cv-grid pt-cv-colsys\" id=\"pt-cv-view-bf3166fr0n\"><div data-id=\"pt-cv-page-1\" class=\"pt-cv-page\" data-cvc=\"1\"><div class=\"col-md-12 col-sm-12 col-xs-12 pt-cv-content-item pt-cv-1-col\" ><div class='pt-cv-ifield'><div class=\"pt-cv-content\"><p>Nogueira, M. A. G. (2024).<br \/>\nA inclus\u00e3o da pessoa com defici\u00eancia: intera\u00e7\u00f5es comunicacionais e emo\u00e7\u00f5es em contexto de trabalho.<br \/>\n<em>Cuadernos De Educaci\u00f3n Y Desarrollo, 16<\/em>(8), e5062.<br \/>\nDOI: <a href=\"https:\/\/doi.org\/10.55905\/cuadv16n8-018\" target=\"_blank\">https:\/\/doi.org\/10.55905\/cuadv16n8-018<\/a><\/p>\n<\/div>\n<div class=\"pt-cv-meta-fields\"><span class=\"terms\"> <a href='https:\/\/events.ipv.pt\/cidei\/category\/2024\/' title='2024' class='pt-cv-tax-2024'>2024<\/a>, <a href='https:\/\/events.ipv.pt\/cidei\/category\/producao-cientifica\/artigos-em-revistas\/' title='Artigos em Revistas' class='pt-cv-tax-artigos-em-revistas'>Artigos em Revistas<\/a>, <a href='https:\/\/events.ipv.pt\/cidei\/category\/nucleo\/leiria\/' title='Leiria' class='pt-cv-tax-leiria'>Leiria<\/a>, <a href='https:\/\/events.ipv.pt\/cidei\/tag\/marta-nogueira\/' title='Marta Nogueira' class='pt-cv-tax-marta-nogueira'>Marta Nogueira<\/a><\/span><\/div><\/div><\/div>\n<div class=\"col-md-12 col-sm-12 col-xs-12 pt-cv-content-item pt-cv-1-col\" ><div class='pt-cv-ifield'><div class=\"pt-cv-content\"><p>Nogueira, M. (2022).<br \/>\nInterpersonal Communication in the workplace in the perspective of People with Disability co-workers.<br \/>\n<em>International Journal of Engineering, Business And Management(IJEBM), 6<\/em>(3), 23-27.<br \/>\n10.22161\/ijebm.6.3.3<\/p>\n<\/div>\n<div class=\"pt-cv-meta-fields\"><span class=\"terms\"> <a href='https:\/\/events.ipv.pt\/cidei\/category\/2022\/' title='2022' class='pt-cv-tax-2022'>2022<\/a>, <a href='https:\/\/events.ipv.pt\/cidei\/category\/producao-cientifica\/artigos-em-revistas\/' title='Artigos em Revistas' class='pt-cv-tax-artigos-em-revistas'>Artigos em Revistas<\/a>, <a href='https:\/\/events.ipv.pt\/cidei\/category\/linha-investigacao\/educacao-cidadania-e-inclusao\/' title='Educa\u00e7\u00e3o Cidadania e Inclus\u00e3o' class='pt-cv-tax-educacao-cidadania-e-inclusao'>Educa\u00e7\u00e3o Cidadania e Inclus\u00e3o<\/a>, <a href='https:\/\/events.ipv.pt\/cidei\/category\/nucleo\/leiria\/' title='Leiria' class='pt-cv-tax-leiria'>Leiria<\/a>, <a href='https:\/\/events.ipv.pt\/cidei\/tag\/marta-nogueira\/' title='Marta Nogueira' class='pt-cv-tax-marta-nogueira'>Marta Nogueira<\/a><\/span><\/div><\/div><\/div>\n<div class=\"col-md-12 col-sm-12 col-xs-12 pt-cv-content-item pt-cv-1-col\" ><div class='pt-cv-ifield'><div class=\"pt-cv-content\"><p>Nogueira, M., Silva, H., C\u00e2ndido, R., Cunha, C., Salvador, R. (2022).<br \/>\nPerce\u00e7\u00e3o dos t\u00e9cnicos de exerc\u00edcio f\u00edsico sobre a inclus\u00e3o das pessoas com defici\u00eancia no contexto do fitness: um estudo piloto.<br \/>\n<em>Desporto e Atividade F\u00edsica para Todos, 8<\/em>(8), 55-61. <\/p>\n<\/div>\n<div class=\"pt-cv-meta-fields\"><span class=\"terms\"> <a href='https:\/\/events.ipv.pt\/cidei\/category\/2022\/' title='2022' class='pt-cv-tax-2022'>2022<\/a>, <a href='https:\/\/events.ipv.pt\/cidei\/category\/producao-cientifica\/artigos-em-revistas\/' title='Artigos em Revistas' class='pt-cv-tax-artigos-em-revistas'>Artigos em Revistas<\/a>, <a href='https:\/\/events.ipv.pt\/cidei\/category\/linha-investigacao\/educacao-para-a-saude-e-qualidade-de-vida\/' title='Educa\u00e7\u00e3o para a Sa\u00fade e Qualidade de Vida' class='pt-cv-tax-educacao-para-a-saude-e-qualidade-de-vida'>Educa\u00e7\u00e3o para a Sa\u00fade e Qualidade de Vida<\/a>, <a href='https:\/\/events.ipv.pt\/cidei\/category\/nucleo\/leiria\/' title='Leiria' class='pt-cv-tax-leiria'>Leiria<\/a>, <a href='https:\/\/events.ipv.pt\/cidei\/tag\/marta-nogueira\/' title='Marta Nogueira' class='pt-cv-tax-marta-nogueira'>Marta Nogueira<\/a><\/span><\/div><\/div><\/div>\n<div class=\"col-md-12 col-sm-12 col-xs-12 pt-cv-content-item pt-cv-1-col\" ><div class='pt-cv-ifield'><div class=\"pt-cv-content\"><p>Nogueira, M., Sousa, C. (2021).<br \/>\nEmotions, communicational process and inclusion of people with disabilities in the work context.<br \/>\n<em>South Florida Journal of Development, 2<\/em>(2), 3737\u20133752.<br \/>\nDOI: <a href=\"https:\/\/doi.org\/10.46932\/sfjdv2n2-211\" rel=\"noopener\" target=\"_blank\">https:\/\/doi.org\/10.46932\/sfjdv2n2-211<\/a><\/p>\n<\/div>\n<div class=\"pt-cv-meta-fields\"><span class=\"terms\"> <a href='https:\/\/events.ipv.pt\/cidei\/category\/2021\/' title='2021' class='pt-cv-tax-2021'>2021<\/a>, <a href='https:\/\/events.ipv.pt\/cidei\/category\/producao-cientifica\/artigos-em-revistas\/' title='Artigos em Revistas' class='pt-cv-tax-artigos-em-revistas'>Artigos em Revistas<\/a>, <a href='https:\/\/events.ipv.pt\/cidei\/category\/linha-investigacao\/educacao-cidadania-e-inclusao\/' title='Educa\u00e7\u00e3o Cidadania e Inclus\u00e3o' class='pt-cv-tax-educacao-cidadania-e-inclusao'>Educa\u00e7\u00e3o Cidadania e Inclus\u00e3o<\/a>, <a href='https:\/\/events.ipv.pt\/cidei\/category\/nucleo\/leiria\/' title='Leiria' class='pt-cv-tax-leiria'>Leiria<\/a>, <a href='https:\/\/events.ipv.pt\/cidei\/tag\/marta-nogueira\/' title='Marta Nogueira' class='pt-cv-tax-marta-nogueira'>Marta Nogueira<\/a><\/span><\/div><\/div><\/div>\n<div class=\"col-md-12 col-sm-12 col-xs-12 pt-cv-content-item pt-cv-1-col\" ><div class='pt-cv-ifield'><div class=\"pt-cv-content\"><p>Nogueira, M., Sousa, C. (2021).<br \/>\nAssessing the Importance of Work for People with Disabilities at Auchan, Portugal.<br \/>\n<em>European Scientific Journal, 17<\/em>(26), 44.<br \/>\nDOI: <a href=\"https:\/\/doi.org\/10.19044\/esj.2021.v17n26p44\" rel=\"noopener\" target=\"_blank\">https:\/\/doi.org\/10.19044\/esj.2021.v17n26p44<\/a><\/p>\n<\/div>\n<div class=\"pt-cv-meta-fields\"><span class=\"terms\"> <a href='https:\/\/events.ipv.pt\/cidei\/category\/2021\/' title='2021' class='pt-cv-tax-2021'>2021<\/a>, <a href='https:\/\/events.ipv.pt\/cidei\/category\/producao-cientifica\/artigos-em-revistas\/' title='Artigos em Revistas' class='pt-cv-tax-artigos-em-revistas'>Artigos em Revistas<\/a>, <a href='https:\/\/events.ipv.pt\/cidei\/category\/linha-investigacao\/educacao-cidadania-e-inclusao\/' title='Educa\u00e7\u00e3o Cidadania e Inclus\u00e3o' class='pt-cv-tax-educacao-cidadania-e-inclusao'>Educa\u00e7\u00e3o Cidadania e Inclus\u00e3o<\/a>, <a href='https:\/\/events.ipv.pt\/cidei\/category\/nucleo\/leiria\/' title='Leiria' class='pt-cv-tax-leiria'>Leiria<\/a>, <a href='https:\/\/events.ipv.pt\/cidei\/tag\/marta-nogueira\/' title='Marta Nogueira' class='pt-cv-tax-marta-nogueira'>Marta Nogueira<\/a><\/span><\/div><\/div><\/div>\n<div class=\"col-md-12 col-sm-12 col-xs-12 pt-cv-content-item pt-cv-1-col\" ><div class='pt-cv-ifield'><div class=\"pt-cv-content\"><p>Nogueira, M., Sousa, C. (2021).<br \/>\nThe work of people with disabilities in the perception of colleagues and managers.<br \/>\n<em>International journal of Advanced Research (IJAR), 9<\/em>(08), 218-224.<br \/>\nDOI: <a href=\"https:\/\/atif.sobiad.com\/index.jsp?changelang=en&#038;modul=makale-detay&#038;alan=benzer&#038;secenek=null&#038;Id=MDDRO4IBYqxAIGX2UUYV\" rel=\"noopener\" target=\"_blank\">10.21474\/IJAR01\/13253<\/a><\/p>\n<\/div>\n<div class=\"pt-cv-meta-fields\"><span class=\"terms\"> <a href='https:\/\/events.ipv.pt\/cidei\/category\/2021\/' title='2021' class='pt-cv-tax-2021'>2021<\/a>, <a href='https:\/\/events.ipv.pt\/cidei\/category\/producao-cientifica\/artigos-em-revistas\/' title='Artigos em Revistas' class='pt-cv-tax-artigos-em-revistas'>Artigos em Revistas<\/a>, <a href='https:\/\/events.ipv.pt\/cidei\/category\/linha-investigacao\/educacao-cidadania-e-inclusao\/' title='Educa\u00e7\u00e3o Cidadania e Inclus\u00e3o' class='pt-cv-tax-educacao-cidadania-e-inclusao'>Educa\u00e7\u00e3o Cidadania e Inclus\u00e3o<\/a>, <a href='https:\/\/events.ipv.pt\/cidei\/category\/nucleo\/leiria\/' title='Leiria' class='pt-cv-tax-leiria'>Leiria<\/a>, <a href='https:\/\/events.ipv.pt\/cidei\/tag\/marta-nogueira\/' title='Marta Nogueira' class='pt-cv-tax-marta-nogueira'>Marta Nogueira<\/a><\/span><\/div><\/div><\/div>\n<div class=\"col-md-12 col-sm-12 col-xs-12 pt-cv-content-item pt-cv-1-col\" ><div class='pt-cv-ifield'><div class=\"pt-cv-content\"><p>Nogueira, M., Sousa, C., Cuadrado-Gordillo, I. (2021).<br \/>\nEmotional Intelligence, Interpersonal Communication and Integration of People With Disabilities Inserted in the Labor Market.<br \/>\n<em>International Journal of Business and Social Science, 12<\/em>(2), 106-116.<br \/>\ndoi: <a href=\"http:\/\/dx.doi.org\/10.30845\/ijbss.v12n2p9\" rel=\"noopener\" target=\"_blank\">10.30845\/ijbss.v12n2p9<\/a><\/p>\n<\/div>\n<div class=\"pt-cv-meta-fields\"><span class=\"terms\"> <a href='https:\/\/events.ipv.pt\/cidei\/category\/2021\/' title='2021' class='pt-cv-tax-2021'>2021<\/a>, <a href='https:\/\/events.ipv.pt\/cidei\/category\/producao-cientifica\/artigos-em-revistas\/' title='Artigos em Revistas' class='pt-cv-tax-artigos-em-revistas'>Artigos em Revistas<\/a>, <a href='https:\/\/events.ipv.pt\/cidei\/category\/linha-investigacao\/educacao-cidadania-e-inclusao\/' title='Educa\u00e7\u00e3o Cidadania e Inclus\u00e3o' class='pt-cv-tax-educacao-cidadania-e-inclusao'>Educa\u00e7\u00e3o Cidadania e Inclus\u00e3o<\/a>, <a href='https:\/\/events.ipv.pt\/cidei\/category\/nucleo\/leiria\/' title='Leiria' class='pt-cv-tax-leiria'>Leiria<\/a>, <a href='https:\/\/events.ipv.pt\/cidei\/tag\/marta-nogueira\/' title='Marta Nogueira' class='pt-cv-tax-marta-nogueira'>Marta Nogueira<\/a><\/span><\/div><\/div><\/div>\n<div class=\"col-md-12 col-sm-12 col-xs-12 pt-cv-content-item pt-cv-1-col\" ><div class='pt-cv-ifield'><div class=\"pt-cv-content\"><p>Nogueira, M., Sousa, C., Cuadrado-Gordillo, I. (2021).<br \/>\nEmotional Intelligence Assessment, Interpersonal Communication and Integration of People with Disabilities in the Portuguese Labour Market.<br \/>\n<em>American Research Journal of Humanities Social Science, 4<\/em>(2). 31-37.<br \/>\nRetrieved from <a href=\"https:\/\/www.arjhss.com\/wp-content\/uploads\/2021\/02\/E423137.pdf\" rel=\"noopener\" target=\"_blank\">https:\/\/www.arjhss.com\/wp-content\/uploads\/2021\/02\/E423137.pdf<\/a><\/p>\n<\/div>\n<div class=\"pt-cv-meta-fields\"><span class=\"terms\"> <a href='https:\/\/events.ipv.pt\/cidei\/category\/2021\/' title='2021' class='pt-cv-tax-2021'>2021<\/a>, <a href='https:\/\/events.ipv.pt\/cidei\/category\/producao-cientifica\/artigos-em-revistas\/' title='Artigos em Revistas' class='pt-cv-tax-artigos-em-revistas'>Artigos em Revistas<\/a>, <a href='https:\/\/events.ipv.pt\/cidei\/category\/linha-investigacao\/educacao-cidadania-e-inclusao\/' title='Educa\u00e7\u00e3o Cidadania e Inclus\u00e3o' class='pt-cv-tax-educacao-cidadania-e-inclusao'>Educa\u00e7\u00e3o Cidadania e Inclus\u00e3o<\/a>, <a href='https:\/\/events.ipv.pt\/cidei\/category\/nucleo\/leiria\/' title='Leiria' class='pt-cv-tax-leiria'>Leiria<\/a>, <a href='https:\/\/events.ipv.pt\/cidei\/tag\/marta-nogueira\/' title='Marta Nogueira' class='pt-cv-tax-marta-nogueira'>Marta Nogueira<\/a><\/span><\/div><\/div><\/div><\/div><\/div><\/div>\n<\/div>\n<\/div>\n<\/div>\n<\/div>\n<\/div>\n<div class=\"panel auto-height bgBranco espCont\">\n<div class=\"ast-container esp100-0\">\n<h4>PROJETOS<\/h4>\n<h6>competitivos<\/h6>\n<div class=\"pt-cv-wrapper\"><div class=\"pt-cv-view pt-cv-blockgrid iscvblock iscvhybrid grid1 layout1\" id=\"pt-cv-view-4e360e23pf\"><div data-id=\"pt-cv-page-1\" class=\"pt-cv-page\" data-cvc=\"4\"><div class=\" pt-cv-content-item pt-cv-1-col\" ><div class=\"pt-cv-thumb-wrapper  \"><a href=\"https:\/\/events.ipv.pt\/cidei\/2020-1-pt01-ka226-sch-094911-digitool-digital-inclusive-tool\/\" class=\"_self pt-cv-href-thumbnail pt-cv-thumb-default\" target=\"_self\" ><img loading=\"lazy\" decoding=\"async\" width=\"800\" height=\"450\" src=\"https:\/\/events.ipv.pt\/cidei\/wp-content\/uploads\/2024\/02\/digitool.jpg\" class=\"pt-cv-thumbnail\" alt=\"\" srcset=\"https:\/\/events.ipv.pt\/cidei\/wp-content\/uploads\/2024\/02\/digitool.jpg 800w, https:\/\/events.ipv.pt\/cidei\/wp-content\/uploads\/2024\/02\/digitool-300x169.jpg 300w, https:\/\/events.ipv.pt\/cidei\/wp-content\/uploads\/2024\/02\/digitool-768x432.jpg 768w, https:\/\/events.ipv.pt\/cidei\/wp-content\/uploads\/2024\/02\/digitool-18x10.jpg 18w\" sizes=\"auto, (max-width: 800px) 100vw, 800px\" \/><\/a><\/div>\n<p class=\"pt-cv-title\"><a href=\"https:\/\/events.ipv.pt\/cidei\/2020-1-pt01-ka226-sch-094911-digitool-digital-inclusive-tool\/\" class=\"_self\" target=\"_self\" >2020-1-PT01-KA226-SCH-094911 | [DiGITool] Digital inclusive Tool<\/a><\/p>\n<div class=\"pt-cv-meta-fields\"><span class=\"terms\"> <a href='https:\/\/events.ipv.pt\/cidei\/tag\/2021-2023\/' title='2021-2023' class='pt-cv-tax-2021-2023'>2021-2023<\/a>, <a href='https:\/\/events.ipv.pt\/cidei\/category\/projeto\/competitivo\/' title='competitivo' class='pt-cv-tax-competitivo'>competitivo<\/a>, <a href='https:\/\/events.ipv.pt\/cidei\/category\/estado\/concluido\/' title='concluido' class='pt-cv-tax-concluido'>concluido<\/a>, <a href='https:\/\/events.ipv.pt\/cidei\/category\/linha-investigacao\/educacao-cidadania-e-inclusao\/' title='Educa\u00e7\u00e3o Cidadania e Inclus\u00e3o' class='pt-cv-tax-educacao-cidadania-e-inclusao'>Educa\u00e7\u00e3o Cidadania e Inclus\u00e3o<\/a>, <a href='https:\/\/events.ipv.pt\/cidei\/category\/projeto\/internacional\/' title='internacional' class='pt-cv-tax-internacional'>internacional<\/a>, <a href='https:\/\/events.ipv.pt\/cidei\/category\/nucleo\/leiria\/' title='Leiria' class='pt-cv-tax-leiria'>Leiria<\/a>, <a href='https:\/\/events.ipv.pt\/cidei\/tag\/marta-nogueira\/' title='Marta Nogueira' class='pt-cv-tax-marta-nogueira'>Marta Nogueira<\/a>, <a href='https:\/\/events.ipv.pt\/cidei\/category\/projeto\/' title='projeto' class='pt-cv-tax-projeto'>projeto<\/a><\/span><\/div><\/div><\/div><\/div><\/div>\t\t\t<style type=\"text\/css\" id=\"pt-cv-inline-style-020af9ex01\">\n#pt-cv-view-4e360e23pf .pt-cv-thumb-wrapper:not(.miniwrap) {  }#pt-cv-view-4e360e23pf .pt-cv-thumbnail:not(.pt-cv-thumbnailsm) { height: 18vh; }#pt-cv-view-4e360e23pf > .pt-cv-page {grid-template-columns: repeat(4, 1fr);grid-gap: 15px;}\n@media all and (max-width: 1024px) { \n#pt-cv-view-4e360e23pf > .pt-cv-page {grid-template-columns: repeat(1, 1fr);}\n} \n@media all and (max-width: 767px) { \n#pt-cv-view-4e360e23pf > .pt-cv-page {grid-template-columns: repeat(1, 1fr);}\n} <\/style>\r\n\t\t\t\n<h6  class=\"esp20-0\">internos<\/h6>\n<div class=\"pt-cv-wrapper\"><div class=\"pt-cv-view pt-cv-blockgrid iscvblock iscvhybrid grid1 layout1\" id=\"pt-cv-view-8ece96flw1\"><div data-id=\"pt-cv-page-1\" class=\"pt-cv-page\" data-cvc=\"4\"><div class=\" pt-cv-content-item pt-cv-1-col\" ><p class=\"pt-cv-title\"><a href=\"https:\/\/events.ipv.pt\/cidei\/proj-idi-cidei-015-a-inteligencia-artificial-na-promocao-de-competencias-de-pensamento-critico-e-criativo-em-alunos-surdos\/\" class=\"_self\" target=\"_self\" >PROJ\/I&#038;DI\/CI&#038;DEI\/015 |  A INTELIG\u00caNCIA ARTIFICIAL NA PROMO\u00c7\u00c3O DE COMPET\u00caNCIAS DE PENSAMENTO CR\u00cdTICO E CRIATIVO EM ALUNOS SURDOS<\/a><\/p>\n<div class=\"pt-cv-meta-fields\"><span class=\"terms\"> <a href='https:\/\/events.ipv.pt\/cidei\/tag\/2024-2026\/' title='2024-2026' class='pt-cv-tax-2024-2026'>2024-2026<\/a>, <a href='https:\/\/events.ipv.pt\/cidei\/tag\/ana-isabel-silva\/' title='Ana Isabel Silva' class='pt-cv-tax-ana-isabel-silva'>Ana Isabel Silva<\/a>, <a href='https:\/\/events.ipv.pt\/cidei\/tag\/catarina-liane-araujo\/' title='Catarina Liane Ara\u00fajo' class='pt-cv-tax-catarina-liane-araujo'>Catarina Liane Ara\u00fajo<\/a>, <a href='https:\/\/events.ipv.pt\/cidei\/category\/linha-investigacao\/educacao-cidadania-e-inclusao\/' title='Educa\u00e7\u00e3o Cidadania e Inclus\u00e3o' class='pt-cv-tax-educacao-cidadania-e-inclusao'>Educa\u00e7\u00e3o Cidadania e Inclus\u00e3o<\/a>, <a href='https:\/\/events.ipv.pt\/cidei\/category\/estado\/em-curso\/' title='em curso' class='pt-cv-tax-em-curso'>em curso<\/a>, <a href='https:\/\/events.ipv.pt\/cidei\/tag\/filipa-rodrigues\/' title='Filipa Rodrigues' class='pt-cv-tax-filipa-rodrigues'>Filipa Rodrigues<\/a>, <a href='https:\/\/events.ipv.pt\/cidei\/category\/nucleo\/leiria\/' title='Leiria' class='pt-cv-tax-leiria'>Leiria<\/a>, <a href='https:\/\/events.ipv.pt\/cidei\/tag\/marta-nogueira\/' title='Marta Nogueira' class='pt-cv-tax-marta-nogueira'>Marta Nogueira<\/a>, <a href='https:\/\/events.ipv.pt\/cidei\/category\/projeto\/nacional\/' title='nacional' class='pt-cv-tax-nacional'>nacional<\/a>, <a href='https:\/\/events.ipv.pt\/cidei\/category\/projeto-interno\/' title='projetos internos' class='pt-cv-tax-projeto-interno'>projetos internos<\/a>, <a href='https:\/\/events.ipv.pt\/cidei\/category\/nucleo\/viseu\/' title='Viseu' class='pt-cv-tax-viseu'>Viseu<\/a><\/span><\/div><\/div><\/div><\/div><\/div>\t\t\t<style type=\"text\/css\" id=\"pt-cv-inline-style-39145aftus\">\n#pt-cv-view-8ece96flw1 .pt-cv-thumb-wrapper:not(.miniwrap) {  }#pt-cv-view-8ece96flw1 .pt-cv-thumbnail:not(.pt-cv-thumbnailsm) { height: 250px; }#pt-cv-view-8ece96flw1 > .pt-cv-page {grid-template-columns: repeat(4, 1fr);grid-gap: 15px;}\n@media all and (max-width: 1024px) { \n#pt-cv-view-8ece96flw1 > .pt-cv-page {grid-template-columns: repeat(1, 1fr);}\n} \n@media all and (max-width: 767px) { \n#pt-cv-view-8ece96flw1 > .pt-cv-page {grid-template-columns: repeat(1, 1fr);}\n} <\/style>\r\n\t\t\t\n<\/div>\n<\/div>\n","protected":false},"excerpt":{"rendered":"<p>Marta Nogueira Marta Alexandra Gon\u00e7alves Nogueira INSTITUTO POLIT\u00c9CNICO DE LEIRIA ORCID \u2022 0000-0002-9503-4451 CI\u00caNCIAVITAE \u2022 7319-1F05-DD45 internacionais livros cap\u00edtulos de livro nacionais livros cap\u00edtulos de livro artigos SCOPUS e\/ou WoS outras bases de indexa\u00e7\u00e3o abrir todos [internacionais] livros [internacionais] cap\u00edtulos de livro [nacionais] livros [nacionais] cap\u00edtulos de livro [artigos] SCOPUS e\/ou WoS [artigos] outras bases [&hellip;]<\/p>\n","protected":false},"author":1,"featured_media":0,"comment_status":"closed","ping_status":"closed","sticky":false,"template":"","format":"standard","meta":{"site-sidebar-layout":"default","site-content-layout":"","ast-site-content-layout":"full-width-container","site-content-style":"default","site-sidebar-style":"default","ast-global-header-display":"","ast-banner-title-visibility":"","ast-main-header-display":"","ast-hfb-above-header-display":"","ast-hfb-below-header-display":"","ast-hfb-mobile-header-display":"","site-post-title":"disabled","ast-breadcrumbs-content":"","ast-featured-img":"","footer-sml-layout":"","ast-disable-related-posts":"","theme-transparent-header-meta":"default","adv-header-id-meta":"","stick-header-meta":"","header-above-stick-meta":"","header-main-stick-meta":"","header-below-stick-meta":"","astra-migrate-meta-layouts":"set","ast-page-background-enabled":"default","ast-page-background-meta":{"desktop":{"background-color":"","background-image":"","background-repeat":"repeat","background-position":"center center","background-size":"auto","background-attachment":"scroll","background-type":"","background-media":"","overlay-type":"","overlay-color":"","overlay-opacity":"","overlay-gradient":""},"tablet":{"background-color":"","background-image":"","background-repeat":"repeat","background-position":"center center","background-size":"auto","background-attachment":"scroll","background-type":"","background-media":"","overlay-type":"","overlay-color":"","overlay-opacity":"","overlay-gradient":""},"mobile":{"background-color":"","background-image":"","background-repeat":"repeat","background-position":"center center","background-size":"auto","background-attachment":"scroll","background-type":"","background-media":"","overlay-type":"","overlay-color":"","overlay-opacity":"","overlay-gradient":""}},"ast-content-background-meta":{"desktop":{"background-color":"var(--ast-global-color-5)","background-image":"","background-repeat":"repeat","background-position":"center center","background-size":"auto","background-attachment":"scroll","background-type":"","background-media":"","overlay-type":"","overlay-color":"","overlay-opacity":"","overlay-gradient":""},"tablet":{"background-color":"var(--ast-global-color-5)","background-image":"","background-repeat":"repeat","background-position":"center center","background-size":"auto","background-attachment":"scroll","background-type":"","background-media":"","overlay-type":"","overlay-color":"","overlay-opacity":"","overlay-gradient":""},"mobile":{"background-color":"var(--ast-global-color-5)","background-image":"","background-repeat":"repeat","background-position":"center center","background-size":"auto","background-attachment":"scroll","background-type":"","background-media":"","overlay-type":"","overlay-color":"","overlay-opacity":"","overlay-gradient":""}},"footnotes":"","_links_to":"","_links_to_target":""},"categories":[380],"tags":[],"class_list":["post-10441","post","type-post","status-publish","format-standard","hentry","category-uncategorized-pt"],"_links":{"self":[{"href":"https:\/\/events.ipv.pt\/cidei\/wp-json\/wp\/v2\/posts\/10441","targetHints":{"allow":["GET"]}}],"collection":[{"href":"https:\/\/events.ipv.pt\/cidei\/wp-json\/wp\/v2\/posts"}],"about":[{"href":"https:\/\/events.ipv.pt\/cidei\/wp-json\/wp\/v2\/types\/post"}],"author":[{"embeddable":true,"href":"https:\/\/events.ipv.pt\/cidei\/wp-json\/wp\/v2\/users\/1"}],"replies":[{"embeddable":true,"href":"https:\/\/events.ipv.pt\/cidei\/wp-json\/wp\/v2\/comments?post=10441"}],"version-history":[{"count":8,"href":"https:\/\/events.ipv.pt\/cidei\/wp-json\/wp\/v2\/posts\/10441\/revisions"}],"predecessor-version":[{"id":20917,"href":"https:\/\/events.ipv.pt\/cidei\/wp-json\/wp\/v2\/posts\/10441\/revisions\/20917"}],"wp:attachment":[{"href":"https:\/\/events.ipv.pt\/cidei\/wp-json\/wp\/v2\/media?parent=10441"}],"wp:term":[{"taxonomy":"category","embeddable":true,"href":"https:\/\/events.ipv.pt\/cidei\/wp-json\/wp\/v2\/categories?post=10441"},{"taxonomy":"post_tag","embeddable":true,"href":"https:\/\/events.ipv.pt\/cidei\/wp-json\/wp\/v2\/tags?post=10441"}],"curies":[{"name":"wp","href":"https:\/\/api.w.org\/{rel}","templated":true}]}}