{"id":10402,"date":"2024-03-15T13:23:19","date_gmt":"2024-03-15T13:23:19","guid":{"rendered":"http:\/\/localhost\/cidei\/?p=10402"},"modified":"2026-03-18T12:15:58","modified_gmt":"2026-03-18T12:15:58","slug":"clarisse-nunes","status":"publish","type":"post","link":"https:\/\/events.ipv.pt\/cidei\/clarisse-nunes\/","title":{"rendered":"Clarisse Nunes"},"content":{"rendered":"<h6>Clarisse Nunes<\/h6>\n<h6>Maria Clarisse Alexandrino Nunes<\/h6>\n<p>INSTITUTO POLIT\u00c9CNICO DE LISBOA, Escola Superior de Educa\u00e7\u00e3o<br \/>\n<a href=\"https:\/\/orcid.org\/0000-0002-6313-3439\" target=\"_blank\">ORCID \u2022 0000-0002-6313-3439<\/a><br \/>\n<a href=\"https:\/\/cienciavitae.pt\/1714-308F-9C8C\" target=\"_blank\">CI\u00caNCIAVITAE \u2022 1714-308F-9C8C<\/a><\/p>\n<p><!--\n\n\n\n<div class=\"panel70 bannerEquipa bgBranco espCont\">\n\n\n\n<div class=\"rw\">\n\n\n<div>\n\n\n<h2>Clarisse Nunes<\/h2>\n\n\n\n\n<h4>Maria Clarisse Alexandrino Nunes<\/h4>\n\n\n\n\n<h6>INSTITUTO POLIT\u00c9CNICO DE LISBOA\nEscola Superior de Educa\u00e7\u00e3o<\/h6>\n\n\n<\/div>\n\n\n\n\n<div class=\"bRow\">\n<a href=\"https:\/\/orcid.org\/0000-0002-6313-3439\" target=\"_blank\">ORCID \u2022 0000-0002-6313-3439<\/a>\n<a href=\"https:\/\/cienciavitae.pt\/1714-308F-9C8C\" target=\"_blank\">CI\u00caNCIAVITAE \u2022 1714-308F-9C8C<\/a>\n<\/div>\n\n\n<\/div>\n\n\n\n<\/div>\n\n\n\n\n\n\n<div class=\"panel bgCinzaEscuro auto-height\">\n\n\n<div class=\"dtq bgCinzaEscuro esp20\">\n\n\n<div class=\"dtqContainer esp100 fBranco espCont\">\n\n\n\n<div class=\"rwE\">\n\n\n\n<div>\n\n\n<p class=\"esp0-20\">internacionais<\/p>\n\n\n\n\n<div class=\"bRowRed bRowRedBranco\">\n<button class=\"tablinks\" data-group=\"grupo101\" data-target=\"LI\">livros<\/button>\n<button class=\"tablinks\" data-group=\"grupo101\" data-target=\"CLI\">cap\u00edtulos de livro<\/button>\n<\/div>\n\n\n<\/div>\n\n\n\n\n\n<div>\n\n\n<p class=\"esp0-20 espMob\">nacionais<\/p>\n\n\n\n\n<div class=\"bRowRed bRowRedBranco\">\n<button class=\"tablinks\" data-group=\"grupo101\" data-target=\"LN\">livros<\/button>\n<button class=\"tablinks\" data-group=\"grupo101\" data-target=\"CLN\">cap\u00edtulos de livro<\/button>\n<\/div>\n\n\n<\/div>\n\n\n\n\n\n<div>\n\n\n<p class=\"esp0-20 espMob fBranco\">artigos<\/p>\n\n\n\n\n<div class=\"bRowRed bRowRedBranco\">\n<button class=\"tablinks\" data-group=\"grupo101\" data-target=\"ARI\">SCOPUS e\/ou WoS<\/button>\n<button class=\"tablinks\" data-group=\"grupo101\" data-target=\"AR\">outras bases de indexa\u00e7\u00e3o<\/button>\n<\/div>\n\n\n<\/div>\n\n\n\n\n\n<\/div>\n\n \n\n\n\n<div style=\"margin-top: 30px;\">\n<button class=\"toggleGroup bHCz\" data-group=\"grupo101\">abrir todos<\/button>\n<\/div>\n\n\n\n\n\n<\/div>\n\n\n\n\n\n<div class=\"pad-R-100\">\n\n\n<div class=\"fCinza\">\n\n\n<div id=\"LI\" class=\"contentEquipa bgBranco esp50\" data-group=\"grupo101\">\n[internacionais] livros\n[pt_view id=\"a14c3aad9j\"]\n<\/div>\n\n\n\n\n\n<div id=\"CLI\" class=\"contentEquipa bgBranco esp50\" data-group=\"grupo101\">\n[internacionais] cap\u00edtulos de livro\n[pt_view id=\"c578615fqn\"]\n<\/div>\n\n\n\n\n\n<div id=\"LN\" class=\"contentEquipa bgBranco esp50\" data-group=\"grupo101\">\n[nacionais] livros\n[pt_view id=\"123de30y7a\"]\n<\/div>\n\n\n\n\n\n<div id=\"CLN\" class=\"contentEquipa bgBranco esp50\" data-group=\"grupo101\">\n[nacionais] cap\u00edtulos de livro\n[pt_view id=\"00493b3o57\"]\n<\/div>\n\n\n\n\n\n<div id=\"ARI\" class=\"contentEquipa bgBranco esp50\" data-group=\"grupo101\">\n[artigos] SCOPUS e\/ou WoS\n[pt_view id=\"fcf89ab29q\"]\n<\/div>\n\n\n\n\n\n<div id=\"AR\" class=\"contentEquipa bgBranco esp50\" data-group=\"grupo101\">\n[artigos] outras bases de indexa\u00e7\u00e3o\n[pt_view id=\"73894b3y4g\"]\n<\/div>\n\n\n\n<\/div>\n\n\n<\/div>\n\n\n\n\n<\/div>\n\n\n<\/div>\n\n\n\n\n\n\n<div class=\"panel auto-height bgBranco espCont\">\n\n\n<div class=\"ast-container esp100-0\">\n\n\n<h4>PROJETOS<\/h4>\n\n\n\n\n<h6>competitivos<\/h6>\n\n\n[pt_view id=\"b29f9987gb\"]\n\n\n\n<h6 class=\"espT50\">n\u00e3o competitivos<\/h6>\n\n\n[pt_view id=\"198c7974wc\"]\n\n\n\n<h6 class=\"espT50\">internos<\/h6>\n\n\n[pt_view id=\"d4ce4cetbq\"]\n\n<\/div>\n\n\n<\/div>\n\n\n\n\n\n--><\/p>\n","protected":false},"excerpt":{"rendered":"<p>Clarisse Nunes Maria Clarisse Alexandrino Nunes INSTITUTO POLIT\u00c9CNICO DE LISBOA, Escola Superior de Educa\u00e7\u00e3o ORCID \u2022 0000-0002-6313-3439 CI\u00caNCIAVITAE \u2022 1714-308F-9C8C<\/p>\n","protected":false},"author":1,"featured_media":0,"comment_status":"closed","ping_status":"closed","sticky":false,"template":"","format":"standard","meta":{"site-sidebar-layout":"default","site-content-layout":"","ast-site-content-layout":"default","site-content-style":"default","site-sidebar-style":"default","ast-global-header-display":"","ast-banner-title-visibility":"","ast-main-header-display":"","ast-hfb-above-header-display":"","ast-hfb-below-header-display":"","ast-hfb-mobile-header-display":"","site-post-title":"disabled","ast-breadcrumbs-content":"","ast-featured-img":"","footer-sml-layout":"","ast-disable-related-posts":"","theme-transparent-header-meta":"default","adv-header-id-meta":"","stick-header-meta":"","header-above-stick-meta":"","header-main-stick-meta":"","header-below-stick-meta":"","astra-migrate-meta-layouts":"set","ast-page-background-enabled":"default","ast-page-background-meta":{"desktop":{"background-color":"","background-image":"","background-repeat":"repeat","background-position":"center center","background-size":"auto","background-attachment":"scroll","background-type":"","background-media":"","overlay-type":"","overlay-color":"","overlay-opacity":"","overlay-gradient":""},"tablet":{"background-color":"","background-image":"","background-repeat":"repeat","background-position":"center center","background-size":"auto","background-attachment":"scroll","background-type":"","background-media":"","overlay-type":"","overlay-color":"","overlay-opacity":"","overlay-gradient":""},"mobile":{"background-color":"","background-image":"","background-repeat":"repeat","background-position":"center center","background-size":"auto","background-attachment":"scroll","background-type":"","background-media":"","overlay-type":"","overlay-color":"","overlay-opacity":"","overlay-gradient":""}},"ast-content-background-meta":{"desktop":{"background-color":"var(--ast-global-color-5)","background-image":"","background-repeat":"repeat","background-position":"center center","background-size":"auto","background-attachment":"scroll","background-type":"","background-media":"","overlay-type":"","overlay-color":"","overlay-opacity":"","overlay-gradient":""},"tablet":{"background-color":"var(--ast-global-color-5)","background-image":"","background-repeat":"repeat","background-position":"center center","background-size":"auto","background-attachment":"scroll","background-type":"","background-media":"","overlay-type":"","overlay-color":"","overlay-opacity":"","overlay-gradient":""},"mobile":{"background-color":"var(--ast-global-color-5)","background-image":"","background-repeat":"repeat","background-position":"center center","background-size":"auto","background-attachment":"scroll","background-type":"","background-media":"","overlay-type":"","overlay-color":"","overlay-opacity":"","overlay-gradient":""}},"footnotes":"","_links_to":"","_links_to_target":""},"categories":[203,44,194],"tags":[230],"class_list":["post-10402","post","type-post","status-publish","format-standard","hentry","category-i_educacao-cidadania-e-inclusao","category-integrado","category-integrado-lisboa","tag-clarisse-nunes"],"_links":{"self":[{"href":"https:\/\/events.ipv.pt\/cidei\/wp-json\/wp\/v2\/posts\/10402","targetHints":{"allow":["GET"]}}],"collection":[{"href":"https:\/\/events.ipv.pt\/cidei\/wp-json\/wp\/v2\/posts"}],"about":[{"href":"https:\/\/events.ipv.pt\/cidei\/wp-json\/wp\/v2\/types\/post"}],"author":[{"embeddable":true,"href":"https:\/\/events.ipv.pt\/cidei\/wp-json\/wp\/v2\/users\/1"}],"replies":[{"embeddable":true,"href":"https:\/\/events.ipv.pt\/cidei\/wp-json\/wp\/v2\/comments?post=10402"}],"version-history":[{"count":13,"href":"https:\/\/events.ipv.pt\/cidei\/wp-json\/wp\/v2\/posts\/10402\/revisions"}],"predecessor-version":[{"id":22013,"href":"https:\/\/events.ipv.pt\/cidei\/wp-json\/wp\/v2\/posts\/10402\/revisions\/22013"}],"wp:attachment":[{"href":"https:\/\/events.ipv.pt\/cidei\/wp-json\/wp\/v2\/media?parent=10402"}],"wp:term":[{"taxonomy":"category","embeddable":true,"href":"https:\/\/events.ipv.pt\/cidei\/wp-json\/wp\/v2\/categories?post=10402"},{"taxonomy":"post_tag","embeddable":true,"href":"https:\/\/events.ipv.pt\/cidei\/wp-json\/wp\/v2\/tags?post=10402"}],"curies":[{"name":"wp","href":"https:\/\/api.w.org\/{rel}","templated":true}]}}