{"id":10398,"date":"2024-03-15T13:20:22","date_gmt":"2024-03-15T13:20:22","guid":{"rendered":"http:\/\/localhost\/cidei\/?p=10398"},"modified":"2026-02-04T14:15:26","modified_gmt":"2026-02-04T14:15:26","slug":"luis-sousa","status":"publish","type":"post","link":"https:\/\/events.ipv.pt\/cidei\/luis-sousa\/","title":{"rendered":"Lu\u00eds Sousa"},"content":{"rendered":"<div class=\"panel70 bannerEquipa bgBranco espCont\">\n<div class=\"rw\">\n<div>\n<h2>Lu\u00eds Sousa<\/h2>\n<h4>Lu\u00eds Nuno Figueiredo e Sousa<\/h4>\n<h6>INSTITUTO POLIT\u00c9CNICO DE VISEU<br \/>\nEscola Superior de Educa\u00e7\u00e3o<\/h6>\n<\/div>\n<div class=\"bRow\">\n<a href=\"https:\/\/orcid.org\/0000-0002-9249-994X\" target=\"_blank\">ORCID \u2022 0000-0002-9249-994X<\/a><br \/>\n<a href=\"https:\/\/cienciavitae.pt\/1311-89F6-B2CE\" target=\"_blank\">CI\u00caNCIAVITAE \u2022 1311-89F6-B2CE<\/a>\n<\/div>\n<\/div>\n<\/div>\n<div class=\"panel bgCinzaEscuro auto-height\">\n<div class=\"dtq bgCinzaEscuro esp20\">\n<div class=\"dtqContainer esp100 fBranco espCont\">\n<div class=\"rwE\">\n<div>\n<p class=\"esp0-20\">internacionais<\/p>\n<div class=\"bRowRed bRowRedBranco\">\n<button class=\"tablinks\" data-group=\"grupo101\" data-target=\"LI\">livros<\/button><br \/>\n<button class=\"tablinks\" data-group=\"grupo101\" data-target=\"CLI\">cap\u00edtulos de livro<\/button>\n<\/div>\n<\/div>\n<div>\n<p class=\"esp0-20 espMob\">nacionais<\/p>\n<div class=\"bRowRed bRowRedBranco\">\n<button class=\"tablinks\" data-group=\"grupo101\" data-target=\"LN\">livros<\/button><br \/>\n<button class=\"tablinks\" data-group=\"grupo101\" data-target=\"CLN\">cap\u00edtulos de livro<\/button>\n<\/div>\n<\/div>\n<div>\n<p class=\"esp0-20 espMob fBranco\">artigos<\/p>\n<div class=\"bRowRed bRowRedBranco\">\n<button class=\"tablinks\" data-group=\"grupo101\" data-target=\"ARI\">SCOPUS e\/ou WoS<\/button><br \/>\n<button class=\"tablinks\" data-group=\"grupo101\" data-target=\"AR\">outras bases de indexa\u00e7\u00e3o<\/button>\n<\/div>\n<\/div>\n<\/div>\n<div style=\"margin-top: 30px;\">\n<button class=\"toggleGroup bHCz\" data-group=\"grupo101\">abrir todos<\/button>\n<\/div>\n<\/div>\n<div class=\"pad-R-100\">\n<div class=\"fCinza\">\n<div id=\"LI\" class=\"contentEquipa bgBranco esp50\" data-group=\"grupo101\">\n[internacionais] livros<br \/>\n<div class=\"pt-cv-wrapper\"><div class=\"pt-cv-view pt-cv-grid pt-cv-colsys\" id=\"pt-cv-view-a60fe44rhc\"><div data-id=\"pt-cv-page-1\" class=\"pt-cv-page cv-npf\" data-cvc=\"1\"><div class=\"col-md-12 col-sm-12 col-xs-12 pt-cv-content-item pt-cv-1-col\" ><div class='pt-cv-ifield'><div class=\"pt-cv-no-post\">N\u00e3o foram encontrados artigos.<\/div><\/div><\/div><\/div><\/div><\/div>\n<\/div>\n<div id=\"CLI\" class=\"contentEquipa bgBranco esp50\" data-group=\"grupo101\">\n[internacionais] cap\u00edtulos de livro<br \/>\n<div class=\"pt-cv-wrapper\"><div class=\"pt-cv-view pt-cv-grid pt-cv-colsys\" id=\"pt-cv-view-f9a51566s0\"><div data-id=\"pt-cv-page-1\" class=\"pt-cv-page cv-npf\" data-cvc=\"1\"><div class=\"col-md-12 col-sm-12 col-xs-12 pt-cv-content-item pt-cv-1-col\" ><div class='pt-cv-ifield'><div class=\"pt-cv-no-post\">N\u00e3o foram encontrados artigos.<\/div><\/div><\/div><\/div><\/div><\/div>\n<\/div>\n<div id=\"LN\" class=\"contentEquipa bgBranco esp50\" data-group=\"grupo101\">\n[nacionais] livros<br \/>\n<div class=\"pt-cv-wrapper\"><div class=\"pt-cv-view pt-cv-grid pt-cv-colsys\" id=\"pt-cv-view-4105c08o1p\"><div data-id=\"pt-cv-page-1\" class=\"pt-cv-page cv-npf\" data-cvc=\"1\"><div class=\"col-md-12 col-sm-12 col-xs-12 pt-cv-content-item pt-cv-1-col\" ><div class='pt-cv-ifield'><div class=\"pt-cv-no-post\">N\u00e3o foram encontrados artigos.<\/div><\/div><\/div><\/div><\/div><\/div>\n<\/div>\n<div id=\"CLN\" class=\"contentEquipa bgBranco esp50\" data-group=\"grupo101\">\n[nacionais] cap\u00edtulos de livro<br \/>\n<div class=\"pt-cv-wrapper\"><div class=\"pt-cv-view pt-cv-grid pt-cv-colsys\" id=\"pt-cv-view-b80c48dcpo\"><div data-id=\"pt-cv-page-1\" class=\"pt-cv-page\" data-cvc=\"1\"><div class=\"col-md-12 col-sm-12 col-xs-12 pt-cv-content-item pt-cv-1-col\" ><div class='pt-cv-ifield'><div class=\"pt-cv-content\"><p>Amaro, S., Sousa, L., Esp\u00edrito Santo, P. (2022).<br \/>\nAs pr\u00e1ticas sustent\u00e1veis e a preocupa\u00e7\u00e3o ambiental dos portugueses: um estudo explorat\u00f3rio.<br \/>\nIn Augusto, L., Campos, S., Mota, M., Pato, M. L., Santo, P., Santos, S., Silva, P., Sousa, L (Eds.), <em>Comunica\u00e7\u00e3o e Sustentabilidade Ambiental: Conceitos e Pr\u00e1ticas<\/em>.<br \/>\nViseu: Edi\u00e7\u00f5es Esgostas. ISBN: 978-989-9092-84-6<\/p>\n<\/div>\n<div class=\"pt-cv-meta-fields\"><span class=\"terms\"> <a href='https:\/\/events.ipv.pt\/cidei\/category\/2022\/' title='2022' class='pt-cv-tax-2022'>2022<\/a>, <a href='https:\/\/events.ipv.pt\/cidei\/category\/producao-cientifica\/capitulos-de-livro-de-edicao-nacional\/' title='Cap\u00edtulos de Livro de Edi\u00e7\u00e3o Nacional' class='pt-cv-tax-capitulos-de-livro-de-edicao-nacional'>Cap\u00edtulos de Livro de Edi\u00e7\u00e3o Nacional<\/a>, <a href='https:\/\/events.ipv.pt\/cidei\/tag\/luis-sousa\/' title='Lu\u00eds Sousa' class='pt-cv-tax-luis-sousa'>Lu\u00eds Sousa<\/a>, <a href='https:\/\/events.ipv.pt\/cidei\/category\/nucleo\/viseu\/' title='Viseu' class='pt-cv-tax-viseu'>Viseu<\/a><\/span><\/div><\/div><\/div>\n<div class=\"col-md-12 col-sm-12 col-xs-12 pt-cv-content-item pt-cv-1-col\" ><div class='pt-cv-ifield'><div class=\"pt-cv-content\"><p>Sousa, L., Cardoso, A. P., Santos, M. J., Campos, S. &#038; Paiva T. (2021).<br \/>\nEnsino polit\u00e9cnico: Contextos sociais, motiva\u00e7\u00f5es de acesso e compet\u00eancias emocionais.<br \/>\nIn\u00a0<em>Compet\u00eancias emocionais e preven\u00e7\u00e3o do abandono no ensino superior<\/em> (pp. 20-35).<br \/>\nViseu, Portugal: Edi\u00e7\u00f5es Esgotadas.<\/p>\n<\/div>\n<div class=\"pt-cv-meta-fields\"><span class=\"terms\"> <a href='https:\/\/events.ipv.pt\/cidei\/category\/2021\/' title='2021' class='pt-cv-tax-2021'>2021<\/a>, <a href='https:\/\/events.ipv.pt\/cidei\/tag\/ana-paula-cardoso\/' title='Ana Paula Cardoso' class='pt-cv-tax-ana-paula-cardoso'>Ana Paula Cardoso<\/a>, <a href='https:\/\/events.ipv.pt\/cidei\/category\/producao-cientifica\/capitulos-de-livro-de-edicao-nacional\/' title='Cap\u00edtulos de Livro de Edi\u00e7\u00e3o Nacional' class='pt-cv-tax-capitulos-de-livro-de-edicao-nacional'>Cap\u00edtulos de Livro de Edi\u00e7\u00e3o Nacional<\/a>, <a href='https:\/\/events.ipv.pt\/cidei\/category\/nucleo\/guarda\/' title='Guarda' class='pt-cv-tax-guarda'>Guarda<\/a>, <a href='https:\/\/events.ipv.pt\/cidei\/category\/nucleo\/leiria\/' title='Leiria' class='pt-cv-tax-leiria'>Leiria<\/a>, <a href='https:\/\/events.ipv.pt\/cidei\/tag\/luis-sousa\/' title='Lu\u00eds Sousa' class='pt-cv-tax-luis-sousa'>Lu\u00eds Sousa<\/a>, <a href='https:\/\/events.ipv.pt\/cidei\/tag\/maria-joao-santos\/' title='Maria Jo\u00e3o Santos' class='pt-cv-tax-maria-joao-santos'>Maria Jo\u00e3o Santos<\/a>, <a href='https:\/\/events.ipv.pt\/cidei\/category\/linha-investigacao\/politicas-educativas-didaticas-e-formacao\/' title='Pol\u00edticas Educativas Did\u00e1ticas e Forma\u00e7\u00e3o' class='pt-cv-tax-politicas-educativas-didaticas-e-formacao'>Pol\u00edticas Educativas Did\u00e1ticas e Forma\u00e7\u00e3o<\/a>, <a href='https:\/\/events.ipv.pt\/cidei\/tag\/teresa-paiva\/' title='Teresa Paiva' class='pt-cv-tax-teresa-paiva'>Teresa Paiva<\/a>, <a href='https:\/\/events.ipv.pt\/cidei\/category\/nucleo\/viseu\/' title='Viseu' class='pt-cv-tax-viseu'>Viseu<\/a><\/span><\/div><\/div><\/div><\/div><\/div><\/div>\n<\/div>\n<div id=\"ARI\" class=\"contentEquipa bgBranco esp50\" data-group=\"grupo101\">\n[artigos] SCOPUS e\/ou WoS<br \/>\n<div class=\"pt-cv-wrapper\"><div class=\"pt-cv-view pt-cv-grid pt-cv-colsys\" id=\"pt-cv-view-ebf06756z2\"><div data-id=\"pt-cv-page-1\" class=\"pt-cv-page cv-npf\" data-cvc=\"1\"><div class=\"col-md-12 col-sm-12 col-xs-12 pt-cv-content-item pt-cv-1-col\" ><div class='pt-cv-ifield'><div class=\"pt-cv-no-post\">N\u00e3o foram encontrados artigos.<\/div><\/div><\/div><\/div><\/div><\/div>\n<\/div>\n<div id=\"AR\" class=\"contentEquipa bgBranco esp50\" data-group=\"grupo101\">\n[artigos] outras bases de indexa\u00e7\u00e3o<br \/>\n<div class=\"pt-cv-wrapper\"><div class=\"pt-cv-view pt-cv-grid pt-cv-colsys\" id=\"pt-cv-view-19a835ckbm\"><div data-id=\"pt-cv-page-1\" class=\"pt-cv-page\" data-cvc=\"1\"><div class=\"col-md-12 col-sm-12 col-xs-12 pt-cv-content-item pt-cv-1-col\" ><div class='pt-cv-ifield'><div class=\"pt-cv-content\"><p>Sousa, L. N. (2021).<br \/>\nContextos de democratiza\u00e7\u00e3o do acesso ao ensino superior: uma abordagem sociol\u00f3gica sobre o Instituto Polit\u00e9cnico de Viseu.<br \/>\n<em>Sociologia: Revista da Faculdade de Letras da Universidade do Porto, XLII<\/em> (43-60).<br \/>\nRetrieved from <a href=\"https:\/\/ojs.letras.up.pt\/index.php\/Sociologia\/article\/view\/11330\/10399\" rel=\"noopener\" target=\"_blank\">https:\/\/ojs.letras.up.pt\/index.php\/Sociologia\/article\/view\/11330\/10399<\/a><\/p>\n<\/div>\n<div class=\"pt-cv-meta-fields\"><span class=\"terms\"> <a href='https:\/\/events.ipv.pt\/cidei\/category\/2021\/' title='2021' class='pt-cv-tax-2021'>2021<\/a>, <a href='https:\/\/events.ipv.pt\/cidei\/category\/producao-cientifica\/artigos-em-revistas\/' title='Artigos em Revistas' class='pt-cv-tax-artigos-em-revistas'>Artigos em Revistas<\/a>, <a href='https:\/\/events.ipv.pt\/cidei\/category\/linha-investigacao\/educacao-cidadania-e-inclusao\/' title='Educa\u00e7\u00e3o Cidadania e Inclus\u00e3o' class='pt-cv-tax-educacao-cidadania-e-inclusao'>Educa\u00e7\u00e3o Cidadania e Inclus\u00e3o<\/a>, <a href='https:\/\/events.ipv.pt\/cidei\/tag\/luis-sousa\/' title='Lu\u00eds Sousa' class='pt-cv-tax-luis-sousa'>Lu\u00eds Sousa<\/a>, <a href='https:\/\/events.ipv.pt\/cidei\/category\/nucleo\/viseu\/' title='Viseu' class='pt-cv-tax-viseu'>Viseu<\/a><\/span><\/div><\/div><\/div><\/div><\/div><\/div>\n<\/div>\n<\/div>\n<\/div>\n<\/div>\n<\/div>\n<div class=\"panel auto-height bgBranco espCont\">\n<div class=\"ast-container esp100-0\">\n<h4>PROJETOS<\/h4>\n<h6>competitivos<\/h6>\n<div class=\"pt-cv-wrapper\"><div class=\"pt-cv-view pt-cv-blockgrid iscvblock iscvhybrid grid1 layout1\" id=\"pt-cv-view-507a4473il\"><div data-id=\"pt-cv-page-1\" class=\"pt-cv-page\" data-cvc=\"4\"><div class=\" pt-cv-content-item pt-cv-1-col\" ><div class=\"pt-cv-thumb-wrapper  \"><a href=\"https:\/\/events.ipv.pt\/cidei\/centro-01-0246-feder-000044-ecossistema-de-inovacao-inteligente-da-regiao-centrobr-membros-do-cidei-luis-sousa\/\" class=\"_self pt-cv-href-thumbnail pt-cv-thumb-default\" target=\"_self\" ><img loading=\"lazy\" decoding=\"async\" width=\"638\" height=\"638\" src=\"https:\/\/events.ipv.pt\/cidei\/wp-content\/uploads\/2025\/01\/brand9_pt-1-png.avif\" class=\"pt-cv-thumbnail\" alt=\"\" srcset=\"https:\/\/events.ipv.pt\/cidei\/wp-content\/uploads\/2025\/01\/brand9_pt-1-png.avif 638w, https:\/\/events.ipv.pt\/cidei\/wp-content\/uploads\/2025\/01\/brand9_pt-1-300x300.avif 300w, https:\/\/events.ipv.pt\/cidei\/wp-content\/uploads\/2025\/01\/brand9_pt-1-150x150.avif 150w, https:\/\/events.ipv.pt\/cidei\/wp-content\/uploads\/2025\/01\/brand9_pt-1-12x12.avif 12w\" sizes=\"auto, (max-width: 638px) 100vw, 638px\" \/><\/a><\/div>\n<p class=\"pt-cv-title\"><a href=\"https:\/\/events.ipv.pt\/cidei\/centro-01-0246-feder-000044-ecossistema-de-inovacao-inteligente-da-regiao-centrobr-membros-do-cidei-luis-sousa\/\" class=\"_self\" target=\"_self\" >CENTRO 01-0246-FEDER-000044 | InovC+ ECOSSISTEMA DE INOVA\u00c7\u00c3O INTELIGENTE DA REGI\u00c3O CENTRO<\/a><\/p>\n<div class=\"pt-cv-meta-fields\"><span class=\"terms\"> <a href='https:\/\/events.ipv.pt\/cidei\/tag\/2021-2022\/' title='2021-2022' class='pt-cv-tax-2021-2022'>2021-2022<\/a>, <a href='https:\/\/events.ipv.pt\/cidei\/category\/projeto\/competitivo\/' title='competitivo' class='pt-cv-tax-competitivo'>competitivo<\/a>, <a href='https:\/\/events.ipv.pt\/cidei\/category\/estado\/concluido\/' title='concluido' class='pt-cv-tax-concluido'>concluido<\/a>, <a href='https:\/\/events.ipv.pt\/cidei\/category\/nucleo\/guarda\/' title='Guarda' class='pt-cv-tax-guarda'>Guarda<\/a>, <a href='https:\/\/events.ipv.pt\/cidei\/tag\/luis-sousa\/' title='Lu\u00eds Sousa' class='pt-cv-tax-luis-sousa'>Lu\u00eds Sousa<\/a>, <a href='https:\/\/events.ipv.pt\/cidei\/category\/projeto\/nacional\/' title='nacional' class='pt-cv-tax-nacional'>nacional<\/a>, <a href='https:\/\/events.ipv.pt\/cidei\/category\/projeto\/' title='projeto' class='pt-cv-tax-projeto'>projeto<\/a>, <a href='https:\/\/events.ipv.pt\/cidei\/tag\/teresa-paiva\/' title='Teresa Paiva' class='pt-cv-tax-teresa-paiva'>Teresa Paiva<\/a>, <a href='https:\/\/events.ipv.pt\/cidei\/category\/nucleo\/viseu\/' title='Viseu' class='pt-cv-tax-viseu'>Viseu<\/a><\/span><\/div><\/div>\n<div class=\" pt-cv-content-item pt-cv-1-col\" ><div class=\"pt-cv-thumb-wrapper  \"><a href=\"https:\/\/events.ipv.pt\/cidei\/proj-ipv-idi-012-comunicacao-e-sustentabilidade-ambiental-praticas-das-cidades-e-comportamentos-dos-publicos\/\" class=\"_self pt-cv-href-thumbnail pt-cv-thumb-default\" target=\"_self\" ><img loading=\"lazy\" decoding=\"async\" width=\"638\" height=\"638\" src=\"https:\/\/events.ipv.pt\/cidei\/wp-content\/uploads\/2025\/01\/brand1_pt.png\" class=\"pt-cv-thumbnail\" alt=\"\" srcset=\"https:\/\/events.ipv.pt\/cidei\/wp-content\/uploads\/2025\/01\/brand1_pt.png 638w, https:\/\/events.ipv.pt\/cidei\/wp-content\/uploads\/2025\/01\/brand1_pt-300x300.avif 300w, https:\/\/events.ipv.pt\/cidei\/wp-content\/uploads\/2025\/01\/brand1_pt-150x150.avif 150w, https:\/\/events.ipv.pt\/cidei\/wp-content\/uploads\/2025\/01\/brand1_pt-12x12.avif 12w\" sizes=\"auto, (max-width: 638px) 100vw, 638px\" \/><\/a><\/div>\n<p class=\"pt-cv-title\"><a href=\"https:\/\/events.ipv.pt\/cidei\/proj-ipv-idi-012-comunicacao-e-sustentabilidade-ambiental-praticas-das-cidades-e-comportamentos-dos-publicos\/\" class=\"_self\" target=\"_self\" >PROJ\/IPV\/ID&#038;I\/012 | COMUNICA\u00c7\u00c3O E SUSTENTABILIDADE AMBIENTAL: PR\u00c1TICAS DAS CIDADES E COMPORTAMENTOS DOS P\u00daBLICOS<\/a><\/p>\n<div class=\"pt-cv-meta-fields\"><span class=\"terms\"> <a href='https:\/\/events.ipv.pt\/cidei\/tag\/2021-2022\/' title='2021-2022' class='pt-cv-tax-2021-2022'>2021-2022<\/a>, <a href='https:\/\/events.ipv.pt\/cidei\/category\/projeto\/competitivo\/' title='competitivo' class='pt-cv-tax-competitivo'>competitivo<\/a>, <a href='https:\/\/events.ipv.pt\/cidei\/category\/estado\/concluido\/' title='concluido' class='pt-cv-tax-concluido'>concluido<\/a>, <a href='https:\/\/events.ipv.pt\/cidei\/tag\/luis-sousa\/' title='Lu\u00eds Sousa' class='pt-cv-tax-luis-sousa'>Lu\u00eds Sousa<\/a>, <a href='https:\/\/events.ipv.pt\/cidei\/category\/projeto\/nacional\/' title='nacional' class='pt-cv-tax-nacional'>nacional<\/a>, <a href='https:\/\/events.ipv.pt\/cidei\/category\/projeto\/' title='projeto' class='pt-cv-tax-projeto'>projeto<\/a>, <a href='https:\/\/events.ipv.pt\/cidei\/category\/nucleo\/viseu\/' title='Viseu' class='pt-cv-tax-viseu'>Viseu<\/a><\/span><\/div><\/div>\n<div class=\" pt-cv-content-item pt-cv-1-col\" ><div class=\"pt-cv-thumb-wrapper  \"><a href=\"https:\/\/events.ipv.pt\/cidei\/vias-viseuinteragestories-historias-intergeracionais-em-viseu-uma-aplicacao-movel-para-a-inclusao-social-e-habitos-de-vida\/\" class=\"_self pt-cv-href-thumbnail pt-cv-thumb-default\" target=\"_self\" ><img loading=\"lazy\" decoding=\"async\" width=\"800\" height=\"450\" src=\"https:\/\/events.ipv.pt\/cidei\/wp-content\/uploads\/2017\/02\/VIAS.jpg\" class=\"pt-cv-thumbnail\" alt=\"\" srcset=\"https:\/\/events.ipv.pt\/cidei\/wp-content\/uploads\/2017\/02\/VIAS.jpg 800w, https:\/\/events.ipv.pt\/cidei\/wp-content\/uploads\/2017\/02\/VIAS-300x169.jpg 300w, https:\/\/events.ipv.pt\/cidei\/wp-content\/uploads\/2017\/02\/VIAS-768x432.jpg 768w, https:\/\/events.ipv.pt\/cidei\/wp-content\/uploads\/2017\/02\/VIAS-18x10.jpg 18w\" sizes=\"auto, (max-width: 800px) 100vw, 800px\" \/><\/a><\/div>\n<p class=\"pt-cv-title\"><a href=\"https:\/\/events.ipv.pt\/cidei\/vias-viseuinteragestories-historias-intergeracionais-em-viseu-uma-aplicacao-movel-para-a-inclusao-social-e-habitos-de-vida\/\" class=\"_self\" target=\"_self\" >CENTRO-01-0145-FEDER-023485 | VIAS \u2022 VISEUINTERAGESTORIES HIST\u00d3RIAS INTERGERACIONAIS EM VISEU: UMA APLICA\u00c7\u00c3O M\u00d3VEL PARA A INCLUS\u00c3O SOCIAL E H\u00c1BITOS DE VIDA<\/a><\/p>\n<div class=\"pt-cv-meta-fields\"><span class=\"terms\"> <a href='https:\/\/events.ipv.pt\/cidei\/tag\/2017-2018\/' title='2017-2018' class='pt-cv-tax-2017-2018'>2017-2018<\/a>, <a href='https:\/\/events.ipv.pt\/cidei\/tag\/abel-figueiredo\/' title='Abel Figueiredo' class='pt-cv-tax-abel-figueiredo'>Abel Figueiredo<\/a>, <a href='https:\/\/events.ipv.pt\/cidei\/tag\/antonino-pereira\/' title='Antonino Pereira' class='pt-cv-tax-antonino-pereira'>Antonino Pereira<\/a>, <a href='https:\/\/events.ipv.pt\/cidei\/category\/projeto\/competitivo\/' title='competitivo' class='pt-cv-tax-competitivo'>competitivo<\/a>, <a href='https:\/\/events.ipv.pt\/cidei\/category\/estado\/concluido\/' title='concluido' class='pt-cv-tax-concluido'>concluido<\/a>, <a href='https:\/\/events.ipv.pt\/cidei\/tag\/cristina-azevedo-gomes\/' title='Cristina Azevedo Gomes' class='pt-cv-tax-cristina-azevedo-gomes'>Cristina Azevedo Gomes<\/a>, <a href='https:\/\/events.ipv.pt\/cidei\/tag\/esperanca-ribeiro\/' title='Esperan\u00e7a Ribeiro' class='pt-cv-tax-esperanca-ribeiro'>Esperan\u00e7a Ribeiro<\/a>, <a href='https:\/\/events.ipv.pt\/cidei\/tag\/francisco-mendes\/' title='Francisco Mendes' class='pt-cv-tax-francisco-mendes'>Francisco Mendes<\/a>, <a href='https:\/\/events.ipv.pt\/cidei\/tag\/jose-pereira\/' title='Jos\u00e9 Pereira' class='pt-cv-tax-jose-pereira'>Jos\u00e9 Pereira<\/a>, <a href='https:\/\/events.ipv.pt\/cidei\/tag\/luis-sousa\/' title='Lu\u00eds Sousa' class='pt-cv-tax-luis-sousa'>Lu\u00eds Sousa<\/a>, <a href='https:\/\/events.ipv.pt\/cidei\/tag\/maria-pacheco-figueiredo\/' title='Maria Pacheco Figueiredo' class='pt-cv-tax-maria-pacheco-figueiredo'>Maria Pacheco Figueiredo<\/a>, <a href='https:\/\/events.ipv.pt\/cidei\/category\/projeto\/nacional\/' title='nacional' class='pt-cv-tax-nacional'>nacional<\/a>, <a href='https:\/\/events.ipv.pt\/cidei\/tag\/nidia-morais\/' title='N\u00eddia Morais' class='pt-cv-tax-nidia-morais'>N\u00eddia Morais<\/a>, <a href='https:\/\/events.ipv.pt\/cidei\/tag\/paulo-eira\/' title='Paulo Eira' class='pt-cv-tax-paulo-eira'>Paulo Eira<\/a>, <a href='https:\/\/events.ipv.pt\/cidei\/tag\/pedro-rito\/' title='Pedro Rito' class='pt-cv-tax-pedro-rito'>Pedro Rito<\/a>, <a href='https:\/\/events.ipv.pt\/cidei\/category\/projeto\/' title='projeto' class='pt-cv-tax-projeto'>projeto<\/a>, <a href='https:\/\/events.ipv.pt\/cidei\/tag\/sara-felizardo\/' title='Sara Felizardo' class='pt-cv-tax-sara-felizardo'>Sara Felizardo<\/a>, <a href='https:\/\/events.ipv.pt\/cidei\/tag\/sonia-ferreira\/' title='S\u00f3nia Ferreira' class='pt-cv-tax-sonia-ferreira'>S\u00f3nia Ferreira<\/a>, <a href='https:\/\/events.ipv.pt\/cidei\/tag\/susana-fidalgo\/' title='Susana Fidalgo' class='pt-cv-tax-susana-fidalgo'>Susana Fidalgo<\/a>, <a href='https:\/\/events.ipv.pt\/cidei\/tag\/teresa-gouveia\/' title='Teresa Gouveia' class='pt-cv-tax-teresa-gouveia'>Teresa Gouveia<\/a>, <a href='https:\/\/events.ipv.pt\/cidei\/category\/linha-investigacao\/tic-e-multimedia-na-educacao\/' title='TIC e Multim\u00e9dia na Educa\u00e7\u00e3o' class='pt-cv-tax-tic-e-multimedia-na-educacao'>TIC e Multim\u00e9dia na Educa\u00e7\u00e3o<\/a>, <a href='https:\/\/events.ipv.pt\/cidei\/category\/nucleo\/viseu\/' title='Viseu' class='pt-cv-tax-viseu'>Viseu<\/a><\/span><\/div><\/div><\/div><\/div><\/div>\t\t\t<style type=\"text\/css\" id=\"pt-cv-inline-style-9382141a2y\">\n#pt-cv-view-507a4473il .pt-cv-thumb-wrapper:not(.miniwrap) {  }#pt-cv-view-507a4473il .pt-cv-thumbnail:not(.pt-cv-thumbnailsm) { height: 18vh; }#pt-cv-view-507a4473il > .pt-cv-page {grid-template-columns: repeat(4, 1fr);grid-gap: 15px;}\n@media all and (max-width: 1024px) { \n#pt-cv-view-507a4473il > .pt-cv-page {grid-template-columns: repeat(1, 1fr);}\n} \n@media all and (max-width: 767px) { \n#pt-cv-view-507a4473il > .pt-cv-page {grid-template-columns: repeat(1, 1fr);}\n} <\/style>\r\n\t\t\t\n<h6  class=\"esp20-0\">internos<\/h6>\n<div class=\"pt-cv-wrapper\"><div class=\"pt-cv-view pt-cv-blockgrid iscvblock iscvhybrid grid1 layout1\" id=\"pt-cv-view-e723d23bse\"><div data-id=\"pt-cv-page-1\" class=\"pt-cv-page\" data-cvc=\"4\"><div class=\" pt-cv-content-item pt-cv-1-col\" ><p class=\"pt-cv-title\"><a href=\"https:\/\/events.ipv.pt\/cidei\/percursos-formativos-empreendedorismo-e-transicao-para-o-mercado-de-trabalho-perspetivas-sobre-o-ensino-superior-politecnico-em-portugal-membros-do-cidei-luis-sousa-ir-ana-paula-cardoso-manue\/\" class=\"_self\" target=\"_self\" >PERCURSOS FORMATIVOS, EMPREENDEDORISMO E TRANSI\u00c7\u00c3O PARA O MERCADO DE TRABALHO: PERSPETIVAS SOBRE O ENSINO SUPERIOR POLIT\u00c9CNICO EM PORTUGAL<\/a><\/p>\n<div class=\"pt-cv-meta-fields\"><span class=\"terms\"> <a href='https:\/\/events.ipv.pt\/cidei\/tag\/2019-2021\/' title='2019-2021' class='pt-cv-tax-2019-2021'>2019-2021<\/a>, <a href='https:\/\/events.ipv.pt\/cidei\/tag\/ana-costa-lopes\/' title='Ana Costa Lopes' class='pt-cv-tax-ana-costa-lopes'>Ana Costa Lopes<\/a>, <a href='https:\/\/events.ipv.pt\/cidei\/tag\/ana-paula-cardoso\/' title='Ana Paula Cardoso' class='pt-cv-tax-ana-paula-cardoso'>Ana Paula Cardoso<\/a>, <a href='https:\/\/events.ipv.pt\/cidei\/category\/estado\/concluido\/' title='concluido' class='pt-cv-tax-concluido'>concluido<\/a>, <a href='https:\/\/events.ipv.pt\/cidei\/tag\/graca-seco\/' title='Gra\u00e7a Seco' class='pt-cv-tax-graca-seco'>Gra\u00e7a Seco<\/a>, <a href='https:\/\/events.ipv.pt\/cidei\/category\/nucleo\/guarda\/' title='Guarda' class='pt-cv-tax-guarda'>Guarda<\/a>, <a href='https:\/\/events.ipv.pt\/cidei\/tag\/helia-pinto\/' title='H\u00e9lia Pinto' class='pt-cv-tax-helia-pinto'>H\u00e9lia Pinto<\/a>, <a href='https:\/\/events.ipv.pt\/cidei\/tag\/isabel-pereira\/' title='Isabel Pereira' class='pt-cv-tax-isabel-pereira'>Isabel Pereira<\/a>, <a href='https:\/\/events.ipv.pt\/cidei\/category\/nucleo\/leiria\/' title='Leiria' class='pt-cv-tax-leiria'>Leiria<\/a>, <a href='https:\/\/events.ipv.pt\/cidei\/tag\/luis-sousa\/' title='Lu\u00eds Sousa' class='pt-cv-tax-luis-sousa'>Lu\u00eds Sousa<\/a>, <a href='https:\/\/events.ipv.pt\/cidei\/tag\/maria-do-ceu-ribeiro\/' title='Maria do C\u00e9u Ribeiro' class='pt-cv-tax-maria-do-ceu-ribeiro'>Maria do C\u00e9u Ribeiro<\/a>, <a href='https:\/\/events.ipv.pt\/cidei\/tag\/maria-joao-santos\/' title='Maria Jo\u00e3o Santos' class='pt-cv-tax-maria-joao-santos'>Maria Jo\u00e3o Santos<\/a>, <a href='https:\/\/events.ipv.pt\/cidei\/tag\/marilia-castro\/' title='Mar\u00edlia Castro' class='pt-cv-tax-marilia-castro'>Mar\u00edlia Castro<\/a>, <a href='https:\/\/events.ipv.pt\/cidei\/tag\/marta-fonseca\/' title='Marta Fonseca' class='pt-cv-tax-marta-fonseca'>Marta Fonseca<\/a>, <a href='https:\/\/events.ipv.pt\/cidei\/category\/projeto\/nacional\/' title='nacional' class='pt-cv-tax-nacional'>nacional<\/a>, <a href='https:\/\/events.ipv.pt\/cidei\/tag\/pedro-tadeu\/' title='Pedro Tadeu' class='pt-cv-tax-pedro-tadeu'>Pedro Tadeu<\/a>, <a href='https:\/\/events.ipv.pt\/cidei\/category\/projeto-interno\/' title='projetos internos' class='pt-cv-tax-projeto-interno'>projetos internos<\/a>, <a href='https:\/\/events.ipv.pt\/cidei\/tag\/romain-gillain\/' title='Romain Gillain' class='pt-cv-tax-romain-gillain'>Romain Gillain<\/a>, <a href='https:\/\/events.ipv.pt\/cidei\/tag\/sandrina-milhano\/' title='Sandrina Milhano' class='pt-cv-tax-sandrina-milhano'>Sandrina Milhano<\/a>, <a href='https:\/\/events.ipv.pt\/cidei\/tag\/teresa-paiva\/' title='Teresa Paiva' class='pt-cv-tax-teresa-paiva'>Teresa Paiva<\/a>, <a href='https:\/\/events.ipv.pt\/cidei\/category\/nucleo\/viseu\/' title='Viseu' class='pt-cv-tax-viseu'>Viseu<\/a><\/span><\/div><\/div><\/div><\/div><\/div>\t\t\t<style type=\"text\/css\" id=\"pt-cv-inline-style-5b0a9e2d4p\">\n#pt-cv-view-e723d23bse .pt-cv-thumb-wrapper:not(.miniwrap) {  }#pt-cv-view-e723d23bse .pt-cv-thumbnail:not(.pt-cv-thumbnailsm) { height: 250px; }#pt-cv-view-e723d23bse > .pt-cv-page {grid-template-columns: repeat(4, 1fr);grid-gap: 15px;}\n@media all and (max-width: 1024px) { \n#pt-cv-view-e723d23bse > .pt-cv-page {grid-template-columns: repeat(1, 1fr);}\n} \n@media all and (max-width: 767px) { \n#pt-cv-view-e723d23bse > .pt-cv-page {grid-template-columns: repeat(1, 1fr);}\n} <\/style>\r\n\t\t\t\n<\/div>\n<\/div>\n","protected":false},"excerpt":{"rendered":"<p>Lu\u00eds Sousa Lu\u00eds Nuno Figueiredo e Sousa INSTITUTO POLIT\u00c9CNICO DE VISEU Escola Superior de Educa\u00e7\u00e3o ORCID \u2022 0000-0002-9249-994X CI\u00caNCIAVITAE \u2022 1311-89F6-B2CE internacionais livros cap\u00edtulos de livro nacionais livros cap\u00edtulos de livro artigos SCOPUS e\/ou WoS outras bases de indexa\u00e7\u00e3o abrir todos [internacionais] livros [internacionais] cap\u00edtulos de livro [nacionais] livros [nacionais] cap\u00edtulos de livro [artigos] SCOPUS [&hellip;]<\/p>\n","protected":false},"author":1,"featured_media":0,"comment_status":"closed","ping_status":"closed","sticky":false,"template":"","format":"standard","meta":{"site-sidebar-layout":"default","site-content-layout":"","ast-site-content-layout":"full-width-container","site-content-style":"default","site-sidebar-style":"default","ast-global-header-display":"","ast-banner-title-visibility":"","ast-main-header-display":"","ast-hfb-above-header-display":"","ast-hfb-below-header-display":"","ast-hfb-mobile-header-display":"","site-post-title":"disabled","ast-breadcrumbs-content":"","ast-featured-img":"","footer-sml-layout":"","ast-disable-related-posts":"","theme-transparent-header-meta":"default","adv-header-id-meta":"","stick-header-meta":"","header-above-stick-meta":"","header-main-stick-meta":"","header-below-stick-meta":"","astra-migrate-meta-layouts":"set","ast-page-background-enabled":"default","ast-page-background-meta":{"desktop":{"background-color":"","background-image":"","background-repeat":"repeat","background-position":"center center","background-size":"auto","background-attachment":"scroll","background-type":"","background-media":"","overlay-type":"","overlay-color":"","overlay-opacity":"","overlay-gradient":""},"tablet":{"background-color":"","background-image":"","background-repeat":"repeat","background-position":"center center","background-size":"auto","background-attachment":"scroll","background-type":"","background-media":"","overlay-type":"","overlay-color":"","overlay-opacity":"","overlay-gradient":""},"mobile":{"background-color":"","background-image":"","background-repeat":"repeat","background-position":"center center","background-size":"auto","background-attachment":"scroll","background-type":"","background-media":"","overlay-type":"","overlay-color":"","overlay-opacity":"","overlay-gradient":""}},"ast-content-background-meta":{"desktop":{"background-color":"var(--ast-global-color-5)","background-image":"","background-repeat":"repeat","background-position":"center center","background-size":"auto","background-attachment":"scroll","background-type":"","background-media":"","overlay-type":"","overlay-color":"","overlay-opacity":"","overlay-gradient":""},"tablet":{"background-color":"var(--ast-global-color-5)","background-image":"","background-repeat":"repeat","background-position":"center center","background-size":"auto","background-attachment":"scroll","background-type":"","background-media":"","overlay-type":"","overlay-color":"","overlay-opacity":"","overlay-gradient":""},"mobile":{"background-color":"var(--ast-global-color-5)","background-image":"","background-repeat":"repeat","background-position":"center center","background-size":"auto","background-attachment":"scroll","background-type":"","background-media":"","overlay-type":"","overlay-color":"","overlay-opacity":"","overlay-gradient":""}},"footnotes":"","_links_to":"","_links_to_target":""},"categories":[380],"tags":[],"class_list":["post-10398","post","type-post","status-publish","format-standard","hentry","category-uncategorized-pt"],"_links":{"self":[{"href":"https:\/\/events.ipv.pt\/cidei\/wp-json\/wp\/v2\/posts\/10398","targetHints":{"allow":["GET"]}}],"collection":[{"href":"https:\/\/events.ipv.pt\/cidei\/wp-json\/wp\/v2\/posts"}],"about":[{"href":"https:\/\/events.ipv.pt\/cidei\/wp-json\/wp\/v2\/types\/post"}],"author":[{"embeddable":true,"href":"https:\/\/events.ipv.pt\/cidei\/wp-json\/wp\/v2\/users\/1"}],"replies":[{"embeddable":true,"href":"https:\/\/events.ipv.pt\/cidei\/wp-json\/wp\/v2\/comments?post=10398"}],"version-history":[{"count":8,"href":"https:\/\/events.ipv.pt\/cidei\/wp-json\/wp\/v2\/posts\/10398\/revisions"}],"predecessor-version":[{"id":20903,"href":"https:\/\/events.ipv.pt\/cidei\/wp-json\/wp\/v2\/posts\/10398\/revisions\/20903"}],"wp:attachment":[{"href":"https:\/\/events.ipv.pt\/cidei\/wp-json\/wp\/v2\/media?parent=10398"}],"wp:term":[{"taxonomy":"category","embeddable":true,"href":"https:\/\/events.ipv.pt\/cidei\/wp-json\/wp\/v2\/categories?post=10398"},{"taxonomy":"post_tag","embeddable":true,"href":"https:\/\/events.ipv.pt\/cidei\/wp-json\/wp\/v2\/tags?post=10398"}],"curies":[{"name":"wp","href":"https:\/\/api.w.org\/{rel}","templated":true}]}}