{"id":10378,"date":"2024-03-15T11:46:16","date_gmt":"2024-03-15T11:46:16","guid":{"rendered":"http:\/\/localhost\/cidei\/?p=10378"},"modified":"2026-02-04T14:15:01","modified_gmt":"2026-02-04T14:15:01","slug":"joao-rocha","status":"publish","type":"post","link":"https:\/\/events.ipv.pt\/cidei\/joao-rocha\/","title":{"rendered":"Jo\u00e3o Rocha"},"content":{"rendered":"<div class=\"panel70 bannerEquipa bgBranco espCont\">\n<div class=\"rw\">\n<div>\n<h2>Jo\u00e3o Rocha<\/h2>\n<h4>Jo\u00e3o Manuel de Oliveira Rocha<\/h4>\n<h6>INSTITUTO POLIT\u00c9CNICO DE VISEU<br \/>\nEscola Superior de Educa\u00e7\u00e3o<\/h6>\n<\/div>\n<div class=\"bRow\">\n<a href=\"https:\/\/orcid.org\/0000-0002-0454-5038\">ORCID \u2022 0000-0002-0454-5038<\/a><br \/>\n<a href=\"https:\/\/cienciavitae.pt\/F214-E725-4B51\">CI\u00caNCIAVITAE \u2022 F214-E725-4B51<\/a>\n<\/div>\n<\/div>\n<\/div>\n<div class=\"panel bgCinzaEscuro auto-height\">\n<div class=\"dtq bgCinzaEscuro esp20\">\n<div class=\"dtqContainer esp100 fBranco espCont\">\n<div class=\"rwE\">\n<div>\n<p class=\"esp0-20\">internacionais<\/p>\n<div class=\"bRowRed bRowRedBranco\">\n<button class=\"tablinks\" data-group=\"grupo101\" data-target=\"LI\">livros<\/button><br \/>\n<button class=\"tablinks\" data-group=\"grupo101\" data-target=\"CLI\">cap\u00edtulos de livro<\/button>\n<\/div>\n<\/div>\n<div>\n<p class=\"esp0-20 espMob\">nacionais<\/p>\n<div class=\"bRowRed bRowRedBranco\">\n<button class=\"tablinks\" data-group=\"grupo101\" data-target=\"LN\">livros<\/button><br \/>\n<button class=\"tablinks\" data-group=\"grupo101\" data-target=\"CLN\">cap\u00edtulos de livro<\/button>\n<\/div>\n<\/div>\n<div>\n<p class=\"esp0-20 espMob fBranco\">artigos<\/p>\n<div class=\"bRowRed bRowRedBranco\">\n<button class=\"tablinks\" data-group=\"grupo101\" data-target=\"ARI\">SCOPUS e\/ou WoS<\/button><br \/>\n<button class=\"tablinks\" data-group=\"grupo101\" data-target=\"AR\">outras bases de indexa\u00e7\u00e3o<\/button>\n<\/div>\n<\/div>\n<\/div>\n<div style=\"margin-top: 30px;\">\n<button class=\"toggleGroup bHCz\" data-group=\"grupo101\">abrir todos<\/button>\n<\/div>\n<\/div>\n<div class=\"pad-R-100\">\n<div class=\"fCinza\">\n<div id=\"LI\" class=\"contentEquipa bgBranco esp50\" data-group=\"grupo101\">\n[internacionais] livros<br \/>\n<div class=\"pt-cv-wrapper\"><div class=\"pt-cv-view pt-cv-grid pt-cv-colsys\" id=\"pt-cv-view-b3cd524ksj\"><div data-id=\"pt-cv-page-1\" class=\"pt-cv-page cv-npf\" data-cvc=\"1\"><div class=\"col-md-12 col-sm-12 col-xs-12 pt-cv-content-item pt-cv-1-col\" ><div class='pt-cv-ifield'><div class=\"pt-cv-no-post\">N\u00e3o foram encontrados artigos.<\/div><\/div><\/div><\/div><\/div><\/div>\n<\/div>\n<div id=\"CLI\" class=\"contentEquipa bgBranco esp50\" data-group=\"grupo101\">\n[internacionais] cap\u00edtulos de livro<br \/>\n<div class=\"pt-cv-wrapper\"><div class=\"pt-cv-view pt-cv-grid pt-cv-colsys\" id=\"pt-cv-view-00f4a5b6fy\"><div data-id=\"pt-cv-page-1\" class=\"pt-cv-page cv-npf\" data-cvc=\"1\"><div class=\"col-md-12 col-sm-12 col-xs-12 pt-cv-content-item pt-cv-1-col\" ><div class='pt-cv-ifield'><div class=\"pt-cv-no-post\">N\u00e3o foram encontrados artigos.<\/div><\/div><\/div><\/div><\/div><\/div>\n<\/div>\n<div id=\"LN\" class=\"contentEquipa bgBranco esp50\" data-group=\"grupo101\">\n[nacionais] livros<br \/>\n<div class=\"pt-cv-wrapper\"><div class=\"pt-cv-view pt-cv-grid pt-cv-colsys\" id=\"pt-cv-view-0041b93sbw\"><div data-id=\"pt-cv-page-1\" class=\"pt-cv-page cv-npf\" data-cvc=\"1\"><div class=\"col-md-12 col-sm-12 col-xs-12 pt-cv-content-item pt-cv-1-col\" ><div class='pt-cv-ifield'><div class=\"pt-cv-no-post\">N\u00e3o foram encontrados artigos.<\/div><\/div><\/div><\/div><\/div><\/div>\n<\/div>\n<div id=\"CLN\" class=\"contentEquipa bgBranco esp50\" data-group=\"grupo101\">\n[nacionais] cap\u00edtulos de livro<br \/>\n<div class=\"pt-cv-wrapper\"><div class=\"pt-cv-view pt-cv-grid pt-cv-colsys\" id=\"pt-cv-view-b056a08keq\"><div data-id=\"pt-cv-page-1\" class=\"pt-cv-page\" data-cvc=\"1\"><div class=\"col-md-12 col-sm-12 col-xs-12 pt-cv-content-item pt-cv-1-col\" ><div class='pt-cv-ifield'><div class=\"pt-cv-content\"><p>Marques, C., Cardoso, A. P., Rocha, J., Ferreira, M., Campos, S. (2022).<br \/>\nA interdisciplinaridade na abordagem da educa\u00e7\u00e3o sexual no 1.\u00ba ciclo do ensino b\u00e1sico.<br \/>\nIn M. Ferreira, S. Campos, A. P. Cardoso (Coords.), <em>Literacia em Sa\u00fade e Estilos de Vida em Contexto Educativo<\/em> (pp. 142-163).<br \/>\nViseu, Portugal: Edi\u00e7\u00f5es Esgotadas. ISBN: 978-989-9092-88-4<\/p>\n<\/div>\n<div class=\"pt-cv-meta-fields\"><span class=\"terms\"> <a href='https:\/\/events.ipv.pt\/cidei\/category\/2022\/' title='2022' class='pt-cv-tax-2022'>2022<\/a>, <a href='https:\/\/events.ipv.pt\/cidei\/tag\/ana-paula-cardoso\/' title='Ana Paula Cardoso' class='pt-cv-tax-ana-paula-cardoso'>Ana Paula Cardoso<\/a>, <a href='https:\/\/events.ipv.pt\/cidei\/category\/producao-cientifica\/capitulos-de-livro-de-edicao-nacional\/' title='Cap\u00edtulos de Livro de Edi\u00e7\u00e3o Nacional' class='pt-cv-tax-capitulos-de-livro-de-edicao-nacional'>Cap\u00edtulos de Livro de Edi\u00e7\u00e3o Nacional<\/a>, <a href='https:\/\/events.ipv.pt\/cidei\/tag\/joao-rocha\/' title='Jo\u00e3o Rocha' class='pt-cv-tax-joao-rocha'>Jo\u00e3o Rocha<\/a>, <a href='https:\/\/events.ipv.pt\/cidei\/category\/linha-investigacao\/politicas-educativas-didaticas-e-formacao\/' title='Pol\u00edticas Educativas Did\u00e1ticas e Forma\u00e7\u00e3o' class='pt-cv-tax-politicas-educativas-didaticas-e-formacao'>Pol\u00edticas Educativas Did\u00e1ticas e Forma\u00e7\u00e3o<\/a>, <a href='https:\/\/events.ipv.pt\/cidei\/category\/nucleo\/viseu\/' title='Viseu' class='pt-cv-tax-viseu'>Viseu<\/a><\/span><\/div><\/div><\/div>\n<div class=\"col-md-12 col-sm-12 col-xs-12 pt-cv-content-item pt-cv-1-col\" ><div class='pt-cv-ifield'><div class=\"pt-cv-content\"><p>Rocha, J. (2020).<br \/>\nProcessos de supervis\u00e3o: acompanhamento e avalia\u00e7\u00e3o de professores.<br \/>\nIn H. Ramalho, A. P. Cardoso, C. Lacerda, J. Rocha, M. Figueiredo (Eds.), <em>Aprender \u00e9 Coisa S\u00e9ria: contributos para a constru\u00e7\u00e3o do saber escolar I<\/em> (pp. 15-25).<br \/>\nViseu, Portugal: Escola Superior de Educa\u00e7\u00e3o.<br \/>\nDOI: <a href=\"https:\/\/doi.org\/10.34633\/978-989-54743-0-1\" rel=\"noopener\" target=\"_blank\">https:\/\/doi.org\/10.34633\/978-989-54743-0-1<\/a><\/p>\n<\/div>\n<div class=\"pt-cv-meta-fields\"><span class=\"terms\"> <a href='https:\/\/events.ipv.pt\/cidei\/category\/2020\/' title='2020' class='pt-cv-tax-2020'>2020<\/a>, <a href='https:\/\/events.ipv.pt\/cidei\/category\/producao-cientifica\/capitulos-de-livro-de-edicao-nacional\/' title='Cap\u00edtulos de Livro de Edi\u00e7\u00e3o Nacional' class='pt-cv-tax-capitulos-de-livro-de-edicao-nacional'>Cap\u00edtulos de Livro de Edi\u00e7\u00e3o Nacional<\/a>, <a href='https:\/\/events.ipv.pt\/cidei\/tag\/joao-rocha\/' title='Jo\u00e3o Rocha' class='pt-cv-tax-joao-rocha'>Jo\u00e3o Rocha<\/a>, <a href='https:\/\/events.ipv.pt\/cidei\/category\/linha-investigacao\/politicas-educativas-didaticas-e-formacao\/' title='Pol\u00edticas Educativas Did\u00e1ticas e Forma\u00e7\u00e3o' class='pt-cv-tax-politicas-educativas-didaticas-e-formacao'>Pol\u00edticas Educativas Did\u00e1ticas e Forma\u00e7\u00e3o<\/a>, <a href='https:\/\/events.ipv.pt\/cidei\/category\/nucleo\/viseu\/' title='Viseu' class='pt-cv-tax-viseu'>Viseu<\/a><\/span><\/div><\/div><\/div>\n<div class=\"col-md-12 col-sm-12 col-xs-12 pt-cv-content-item pt-cv-1-col\" ><div class='pt-cv-ifield'><div class=\"pt-cv-content\"><p>Rocha, J. (2020).<br \/>\nUm modelo supervisivo para a forma\u00e7\u00e3o inicial de professores do 1.\u00ba CEB.<br \/>\nIn F. Martins, L. Mota, S. Espada (Eds.), <em>A forma\u00e7\u00e3o de professores e educadores: das pol\u00edticas \u00e0s pr\u00e1ticas supervisionadas<\/em> (pp. 24-38).<br \/>\nCoimbra: Instituto Polit\u00e9cnico de Coimbra. Escola Superior de Educa\u00e7\u00e3o.<\/p>\n<\/div>\n<div class=\"pt-cv-meta-fields\"><span class=\"terms\"> <a href='https:\/\/events.ipv.pt\/cidei\/category\/2020\/' title='2020' class='pt-cv-tax-2020'>2020<\/a>, <a href='https:\/\/events.ipv.pt\/cidei\/category\/producao-cientifica\/capitulos-de-livro-de-edicao-nacional\/' title='Cap\u00edtulos de Livro de Edi\u00e7\u00e3o Nacional' class='pt-cv-tax-capitulos-de-livro-de-edicao-nacional'>Cap\u00edtulos de Livro de Edi\u00e7\u00e3o Nacional<\/a>, <a href='https:\/\/events.ipv.pt\/cidei\/tag\/joao-rocha\/' title='Jo\u00e3o Rocha' class='pt-cv-tax-joao-rocha'>Jo\u00e3o Rocha<\/a>, <a href='https:\/\/events.ipv.pt\/cidei\/category\/linha-investigacao\/politicas-educativas-didaticas-e-formacao\/' title='Pol\u00edticas Educativas Did\u00e1ticas e Forma\u00e7\u00e3o' class='pt-cv-tax-politicas-educativas-didaticas-e-formacao'>Pol\u00edticas Educativas Did\u00e1ticas e Forma\u00e7\u00e3o<\/a>, <a href='https:\/\/events.ipv.pt\/cidei\/category\/nucleo\/viseu\/' title='Viseu' class='pt-cv-tax-viseu'>Viseu<\/a><\/span><\/div><\/div><\/div>\n<div class=\"col-md-12 col-sm-12 col-xs-12 pt-cv-content-item pt-cv-1-col\" ><div class='pt-cv-ifield'><div class=\"pt-cv-content\"><p>Costa, A. S., Cardoso, A. P., Rocha, J. (2019).<br \/>\nConce\u00e7\u00f5es e pr\u00e1ticas dos professores sobre a educa\u00e7\u00e3o para a cidadania no 1.\u00ba ciclo do ensino b\u00e1sico.<br \/>\nIn M. Ferreira, S. Campos, A. P. Cardoso, C. Chaves (Eds.), <em>Compet\u00eancias emocionais para a promo\u00e7\u00e3o do sucesso escolar: Programa de interven\u00e7\u00e3o sist\u00e9mica<\/em> (pp. 127-140).<br \/>\nViseu, Portugal: Escola Superior de Educa\u00e7\u00e3o de Viseu.<\/p>\n<\/div>\n<div class=\"pt-cv-meta-fields\"><span class=\"terms\"> <a href='https:\/\/events.ipv.pt\/cidei\/category\/2019\/' title='2019' class='pt-cv-tax-2019'>2019<\/a>, <a href='https:\/\/events.ipv.pt\/cidei\/tag\/ana-paula-cardoso\/' title='Ana Paula Cardoso' class='pt-cv-tax-ana-paula-cardoso'>Ana Paula Cardoso<\/a>, <a href='https:\/\/events.ipv.pt\/cidei\/category\/producao-cientifica\/capitulos-de-livro-de-edicao-nacional\/' title='Cap\u00edtulos de Livro de Edi\u00e7\u00e3o Nacional' class='pt-cv-tax-capitulos-de-livro-de-edicao-nacional'>Cap\u00edtulos de Livro de Edi\u00e7\u00e3o Nacional<\/a>, <a href='https:\/\/events.ipv.pt\/cidei\/tag\/joao-rocha\/' title='Jo\u00e3o Rocha' class='pt-cv-tax-joao-rocha'>Jo\u00e3o Rocha<\/a>, <a href='https:\/\/events.ipv.pt\/cidei\/category\/linha-investigacao\/politicas-educativas-didaticas-e-formacao\/' title='Pol\u00edticas Educativas Did\u00e1ticas e Forma\u00e7\u00e3o' class='pt-cv-tax-politicas-educativas-didaticas-e-formacao'>Pol\u00edticas Educativas Did\u00e1ticas e Forma\u00e7\u00e3o<\/a>, <a href='https:\/\/events.ipv.pt\/cidei\/category\/nucleo\/viseu\/' title='Viseu' class='pt-cv-tax-viseu'>Viseu<\/a><\/span><\/div><\/div><\/div><\/div><\/div><\/div>\n<\/div>\n<div id=\"ARI\" class=\"contentEquipa bgBranco esp50\" data-group=\"grupo101\">\n[artigos] SCOPUS e\/ou WoS<br \/>\n<div class=\"pt-cv-wrapper\"><div class=\"pt-cv-view pt-cv-grid pt-cv-colsys\" id=\"pt-cv-view-fcfac54wjo\"><div data-id=\"pt-cv-page-1\" class=\"pt-cv-page\" data-cvc=\"1\"><div class=\"col-md-12 col-sm-12 col-xs-12 pt-cv-content-item pt-cv-1-col\" ><div class='pt-cv-ifield'><div class=\"pt-cv-content\"><p>Magalh\u00e3es, M., Rocha, J., Ramalho, H. (2021).<br \/>\nAssessement tests in the 5th year of schooling &#8211; perceptions of students and teachers of portuguese and history and geography of Portugal.<br \/>\n<em>Millenium,  2<\/em>(ed espec n\u00ba9), 271-279.<br \/>\nDOI: <a href=\"https:\/\/doi.org\/10.29352\/mill029e.23740\" rel=\"noopener\" target=\"_blank\">doi.org\/10.29352\/mill029e.23740<\/a><\/p>\n<\/div>\n<div class=\"pt-cv-meta-fields\"><span class=\"terms\"> <a href='https:\/\/events.ipv.pt\/cidei\/category\/2021\/' title='2021' class='pt-cv-tax-2021'>2021<\/a>, <a href='https:\/\/events.ipv.pt\/cidei\/category\/producao-cientifica\/artigos-em-revistas-indexadas-scopus-e-ou-wos\/' title='Artigos em Revistas Indexadas | Scopus e\/ou WoS' class='pt-cv-tax-artigos-em-revistas-indexadas-scopus-e-ou-wos'>Artigos em Revistas Indexadas | Scopus e\/ou WoS<\/a>, <a href='https:\/\/events.ipv.pt\/cidei\/tag\/henrique-ramalho\/' title='Henrique Ramalho' class='pt-cv-tax-henrique-ramalho'>Henrique Ramalho<\/a>, <a href='https:\/\/events.ipv.pt\/cidei\/tag\/joao-rocha\/' title='Jo\u00e3o Rocha' class='pt-cv-tax-joao-rocha'>Jo\u00e3o Rocha<\/a>, <a href='https:\/\/events.ipv.pt\/cidei\/category\/linha-investigacao\/politicas-educativas-didaticas-e-formacao\/' title='Pol\u00edticas Educativas Did\u00e1ticas e Forma\u00e7\u00e3o' class='pt-cv-tax-politicas-educativas-didaticas-e-formacao'>Pol\u00edticas Educativas Did\u00e1ticas e Forma\u00e7\u00e3o<\/a>, <a href='https:\/\/events.ipv.pt\/cidei\/category\/nucleo\/viseu\/' title='Viseu' class='pt-cv-tax-viseu'>Viseu<\/a><\/span><\/div><\/div><\/div>\n<div class=\"col-md-12 col-sm-12 col-xs-12 pt-cv-content-item pt-cv-1-col\" ><div class='pt-cv-ifield'><div class=\"pt-cv-content\"><p>Brown, M., McNamara, G., Cinkir, S., Fadar, J., Figueiredo, M., Vanhoof, J., O\u2019Hara, J., Skerritt, C., O\u2019Brien, S., Kurum, G., Ramalho, H., &#038; Rocha, J. (2021).<br \/>\nExploring parent and student engagement in school self-evaluation in four European countries.<br \/>\n<em>European Educational Research Journal, 20<\/em>(2), 159\u2013175.<br \/>\nDOI: <a href=\"https:\/\/doi.org\/10.1177\/1474904120961203\" rel=\"noopener\" target=\"_blank\">https:\/\/doi.org\/10.1177\/1474904120961203<\/a><\/p>\n<\/div>\n<div class=\"pt-cv-meta-fields\"><span class=\"terms\"> <a href='https:\/\/events.ipv.pt\/cidei\/category\/2021\/' title='2021' class='pt-cv-tax-2021'>2021<\/a>, <a href='https:\/\/events.ipv.pt\/cidei\/category\/producao-cientifica\/artigos-em-revistas-indexadas-scopus-e-ou-wos\/' title='Artigos em Revistas Indexadas | Scopus e\/ou WoS' class='pt-cv-tax-artigos-em-revistas-indexadas-scopus-e-ou-wos'>Artigos em Revistas Indexadas | Scopus e\/ou WoS<\/a>, <a href='https:\/\/events.ipv.pt\/cidei\/tag\/henrique-ramalho\/' title='Henrique Ramalho' class='pt-cv-tax-henrique-ramalho'>Henrique Ramalho<\/a>, <a href='https:\/\/events.ipv.pt\/cidei\/tag\/joao-rocha\/' title='Jo\u00e3o Rocha' class='pt-cv-tax-joao-rocha'>Jo\u00e3o Rocha<\/a>, <a href='https:\/\/events.ipv.pt\/cidei\/tag\/maria-pacheco-figueiredo\/' title='Maria Pacheco Figueiredo' class='pt-cv-tax-maria-pacheco-figueiredo'>Maria Pacheco Figueiredo<\/a>, <a href='https:\/\/events.ipv.pt\/cidei\/category\/linha-investigacao\/politicas-educativas-didaticas-e-formacao\/' title='Pol\u00edticas Educativas Did\u00e1ticas e Forma\u00e7\u00e3o' class='pt-cv-tax-politicas-educativas-didaticas-e-formacao'>Pol\u00edticas Educativas Did\u00e1ticas e Forma\u00e7\u00e3o<\/a>, <a href='https:\/\/events.ipv.pt\/cidei\/category\/nucleo\/viseu\/' title='Viseu' class='pt-cv-tax-viseu'>Viseu<\/a><\/span><\/div><\/div><\/div>\n<div class=\"col-md-12 col-sm-12 col-xs-12 pt-cv-content-item pt-cv-1-col\" ><div class='pt-cv-ifield'><div class=\"pt-cv-content\"><p>Ferreira, J., Cardoso, A. P., &#038; Rocha, J. (2020).<br \/>\nA pedagogia de John Dewey e sua pertin\u00eancia no 1.\u00ba ciclo do ensino b\u00e1sico.<br \/>\n<em>Millenium, 2<\/em>(ed espec n\u00ba6) 23-32.<br \/>\nDoi: <a href=\"https:\/\/doi.org\/10.29352\/mill0206e.02.00346\" rel=\"noopener\" target=\"_blank\">10.29352\/mill0206e.02.00346<\/a><\/p>\n<\/div>\n<div class=\"pt-cv-meta-fields\"><span class=\"terms\"> <a href='https:\/\/events.ipv.pt\/cidei\/category\/2020\/' title='2020' class='pt-cv-tax-2020'>2020<\/a>, <a href='https:\/\/events.ipv.pt\/cidei\/tag\/ana-paula-cardoso\/' title='Ana Paula Cardoso' class='pt-cv-tax-ana-paula-cardoso'>Ana Paula Cardoso<\/a>, <a href='https:\/\/events.ipv.pt\/cidei\/category\/producao-cientifica\/artigos-em-revistas-indexadas-scopus-e-ou-wos\/' title='Artigos em Revistas Indexadas | Scopus e\/ou WoS' class='pt-cv-tax-artigos-em-revistas-indexadas-scopus-e-ou-wos'>Artigos em Revistas Indexadas | Scopus e\/ou WoS<\/a>, <a href='https:\/\/events.ipv.pt\/cidei\/tag\/joao-rocha\/' title='Jo\u00e3o Rocha' class='pt-cv-tax-joao-rocha'>Jo\u00e3o Rocha<\/a>, <a href='https:\/\/events.ipv.pt\/cidei\/category\/linha-investigacao\/politicas-educativas-didaticas-e-formacao\/' title='Pol\u00edticas Educativas Did\u00e1ticas e Forma\u00e7\u00e3o' class='pt-cv-tax-politicas-educativas-didaticas-e-formacao'>Pol\u00edticas Educativas Did\u00e1ticas e Forma\u00e7\u00e3o<\/a>, <a href='https:\/\/events.ipv.pt\/cidei\/category\/nucleo\/viseu\/' title='Viseu' class='pt-cv-tax-viseu'>Viseu<\/a><\/span><\/div><\/div><\/div>\n<div class=\"col-md-12 col-sm-12 col-xs-12 pt-cv-content-item pt-cv-1-col\" ><div class='pt-cv-ifield'><div class=\"pt-cv-content\"><p>Abreu, A., Cardoso, A. P., Rocha, J. (2019).<br \/>\nTeachers\u2019 perception of the head of department\u2019s performance and of pedagogical supervision.<br \/>\n<em>Millenium &#8211; Journal of Education, Technologies, and Health,\u00a0<\/em>(3e), 47-59.<br \/>\ndoi: <a href=\"https:\/\/doi.org\/10.29352\/mill0203e.04.00206\" rel=\"noopener\" target=\"_blank\">10.29352\/mill0203e.04.00206<\/a><\/p>\n<\/div>\n<div class=\"pt-cv-meta-fields\"><span class=\"terms\"> <a href='https:\/\/events.ipv.pt\/cidei\/category\/2019\/' title='2019' class='pt-cv-tax-2019'>2019<\/a>, <a href='https:\/\/events.ipv.pt\/cidei\/tag\/ana-paula-cardoso\/' title='Ana Paula Cardoso' class='pt-cv-tax-ana-paula-cardoso'>Ana Paula Cardoso<\/a>, <a href='https:\/\/events.ipv.pt\/cidei\/category\/producao-cientifica\/artigos-em-revistas-indexadas-scopus-e-ou-wos\/' title='Artigos em Revistas Indexadas | Scopus e\/ou WoS' class='pt-cv-tax-artigos-em-revistas-indexadas-scopus-e-ou-wos'>Artigos em Revistas Indexadas | Scopus e\/ou WoS<\/a>, <a href='https:\/\/events.ipv.pt\/cidei\/tag\/joao-rocha\/' title='Jo\u00e3o Rocha' class='pt-cv-tax-joao-rocha'>Jo\u00e3o Rocha<\/a>, <a href='https:\/\/events.ipv.pt\/cidei\/category\/linha-investigacao\/politicas-educativas-didaticas-e-formacao\/' title='Pol\u00edticas Educativas Did\u00e1ticas e Forma\u00e7\u00e3o' class='pt-cv-tax-politicas-educativas-didaticas-e-formacao'>Pol\u00edticas Educativas Did\u00e1ticas e Forma\u00e7\u00e3o<\/a>, <a href='https:\/\/events.ipv.pt\/cidei\/category\/nucleo\/viseu\/' title='Viseu' class='pt-cv-tax-viseu'>Viseu<\/a><\/span><\/div><\/div><\/div><\/div><\/div><\/div>\n<\/div>\n<div id=\"AR\" class=\"contentEquipa bgBranco esp50\" data-group=\"grupo101\">\n[artigos] outras bases de indexa\u00e7\u00e3o<br \/>\n<div class=\"pt-cv-wrapper\"><div class=\"pt-cv-view pt-cv-grid pt-cv-colsys\" id=\"pt-cv-view-58f6f38j4e\"><div data-id=\"pt-cv-page-1\" class=\"pt-cv-page\" data-cvc=\"1\"><div class=\"col-md-12 col-sm-12 col-xs-12 pt-cv-content-item pt-cv-1-col\" ><div class='pt-cv-ifield'><div class=\"pt-cv-content\"><p>Ramalho, H., Rocha, J., Lopes, A. (2020).<br \/>\nIntera\u00e7\u00f5es aluno-professor: Percep\u00e7\u00f5es sobre o feedback pedag\u00f3gico.<br \/>\n<em>Psicologia em Pesquisa, 14<\/em>(1), 76-95.<br \/>\nDoi: <a href=\"http:\/\/dx.doi.org\/10.34019\/1982-1247.2020.v14.29010\" rel=\"noopener\" target=\"_blank\">10.34019\/1982-1247.2020.v14.29010<\/a><\/p>\n<\/div>\n<div class=\"pt-cv-meta-fields\"><span class=\"terms\"> <a href='https:\/\/events.ipv.pt\/cidei\/category\/2020\/' title='2020' class='pt-cv-tax-2020'>2020<\/a>, <a href='https:\/\/events.ipv.pt\/cidei\/category\/producao-cientifica\/artigos-em-revistas\/' title='Artigos em Revistas' class='pt-cv-tax-artigos-em-revistas'>Artigos em Revistas<\/a>, <a href='https:\/\/events.ipv.pt\/cidei\/tag\/henrique-ramalho\/' title='Henrique Ramalho' class='pt-cv-tax-henrique-ramalho'>Henrique Ramalho<\/a>, <a href='https:\/\/events.ipv.pt\/cidei\/tag\/joao-rocha\/' title='Jo\u00e3o Rocha' class='pt-cv-tax-joao-rocha'>Jo\u00e3o Rocha<\/a>, <a href='https:\/\/events.ipv.pt\/cidei\/category\/linha-investigacao\/politicas-educativas-didaticas-e-formacao\/' title='Pol\u00edticas Educativas Did\u00e1ticas e Forma\u00e7\u00e3o' class='pt-cv-tax-politicas-educativas-didaticas-e-formacao'>Pol\u00edticas Educativas Did\u00e1ticas e Forma\u00e7\u00e3o<\/a>, <a href='https:\/\/events.ipv.pt\/cidei\/category\/nucleo\/viseu\/' title='Viseu' class='pt-cv-tax-viseu'>Viseu<\/a><\/span><\/div><\/div><\/div>\n<div class=\"col-md-12 col-sm-12 col-xs-12 pt-cv-content-item pt-cv-1-col\" ><div class='pt-cv-ifield'><div class=\"pt-cv-content\"><p>Rocha, J. (2019).<br \/>\nPr\u00e1tica de ensino supervisionada: Contributos da supervis\u00e3o pedag\u00f3gica para o desenvolvimento profissional dos professores do 1.\u00ba Ciclo do Ensino B\u00e1sico. Investigar em Educa\u00e7\u00e3o.<br \/>\n<em>Revista da Sociedade Portuguesa de Ci\u00eancias da Educa\u00e7\u00e3o, 8 e 9<\/em>(09-10), 121-134.<br \/>\nRetrieved from <a href=\"http:\/\/hdl.handle.net\/10400.19\/6361\" rel=\"noopener\" target=\"_blank\">http:\/\/hdl.handle.net\/10400.19\/6361<\/a><\/p>\n<\/div>\n<div class=\"pt-cv-meta-fields\"><span class=\"terms\"> <a href='https:\/\/events.ipv.pt\/cidei\/category\/2019\/' title='2019' class='pt-cv-tax-2019'>2019<\/a>, <a href='https:\/\/events.ipv.pt\/cidei\/category\/producao-cientifica\/artigos-em-revistas\/' title='Artigos em Revistas' class='pt-cv-tax-artigos-em-revistas'>Artigos em Revistas<\/a>, <a href='https:\/\/events.ipv.pt\/cidei\/tag\/joao-rocha\/' title='Jo\u00e3o Rocha' class='pt-cv-tax-joao-rocha'>Jo\u00e3o Rocha<\/a>, <a href='https:\/\/events.ipv.pt\/cidei\/category\/linha-investigacao\/politicas-educativas-didaticas-e-formacao\/' title='Pol\u00edticas Educativas Did\u00e1ticas e Forma\u00e7\u00e3o' class='pt-cv-tax-politicas-educativas-didaticas-e-formacao'>Pol\u00edticas Educativas Did\u00e1ticas e Forma\u00e7\u00e3o<\/a>, <a href='https:\/\/events.ipv.pt\/cidei\/category\/nucleo\/viseu\/' title='Viseu' class='pt-cv-tax-viseu'>Viseu<\/a><\/span><\/div><\/div><\/div><\/div><\/div><\/div>\n<\/div>\n<\/div>\n<\/div>\n<\/div>\n<\/div>\n<div class=\"panel auto-height bgBranco espCont\">\n<div class=\"ast-container esp100-0\">\n<h4>PROJETOS<\/h4>\n<h6>competitivos<\/h6>\n<div class=\"pt-cv-wrapper\"><div class=\"pt-cv-view pt-cv-blockgrid iscvblock iscvhybrid grid1 layout1\" id=\"pt-cv-view-9633e99c5v\"><div data-id=\"pt-cv-page-1\" class=\"pt-cv-page\" data-cvc=\"4\"><div class=\" pt-cv-content-item pt-cv-1-col\" ><div class=\"pt-cv-thumb-wrapper  \"><a href=\"https:\/\/events.ipv.pt\/cidei\/new-approaches-in-inspection-a-polycentric-model\/\" class=\"_self pt-cv-href-thumbnail pt-cv-thumb-default\" target=\"_self\" ><img loading=\"lazy\" decoding=\"async\" width=\"800\" height=\"450\" src=\"https:\/\/events.ipv.pt\/cidei\/wp-content\/uploads\/2019\/02\/POLYCENTRIC.jpg\" class=\"pt-cv-thumbnail\" alt=\"\" srcset=\"https:\/\/events.ipv.pt\/cidei\/wp-content\/uploads\/2019\/02\/POLYCENTRIC.jpg 800w, https:\/\/events.ipv.pt\/cidei\/wp-content\/uploads\/2019\/02\/POLYCENTRIC-300x169.jpg 300w, https:\/\/events.ipv.pt\/cidei\/wp-content\/uploads\/2019\/02\/POLYCENTRIC-768x432.jpg 768w, https:\/\/events.ipv.pt\/cidei\/wp-content\/uploads\/2019\/02\/POLYCENTRIC-18x10.jpg 18w\" sizes=\"auto, (max-width: 800px) 100vw, 800px\" \/><\/a><\/div>\n<p class=\"pt-cv-title\"><a href=\"https:\/\/events.ipv.pt\/cidei\/new-approaches-in-inspection-a-polycentric-model\/\" class=\"_self\" target=\"_self\" >[KA201-B8CA5CAE] 2019-1-TR01-KA201-077307 | NEW APPROACHES IN INSPECTION: A POLYCENTRIC MODEL<\/a><\/p>\n<div class=\"pt-cv-meta-fields\"><span class=\"terms\"> <a href='https:\/\/events.ipv.pt\/cidei\/tag\/2019-2021\/' title='2019-2021' class='pt-cv-tax-2019-2021'>2019-2021<\/a>, <a href='https:\/\/events.ipv.pt\/cidei\/tag\/ana-costa-lopes\/' title='Ana Costa Lopes' class='pt-cv-tax-ana-costa-lopes'>Ana Costa Lopes<\/a>, <a href='https:\/\/events.ipv.pt\/cidei\/tag\/ana-paula-cardoso\/' title='Ana Paula Cardoso' class='pt-cv-tax-ana-paula-cardoso'>Ana Paula Cardoso<\/a>, <a href='https:\/\/events.ipv.pt\/cidei\/tag\/belmiro-rego\/' title='Belmiro Rego' class='pt-cv-tax-belmiro-rego'>Belmiro Rego<\/a>, <a href='https:\/\/events.ipv.pt\/cidei\/category\/projeto\/competitivo\/' title='competitivo' class='pt-cv-tax-competitivo'>competitivo<\/a>, <a href='https:\/\/events.ipv.pt\/cidei\/category\/estado\/concluido\/' title='concluido' class='pt-cv-tax-concluido'>concluido<\/a>, <a href='https:\/\/events.ipv.pt\/cidei\/category\/projeto\/internacional\/' title='internacional' class='pt-cv-tax-internacional'>internacional<\/a>, <a href='https:\/\/events.ipv.pt\/cidei\/tag\/joao-rocha\/' title='Jo\u00e3o Rocha' class='pt-cv-tax-joao-rocha'>Jo\u00e3o Rocha<\/a>, <a href='https:\/\/events.ipv.pt\/cidei\/tag\/maria-pacheco-figueiredo\/' title='Maria Pacheco Figueiredo' class='pt-cv-tax-maria-pacheco-figueiredo'>Maria Pacheco Figueiredo<\/a>, <a href='https:\/\/events.ipv.pt\/cidei\/tag\/nidia-morais\/' title='N\u00eddia Morais' class='pt-cv-tax-nidia-morais'>N\u00eddia Morais<\/a>, <a href='https:\/\/events.ipv.pt\/cidei\/category\/linha-investigacao\/politicas-educativas-didaticas-e-formacao\/' title='Pol\u00edticas Educativas Did\u00e1ticas e Forma\u00e7\u00e3o' class='pt-cv-tax-politicas-educativas-didaticas-e-formacao'>Pol\u00edticas Educativas Did\u00e1ticas e Forma\u00e7\u00e3o<\/a>, <a href='https:\/\/events.ipv.pt\/cidei\/category\/projeto\/' title='projeto' class='pt-cv-tax-projeto'>projeto<\/a>, <a href='https:\/\/events.ipv.pt\/cidei\/category\/nucleo\/viseu\/' title='Viseu' class='pt-cv-tax-viseu'>Viseu<\/a><\/span><\/div><\/div>\n<div class=\" pt-cv-content-item pt-cv-1-col\" ><div class=\"pt-cv-thumb-wrapper  \"><a href=\"https:\/\/events.ipv.pt\/cidei\/deaps-distributed-evaluation-and-planning-in-schools\/\" class=\"_self pt-cv-href-thumbnail pt-cv-thumb-default\" target=\"_self\" ><img loading=\"lazy\" decoding=\"async\" width=\"1323\" height=\"638\" src=\"https:\/\/events.ipv.pt\/cidei\/wp-content\/uploads\/2025\/01\/brand8_pt-png.avif\" class=\"pt-cv-thumbnail\" alt=\"\" srcset=\"https:\/\/events.ipv.pt\/cidei\/wp-content\/uploads\/2025\/01\/brand8_pt-png.avif 1323w, https:\/\/events.ipv.pt\/cidei\/wp-content\/uploads\/2025\/01\/brand8_pt-300x145.avif 300w, https:\/\/events.ipv.pt\/cidei\/wp-content\/uploads\/2025\/01\/brand8_pt-1024x494.avif 1024w, https:\/\/events.ipv.pt\/cidei\/wp-content\/uploads\/2025\/01\/brand8_pt-768x370.avif 768w, https:\/\/events.ipv.pt\/cidei\/wp-content\/uploads\/2025\/01\/brand8_pt-18x9.avif 18w\" sizes=\"auto, (max-width: 1323px) 100vw, 1323px\" \/><\/a><\/div>\n<p class=\"pt-cv-title\"><a href=\"https:\/\/events.ipv.pt\/cidei\/deaps-distributed-evaluation-and-planning-in-schools\/\" class=\"_self\" target=\"_self\" >2017-1-IE01-KA201-025693 | DEAPS DISTRIBUTED EVALUATION AND PLANNING IN SCHOOLS<\/a><\/p>\n<div class=\"pt-cv-meta-fields\"><span class=\"terms\"> <a href='https:\/\/events.ipv.pt\/cidei\/tag\/2017-2020\/' title='2017-2020' class='pt-cv-tax-2017-2020'>2017-2020<\/a>, <a href='https:\/\/events.ipv.pt\/cidei\/category\/projeto\/competitivo\/' title='competitivo' class='pt-cv-tax-competitivo'>competitivo<\/a>, <a href='https:\/\/events.ipv.pt\/cidei\/category\/estado\/concluido\/' title='concluido' class='pt-cv-tax-concluido'>concluido<\/a>, <a href='https:\/\/events.ipv.pt\/cidei\/tag\/henrique-ramalho\/' title='Henrique Ramalho' class='pt-cv-tax-henrique-ramalho'>Henrique Ramalho<\/a>, <a href='https:\/\/events.ipv.pt\/cidei\/category\/projeto\/internacional\/' title='internacional' class='pt-cv-tax-internacional'>internacional<\/a>, <a href='https:\/\/events.ipv.pt\/cidei\/tag\/joao-rocha\/' title='Jo\u00e3o Rocha' class='pt-cv-tax-joao-rocha'>Jo\u00e3o Rocha<\/a>, <a href='https:\/\/events.ipv.pt\/cidei\/tag\/maria-pacheco-figueiredo\/' title='Maria Pacheco Figueiredo' class='pt-cv-tax-maria-pacheco-figueiredo'>Maria Pacheco Figueiredo<\/a>, <a href='https:\/\/events.ipv.pt\/cidei\/category\/linha-investigacao\/politicas-educativas-didaticas-e-formacao\/' title='Pol\u00edticas Educativas Did\u00e1ticas e Forma\u00e7\u00e3o' class='pt-cv-tax-politicas-educativas-didaticas-e-formacao'>Pol\u00edticas Educativas Did\u00e1ticas e Forma\u00e7\u00e3o<\/a>, <a href='https:\/\/events.ipv.pt\/cidei\/category\/projeto\/' title='projeto' class='pt-cv-tax-projeto'>projeto<\/a>, <a href='https:\/\/events.ipv.pt\/cidei\/tag\/susana-amante\/' title='Susana Amante' class='pt-cv-tax-susana-amante'>Susana Amante<\/a>, <a href='https:\/\/events.ipv.pt\/cidei\/category\/nucleo\/viseu\/' title='Viseu' class='pt-cv-tax-viseu'>Viseu<\/a><\/span><\/div><\/div><\/div><\/div><\/div>\t\t\t<style type=\"text\/css\" id=\"pt-cv-inline-style-9a55d74psz\">\n#pt-cv-view-9633e99c5v .pt-cv-thumb-wrapper:not(.miniwrap) {  }#pt-cv-view-9633e99c5v .pt-cv-thumbnail:not(.pt-cv-thumbnailsm) { height: 18vh; }#pt-cv-view-9633e99c5v > .pt-cv-page {grid-template-columns: repeat(4, 1fr);grid-gap: 15px;}\n@media all and (max-width: 1024px) { \n#pt-cv-view-9633e99c5v > .pt-cv-page {grid-template-columns: repeat(1, 1fr);}\n} \n@media all and (max-width: 767px) { \n#pt-cv-view-9633e99c5v > .pt-cv-page {grid-template-columns: repeat(1, 1fr);}\n} <\/style>\r\n\t\t\t\n<h6  class=\"esp20-0\">internos<\/h6>\n<div class=\"pt-cv-wrapper\"><div class=\"pt-cv-view pt-cv-blockgrid iscvblock iscvhybrid grid1 layout1\" id=\"pt-cv-view-9eb662e9pi\"><div data-id=\"pt-cv-page-1\" class=\"pt-cv-page\" data-cvc=\"4\"><div class=\" pt-cv-content-item pt-cv-1-col\" ><p class=\"pt-cv-title\"><a href=\"https:\/\/events.ipv.pt\/cidei\/proj-idi-cidei-014-caad-cooperar-e-avaliar-para-aprender-e-desenvolver-investigacao-acao-participativa-em-autoavaliacao-como-instrumento-de-desenvolvimento-organizacional-da-escola\/\" class=\"_self\" target=\"_self\" >PROJ\/I&#038;DI\/CI&#038;DEI\/014 | CAAD | COOPERAR E AVALIAR PARA APRENDER E DESENVOLVER Investiga\u00e7\u00e3o-a\u00e7\u00e3o participativa em  autoavalia\u00e7\u00e3o como instrumento de desenvolvimento organizacional da escola<\/a><\/p>\n<div class=\"pt-cv-meta-fields\"><span class=\"terms\"> <a href='https:\/\/events.ipv.pt\/cidei\/tag\/2023-2025\/' title='2023-2025' class='pt-cv-tax-2023-2025'>2023-2025<\/a>, <a href='https:\/\/events.ipv.pt\/cidei\/category\/estado\/concluido\/' title='concluido' class='pt-cv-tax-concluido'>concluido<\/a>, <a href='https:\/\/events.ipv.pt\/cidei\/tag\/henrique-ramalho\/' title='Henrique Ramalho' class='pt-cv-tax-henrique-ramalho'>Henrique Ramalho<\/a>, <a href='https:\/\/events.ipv.pt\/cidei\/tag\/joao-rocha\/' title='Jo\u00e3o Rocha' class='pt-cv-tax-joao-rocha'>Jo\u00e3o Rocha<\/a>, <a href='https:\/\/events.ipv.pt\/cidei\/category\/projeto\/nacional\/' title='nacional' class='pt-cv-tax-nacional'>nacional<\/a>, <a href='https:\/\/events.ipv.pt\/cidei\/category\/linha-investigacao\/politicas-educativas-didaticas-e-formacao\/' title='Pol\u00edticas Educativas Did\u00e1ticas e Forma\u00e7\u00e3o' class='pt-cv-tax-politicas-educativas-didaticas-e-formacao'>Pol\u00edticas Educativas Did\u00e1ticas e Forma\u00e7\u00e3o<\/a>, <a href='https:\/\/events.ipv.pt\/cidei\/category\/projeto-interno\/' title='projetos internos' class='pt-cv-tax-projeto-interno'>projetos internos<\/a>, <a href='https:\/\/events.ipv.pt\/cidei\/category\/nucleo\/viseu\/' title='Viseu' class='pt-cv-tax-viseu'>Viseu<\/a><\/span><\/div><\/div>\n<div class=\" pt-cv-content-item pt-cv-1-col\" ><p class=\"pt-cv-title\"><a href=\"https:\/\/events.ipv.pt\/cidei\/conhecimento-cientifico-didatico-em-acao-na-pratica-pedagogica-formacao-de-professores-dos-primeiros-anos-membros-do-cidei-helia-pinto-ir-ana-paula-cardoso-ana-isabel-silva-antonio-r\/\" class=\"_self\" target=\"_self\" >CONHECIMENTO CIENT\u00cdFICO\/DID\u00c1TICO EM A\u00c7\u00c3O NA PR\u00c1TICA PEDAG\u00d3GICA \u2013 FORMA\u00c7\u00c3O DE PROFESSORES DOS PRIMEIROS ANOS<\/a><\/p>\n<div class=\"pt-cv-meta-fields\"><span class=\"terms\"> <a href='https:\/\/events.ipv.pt\/cidei\/tag\/2019-2021\/' title='2019-2021' class='pt-cv-tax-2019-2021'>2019-2021<\/a>, <a href='https:\/\/events.ipv.pt\/cidei\/tag\/ana-isabel-silva\/' title='Ana Isabel Silva' class='pt-cv-tax-ana-isabel-silva'>Ana Isabel Silva<\/a>, <a href='https:\/\/events.ipv.pt\/cidei\/tag\/ana-paula-cardoso\/' title='Ana Paula Cardoso' class='pt-cv-tax-ana-paula-cardoso'>Ana Paula Cardoso<\/a>, <a href='https:\/\/events.ipv.pt\/cidei\/tag\/antonio-ribeiro\/' title='Ant\u00f3nio Ribeiro' class='pt-cv-tax-antonio-ribeiro'>Ant\u00f3nio Ribeiro<\/a>, <a href='https:\/\/events.ipv.pt\/cidei\/tag\/belmiro-rego\/' title='Belmiro Rego' class='pt-cv-tax-belmiro-rego'>Belmiro Rego<\/a>, <a href='https:\/\/events.ipv.pt\/cidei\/tag\/carla-lacerda\/' title='Carla Lacerda' class='pt-cv-tax-carla-lacerda'>Carla Lacerda<\/a>, <a href='https:\/\/events.ipv.pt\/cidei\/tag\/clarinda-barata\/' title='Clarinda Barata' class='pt-cv-tax-clarinda-barata'>Clarinda Barata<\/a>, <a href='https:\/\/events.ipv.pt\/cidei\/category\/estado\/concluido\/' title='concluido' class='pt-cv-tax-concluido'>concluido<\/a>, <a href='https:\/\/events.ipv.pt\/cidei\/tag\/dulce-melao\/' title='Dulce Mel\u00e3o' class='pt-cv-tax-dulce-melao'>Dulce Mel\u00e3o<\/a>, <a href='https:\/\/events.ipv.pt\/cidei\/tag\/eduarda-roque\/' title='Eduarda Roque' class='pt-cv-tax-eduarda-roque'>Eduarda Roque<\/a>, <a href='https:\/\/events.ipv.pt\/cidei\/tag\/elisabete-brito\/' title='Elisabete Brito' class='pt-cv-tax-elisabete-brito'>Elisabete Brito<\/a>, <a href='https:\/\/events.ipv.pt\/cidei\/tag\/filomena-velho\/' title='Filomena Velho' class='pt-cv-tax-filomena-velho'>Filomena Velho<\/a>, <a href='https:\/\/events.ipv.pt\/cidei\/tag\/florbela-rodrigues\/' title='Florbela Rodrigues' class='pt-cv-tax-florbela-rodrigues'>Florbela Rodrigues<\/a>, <a href='https:\/\/events.ipv.pt\/cidei\/category\/nucleo\/guarda\/' title='Guarda' class='pt-cv-tax-guarda'>Guarda<\/a>, <a href='https:\/\/events.ipv.pt\/cidei\/tag\/helia-pinto\/' title='H\u00e9lia Pinto' class='pt-cv-tax-helia-pinto'>H\u00e9lia Pinto<\/a>, <a href='https:\/\/events.ipv.pt\/cidei\/tag\/henrique-ramalho\/' title='Henrique Ramalho' class='pt-cv-tax-henrique-ramalho'>Henrique Ramalho<\/a>, <a href='https:\/\/events.ipv.pt\/cidei\/tag\/hugo-menino\/' title='Hugo Menino' class='pt-cv-tax-hugo-menino'>Hugo Menino<\/a>, <a href='https:\/\/events.ipv.pt\/cidei\/tag\/isabel-aires-de-matos\/' title='Isabel Aires de Matos' class='pt-cv-tax-isabel-aires-de-matos'>Isabel Aires de Matos<\/a>, <a href='https:\/\/events.ipv.pt\/cidei\/tag\/joao-rocha\/' title='Jo\u00e3o Rocha' class='pt-cv-tax-joao-rocha'>Jo\u00e3o Rocha<\/a>, <a href='https:\/\/events.ipv.pt\/cidei\/category\/nucleo\/leiria\/' title='Leiria' class='pt-cv-tax-leiria'>Leiria<\/a>, <a href='https:\/\/events.ipv.pt\/cidei\/tag\/lucia-magueta\/' title='L\u00facia Magueta' class='pt-cv-tax-lucia-magueta'>L\u00facia Magueta<\/a>, <a href='https:\/\/events.ipv.pt\/cidei\/tag\/luis-menezes\/' title='Lu\u00eds Menezes' class='pt-cv-tax-luis-menezes'>Lu\u00eds Menezes<\/a>, <a href='https:\/\/events.ipv.pt\/cidei\/tag\/maria-de-sao-pedro\/' title='Maria de S\u00e3o Pedro' class='pt-cv-tax-maria-de-sao-pedro'>Maria de S\u00e3o Pedro<\/a>, <a href='https:\/\/events.ipv.pt\/cidei\/tag\/maria-do-ceu-ribeiro\/' title='Maria do C\u00e9u Ribeiro' class='pt-cv-tax-maria-do-ceu-ribeiro'>Maria do C\u00e9u Ribeiro<\/a>, <a href='https:\/\/events.ipv.pt\/cidei\/tag\/maria-jose-gamboa\/' title='Maria Jos\u00e9 Gamboa' class='pt-cv-tax-maria-jose-gamboa'>Maria Jos\u00e9 Gamboa<\/a>, <a href='https:\/\/events.ipv.pt\/cidei\/tag\/maria-pacheco-figueiredo\/' title='Maria Pacheco Figueiredo' class='pt-cv-tax-maria-pacheco-figueiredo'>Maria Pacheco Figueiredo<\/a>, <a href='https:\/\/events.ipv.pt\/cidei\/tag\/marina-rodrigues\/' title='Marina Rodrigues' class='pt-cv-tax-marina-rodrigues'>Marina Rodrigues<\/a>, <a href='https:\/\/events.ipv.pt\/cidei\/category\/projeto\/nacional\/' title='nacional' class='pt-cv-tax-nacional'>nacional<\/a>, <a href='https:\/\/events.ipv.pt\/cidei\/tag\/olga-santos\/' title='Olga Santos' class='pt-cv-tax-olga-santos'>Olga Santos<\/a>, <a href='https:\/\/events.ipv.pt\/cidei\/tag\/paulo-eira\/' title='Paulo Eira' class='pt-cv-tax-paulo-eira'>Paulo Eira<\/a>, <a href='https:\/\/events.ipv.pt\/cidei\/tag\/pedro-tadeu\/' title='Pedro Tadeu' class='pt-cv-tax-pedro-tadeu'>Pedro Tadeu<\/a>, <a href='https:\/\/events.ipv.pt\/cidei\/category\/linha-investigacao\/politicas-educativas-didaticas-e-formacao\/' title='Pol\u00edticas Educativas Did\u00e1ticas e Forma\u00e7\u00e3o' class='pt-cv-tax-politicas-educativas-didaticas-e-formacao'>Pol\u00edticas Educativas Did\u00e1ticas e Forma\u00e7\u00e3o<\/a>, <a href='https:\/\/events.ipv.pt\/cidei\/category\/projeto-interno\/' title='projetos internos' class='pt-cv-tax-projeto-interno'>projetos internos<\/a>, <a href='https:\/\/events.ipv.pt\/cidei\/tag\/susana-reis\/' title='Susana Reis' class='pt-cv-tax-susana-reis'>Susana Reis<\/a>, <a href='https:\/\/events.ipv.pt\/cidei\/category\/nucleo\/viseu\/' title='Viseu' class='pt-cv-tax-viseu'>Viseu<\/a><\/span><\/div><\/div><\/div><\/div><\/div>\t\t\t<style type=\"text\/css\" id=\"pt-cv-inline-style-5c31c826mo\">\n#pt-cv-view-9eb662e9pi .pt-cv-thumb-wrapper:not(.miniwrap) {  }#pt-cv-view-9eb662e9pi .pt-cv-thumbnail:not(.pt-cv-thumbnailsm) { height: 250px; }#pt-cv-view-9eb662e9pi > .pt-cv-page {grid-template-columns: repeat(4, 1fr);grid-gap: 15px;}\n@media all and (max-width: 1024px) { \n#pt-cv-view-9eb662e9pi > .pt-cv-page {grid-template-columns: repeat(1, 1fr);}\n} \n@media all and (max-width: 767px) { \n#pt-cv-view-9eb662e9pi > .pt-cv-page {grid-template-columns: repeat(1, 1fr);}\n} <\/style>\r\n\t\t\t\n<\/div>\n<\/div>\n","protected":false},"excerpt":{"rendered":"<p>Jo\u00e3o Rocha Jo\u00e3o Manuel de Oliveira Rocha INSTITUTO POLIT\u00c9CNICO DE VISEU Escola Superior de Educa\u00e7\u00e3o ORCID \u2022 0000-0002-0454-5038 CI\u00caNCIAVITAE \u2022 F214-E725-4B51 internacionais livros cap\u00edtulos de livro nacionais livros cap\u00edtulos de livro artigos SCOPUS e\/ou WoS outras bases de indexa\u00e7\u00e3o abrir todos [internacionais] livros [internacionais] cap\u00edtulos de livro [nacionais] livros [nacionais] cap\u00edtulos de livro [artigos] SCOPUS [&hellip;]<\/p>\n","protected":false},"author":1,"featured_media":0,"comment_status":"closed","ping_status":"closed","sticky":false,"template":"","format":"standard","meta":{"site-sidebar-layout":"default","site-content-layout":"","ast-site-content-layout":"full-width-container","site-content-style":"default","site-sidebar-style":"default","ast-global-header-display":"","ast-banner-title-visibility":"","ast-main-header-display":"","ast-hfb-above-header-display":"","ast-hfb-below-header-display":"","ast-hfb-mobile-header-display":"","site-post-title":"disabled","ast-breadcrumbs-content":"","ast-featured-img":"","footer-sml-layout":"","ast-disable-related-posts":"","theme-transparent-header-meta":"default","adv-header-id-meta":"","stick-header-meta":"","header-above-stick-meta":"","header-main-stick-meta":"","header-below-stick-meta":"","astra-migrate-meta-layouts":"set","ast-page-background-enabled":"default","ast-page-background-meta":{"desktop":{"background-color":"","background-image":"","background-repeat":"repeat","background-position":"center center","background-size":"auto","background-attachment":"scroll","background-type":"","background-media":"","overlay-type":"","overlay-color":"","overlay-opacity":"","overlay-gradient":""},"tablet":{"background-color":"","background-image":"","background-repeat":"repeat","background-position":"center center","background-size":"auto","background-attachment":"scroll","background-type":"","background-media":"","overlay-type":"","overlay-color":"","overlay-opacity":"","overlay-gradient":""},"mobile":{"background-color":"","background-image":"","background-repeat":"repeat","background-position":"center center","background-size":"auto","background-attachment":"scroll","background-type":"","background-media":"","overlay-type":"","overlay-color":"","overlay-opacity":"","overlay-gradient":""}},"ast-content-background-meta":{"desktop":{"background-color":"var(--ast-global-color-5)","background-image":"","background-repeat":"repeat","background-position":"center center","background-size":"auto","background-attachment":"scroll","background-type":"","background-media":"","overlay-type":"","overlay-color":"","overlay-opacity":"","overlay-gradient":""},"tablet":{"background-color":"var(--ast-global-color-5)","background-image":"","background-repeat":"repeat","background-position":"center center","background-size":"auto","background-attachment":"scroll","background-type":"","background-media":"","overlay-type":"","overlay-color":"","overlay-opacity":"","overlay-gradient":""},"mobile":{"background-color":"var(--ast-global-color-5)","background-image":"","background-repeat":"repeat","background-position":"center center","background-size":"auto","background-attachment":"scroll","background-type":"","background-media":"","overlay-type":"","overlay-color":"","overlay-opacity":"","overlay-gradient":""}},"footnotes":"","_links_to":"","_links_to_target":""},"categories":[380],"tags":[],"class_list":["post-10378","post","type-post","status-publish","format-standard","hentry","category-uncategorized-pt"],"_links":{"self":[{"href":"https:\/\/events.ipv.pt\/cidei\/wp-json\/wp\/v2\/posts\/10378","targetHints":{"allow":["GET"]}}],"collection":[{"href":"https:\/\/events.ipv.pt\/cidei\/wp-json\/wp\/v2\/posts"}],"about":[{"href":"https:\/\/events.ipv.pt\/cidei\/wp-json\/wp\/v2\/types\/post"}],"author":[{"embeddable":true,"href":"https:\/\/events.ipv.pt\/cidei\/wp-json\/wp\/v2\/users\/1"}],"replies":[{"embeddable":true,"href":"https:\/\/events.ipv.pt\/cidei\/wp-json\/wp\/v2\/comments?post=10378"}],"version-history":[{"count":8,"href":"https:\/\/events.ipv.pt\/cidei\/wp-json\/wp\/v2\/posts\/10378\/revisions"}],"predecessor-version":[{"id":20893,"href":"https:\/\/events.ipv.pt\/cidei\/wp-json\/wp\/v2\/posts\/10378\/revisions\/20893"}],"wp:attachment":[{"href":"https:\/\/events.ipv.pt\/cidei\/wp-json\/wp\/v2\/media?parent=10378"}],"wp:term":[{"taxonomy":"category","embeddable":true,"href":"https:\/\/events.ipv.pt\/cidei\/wp-json\/wp\/v2\/categories?post=10378"},{"taxonomy":"post_tag","embeddable":true,"href":"https:\/\/events.ipv.pt\/cidei\/wp-json\/wp\/v2\/tags?post=10378"}],"curies":[{"name":"wp","href":"https:\/\/api.w.org\/{rel}","templated":true}]}}