{"id":10348,"date":"2024-03-15T11:13:57","date_gmt":"2024-03-15T11:13:57","guid":{"rendered":"http:\/\/localhost\/cidei\/?p=10348"},"modified":"2026-02-04T14:14:06","modified_gmt":"2026-02-04T14:14:06","slug":"fernando-alexandre","status":"publish","type":"post","link":"https:\/\/events.ipv.pt\/cidei\/fernando-alexandre\/","title":{"rendered":"Fernando Alexandre Lopes"},"content":{"rendered":"<div class=\"panel70 bannerEquipa bgBranco espCont\">\n<div class=\"rw\">\n<div>\n<h2>Fernando Alexandre Lopes<\/h2>\n<h4>Fernando Alexandre de Matos Pereira Lopes<\/h4>\n<h6>INSTITUTO POLIT\u00c9CNICO DE VISEU<br \/>\nEscola Superior de Educa\u00e7\u00e3o<\/h6>\n<\/div>\n<div class=\"bRow\">\n<a href=\"https:\/\/orcid.org\/0000-0003-4580-4937\" target=\"_blank\">ORCID \u2022 0000-0003-4580-4937<\/a><br \/>\n<a href=\"https:\/\/cienciavitae.pt\/2516-E7E1-4312\" target=\"_blank\">CI\u00caNCIAVITAE \u2022 2516-E7E1-4312<\/a>\n<\/div>\n<\/div>\n<\/div>\n<div class=\"panel bgCinzaEscuro auto-height\">\n<div class=\"dtq bgCinzaEscuro esp20\">\n<div class=\"dtqContainer esp100 fBranco espCont\">\n<div class=\"rwE\">\n<div>\n<p class=\"esp0-20\">internacionais<\/p>\n<div class=\"bRowRed bRowRedBranco\">\n<button class=\"tablinks\" data-group=\"grupo101\" data-target=\"LI\">livros<\/button><br \/>\n<button class=\"tablinks\" data-group=\"grupo101\" data-target=\"CLI\">cap\u00edtulos de livro<\/button>\n<\/div>\n<\/div>\n<div>\n<p class=\"esp0-20 espMob\">nacionais<\/p>\n<div class=\"bRowRed bRowRedBranco\">\n<button class=\"tablinks\" data-group=\"grupo101\" data-target=\"LN\">livros<\/button><br \/>\n<button class=\"tablinks\" data-group=\"grupo101\" data-target=\"CLN\">cap\u00edtulos de livro<\/button>\n<\/div>\n<\/div>\n<div>\n<p class=\"esp0-20 espMob fBranco\">artigos<\/p>\n<div class=\"bRowRed bRowRedBranco\">\n<button class=\"tablinks\" data-group=\"grupo101\" data-target=\"ARI\">SCOPUS e\/ou WoS<\/button><br \/>\n<button class=\"tablinks\" data-group=\"grupo101\" data-target=\"AR\">outras bases de indexa\u00e7\u00e3o<\/button>\n<\/div>\n<\/div>\n<\/div>\n<div style=\"margin-top: 30px;\">\n<button class=\"toggleGroup bHCz\" data-group=\"grupo101\">abrir todos<\/button>\n<\/div>\n<\/div>\n<div class=\"pad-R-100\">\n<div class=\"fCinza\">\n<div id=\"LI\" class=\"contentEquipa bgBranco esp50\" data-group=\"grupo101\">\n[internacionais] livros<br \/>\n<div class=\"pt-cv-wrapper\"><div class=\"pt-cv-view pt-cv-grid pt-cv-colsys\" id=\"pt-cv-view-102628exbt\"><div data-id=\"pt-cv-page-1\" class=\"pt-cv-page cv-npf\" data-cvc=\"1\"><div class=\"col-md-12 col-sm-12 col-xs-12 pt-cv-content-item pt-cv-1-col\" ><div class='pt-cv-ifield'><div class=\"pt-cv-no-post\">N\u00e3o foram encontrados artigos.<\/div><\/div><\/div><\/div><\/div><\/div>\n<\/div>\n<div id=\"CLI\" class=\"contentEquipa bgBranco esp50\" data-group=\"grupo101\">\n[internacionais] cap\u00edtulos de livro<br \/>\n<div class=\"pt-cv-wrapper\"><div class=\"pt-cv-view pt-cv-grid pt-cv-colsys\" id=\"pt-cv-view-d8db1ae9q5\"><div data-id=\"pt-cv-page-1\" class=\"pt-cv-page\" data-cvc=\"1\"><div class=\"col-md-12 col-sm-12 col-xs-12 pt-cv-content-item pt-cv-1-col\" ><div class='pt-cv-ifield'><div class=\"pt-cv-content\"><p>Lopes, F. (2021).<br \/>\nEutopia e imagem eid\u00e9tica de uma cidade sem nome, mas com rosto, na novel\u00edstica de Domingos Monteiro.<br \/>\nIn M. Feitosa, S. Santos (Orgs), <em>A cidade nas literaturas de L\u00edngua Portuguesa: imag\u00e9tica, plural, transfigurada<\/em> (pp. 147-168).<br \/>\nTeresina-Piau\u00ed, Brasil: Editora Cancioneiro. ISBN: 978-65-89065-09-8<\/p>\n<\/div>\n<div class=\"pt-cv-meta-fields\"><span class=\"terms\"> <a href='https:\/\/events.ipv.pt\/cidei\/category\/2021\/' title='2021' class='pt-cv-tax-2021'>2021<\/a>, <a href='https:\/\/events.ipv.pt\/cidei\/category\/producao-cientifica\/caplivrointernacional\/' title='Cap\u00edtulos de Livro de Edi\u00e7\u00e3o Internacional' class='pt-cv-tax-caplivrointernacional'>Cap\u00edtulos de Livro de Edi\u00e7\u00e3o Internacional<\/a>, <a href='https:\/\/events.ipv.pt\/cidei\/tag\/fernando-alexandre\/' title='Fernando Alexandre' class='pt-cv-tax-fernando-alexandre'>Fernando Alexandre<\/a>, <a href='https:\/\/events.ipv.pt\/cidei\/category\/nucleo\/viseu\/' title='Viseu' class='pt-cv-tax-viseu'>Viseu<\/a><\/span><\/div><\/div><\/div>\n<div class=\"col-md-12 col-sm-12 col-xs-12 pt-cv-content-item pt-cv-1-col\" ><div class='pt-cv-ifield'><div class=\"pt-cv-content\"><p>Lopes, F. A. (2018).<br \/>\nEspa\u00e7o e mundivid\u00eancia, no ensaio Contrato Sentimental, de L\u00eddia Jorge.<br \/>\nIn S. Barbosa, O. B. Filho, J. L. M. Moraes (Eds.), <em>O espa\u00e7o liter\u00e1rio na obra de L\u00eddia Jorge<\/em> (pp. 37).<br \/>\nBrasil: Editora Bonecker Lda.<br \/>\nRetrieved from <a href=\"http:\/\/hdl.handle.net\/10400.19\/5405\" rel=\"noopener\" target=\"_blank\">http:\/\/hdl.handle.net\/10400.19\/5405<\/a><\/p>\n<\/div>\n<div class=\"pt-cv-meta-fields\"><span class=\"terms\"> <a href='https:\/\/events.ipv.pt\/cidei\/category\/2018\/' title='2018' class='pt-cv-tax-2018'>2018<\/a>, <a href='https:\/\/events.ipv.pt\/cidei\/category\/producao-cientifica\/caplivrointernacional\/' title='Cap\u00edtulos de Livro de Edi\u00e7\u00e3o Internacional' class='pt-cv-tax-caplivrointernacional'>Cap\u00edtulos de Livro de Edi\u00e7\u00e3o Internacional<\/a>, <a href='https:\/\/events.ipv.pt\/cidei\/tag\/fernando-alexandre\/' title='Fernando Alexandre' class='pt-cv-tax-fernando-alexandre'>Fernando Alexandre<\/a>, <a href='https:\/\/events.ipv.pt\/cidei\/category\/nucleo\/viseu\/' title='Viseu' class='pt-cv-tax-viseu'>Viseu<\/a><\/span><\/div><\/div><\/div><\/div><\/div><\/div>\n<\/div>\n<div id=\"LN\" class=\"contentEquipa bgBranco esp50\" data-group=\"grupo101\">\n[nacionais] livros<br \/>\n<div class=\"pt-cv-wrapper\"><div class=\"pt-cv-view pt-cv-grid pt-cv-colsys\" id=\"pt-cv-view-0884cc93l6\"><div data-id=\"pt-cv-page-1\" class=\"pt-cv-page cv-npf\" data-cvc=\"1\"><div class=\"col-md-12 col-sm-12 col-xs-12 pt-cv-content-item pt-cv-1-col\" ><div class='pt-cv-ifield'><div class=\"pt-cv-no-post\">N\u00e3o foram encontrados artigos.<\/div><\/div><\/div><\/div><\/div><\/div>\n<\/div>\n<div id=\"CLN\" class=\"contentEquipa bgBranco esp50\" data-group=\"grupo101\">\n[nacionais] cap\u00edtulos de livro<br \/>\n<div class=\"pt-cv-wrapper\"><div class=\"pt-cv-view pt-cv-grid pt-cv-colsys\" id=\"pt-cv-view-a55254dz76\"><div data-id=\"pt-cv-page-1\" class=\"pt-cv-page cv-npf\" data-cvc=\"1\"><div class=\"col-md-12 col-sm-12 col-xs-12 pt-cv-content-item pt-cv-1-col\" ><div class='pt-cv-ifield'><div class=\"pt-cv-no-post\">N\u00e3o foram encontrados artigos.<\/div><\/div><\/div><\/div><\/div><\/div>\n<\/div>\n<div id=\"ARI\" class=\"contentEquipa bgBranco esp50\" data-group=\"grupo101\">\n[artigos] SCOPUS e\/ou WoS<br \/>\n<div class=\"pt-cv-wrapper\"><div class=\"pt-cv-view pt-cv-grid pt-cv-colsys\" id=\"pt-cv-view-db13bc3fvu\"><div data-id=\"pt-cv-page-1\" class=\"pt-cv-page cv-npf\" data-cvc=\"1\"><div class=\"col-md-12 col-sm-12 col-xs-12 pt-cv-content-item pt-cv-1-col\" ><div class='pt-cv-ifield'><div class=\"pt-cv-no-post\">N\u00e3o foram encontrados artigos.<\/div><\/div><\/div><\/div><\/div><\/div>\n<\/div>\n<div id=\"AR\" class=\"contentEquipa bgBranco esp50\" data-group=\"grupo101\">\n[artigos] outras bases de indexa\u00e7\u00e3o<br \/>\n<div class=\"pt-cv-wrapper\"><div class=\"pt-cv-view pt-cv-grid pt-cv-colsys\" id=\"pt-cv-view-01ebab11ot\"><div data-id=\"pt-cv-page-1\" class=\"pt-cv-page\" data-cvc=\"1\"><div class=\"col-md-12 col-sm-12 col-xs-12 pt-cv-content-item pt-cv-1-col\" ><div class='pt-cv-ifield'><div class=\"pt-cv-content\"><p>Lopes, A. (2021).<br \/>\nLiteratura, espa\u00e7o e pandemia\/endemia: O conto a doen\u00e7a, de Domingos Monteiro, \u00ednsito na obra a vinha da maldi\u00e7\u00e3o e outras hist\u00f3rias quase verdadeiras (de 1969).<br \/>\n<em>Topus, 7<\/em>(1), 65-93.<\/p>\n<\/div>\n<div class=\"pt-cv-meta-fields\"><span class=\"terms\"> <a href='https:\/\/events.ipv.pt\/cidei\/category\/2021\/' title='2021' class='pt-cv-tax-2021'>2021<\/a>, <a href='https:\/\/events.ipv.pt\/cidei\/category\/producao-cientifica\/artigos-em-revistas\/' title='Artigos em Revistas' class='pt-cv-tax-artigos-em-revistas'>Artigos em Revistas<\/a>, <a href='https:\/\/events.ipv.pt\/cidei\/tag\/fernando-alexandre\/' title='Fernando Alexandre' class='pt-cv-tax-fernando-alexandre'>Fernando Alexandre<\/a>, <a href='https:\/\/events.ipv.pt\/cidei\/category\/nucleo\/viseu\/' title='Viseu' class='pt-cv-tax-viseu'>Viseu<\/a><\/span><\/div><\/div><\/div><\/div><\/div><\/div>\n<\/div>\n<\/div>\n<\/div>\n<\/div>\n<\/div>\n<div class=\"panel auto-height bgBranco espCont\">\n<div class=\"ast-container esp100-0\">\n<h4>PROJETOS<\/h4>\n<h6>competitivos<\/h6>\n<div class=\"pt-cv-wrapper\"><div class=\"pt-cv-view pt-cv-blockgrid iscvblock iscvhybrid grid1 layout1\" id=\"pt-cv-view-c6437dbn95\"><div data-id=\"pt-cv-page-1\" class=\"pt-cv-page cv-npf\" data-cvc=\"4\"><div class=\" pt-cv-content-item pt-cv-1-col\" ><div class=\"pt-cv-no-post\">N\u00e3o foram encontrados artigos.<\/div><\/div><\/div><\/div><\/div>\t\t\t<style type=\"text\/css\" id=\"pt-cv-inline-style-04ee760xwe\">\n#pt-cv-view-c6437dbn95 .pt-cv-thumb-wrapper:not(.miniwrap) {  }#pt-cv-view-c6437dbn95 .pt-cv-thumbnail:not(.pt-cv-thumbnailsm) { height: 18vh; }#pt-cv-view-c6437dbn95 > .pt-cv-page {grid-template-columns: repeat(4, 1fr);grid-gap: 15px;}\n@media all and (max-width: 1024px) { \n#pt-cv-view-c6437dbn95 > .pt-cv-page {grid-template-columns: repeat(1, 1fr);}\n} \n@media all and (max-width: 767px) { \n#pt-cv-view-c6437dbn95 > .pt-cv-page {grid-template-columns: repeat(1, 1fr);}\n} <\/style>\r\n\t\t\t\n<h6  class=\"esp20-0\">internos<\/h6>\n<div class=\"pt-cv-wrapper\"><div class=\"pt-cv-view pt-cv-blockgrid iscvblock iscvhybrid grid1 layout1\" id=\"pt-cv-view-d29cc6b5my\"><div data-id=\"pt-cv-page-1\" class=\"pt-cv-page cv-npf\" data-cvc=\"4\"><div class=\" pt-cv-content-item pt-cv-1-col\" ><div class=\"pt-cv-no-post\">N\u00e3o foram encontrados artigos.<\/div><\/div><\/div><\/div><\/div>\t\t\t<style type=\"text\/css\" id=\"pt-cv-inline-style-d8711c7ga9\">\n#pt-cv-view-d29cc6b5my .pt-cv-thumb-wrapper:not(.miniwrap) {  }#pt-cv-view-d29cc6b5my .pt-cv-thumbnail:not(.pt-cv-thumbnailsm) { height: 250px; }#pt-cv-view-d29cc6b5my > .pt-cv-page {grid-template-columns: repeat(4, 1fr);grid-gap: 15px;}\n@media all and (max-width: 1024px) { \n#pt-cv-view-d29cc6b5my > .pt-cv-page {grid-template-columns: repeat(1, 1fr);}\n} \n@media all and (max-width: 767px) { \n#pt-cv-view-d29cc6b5my > .pt-cv-page {grid-template-columns: repeat(1, 1fr);}\n} <\/style>\r\n\t\t\t\n<\/div>\n<\/div>\n","protected":false},"excerpt":{"rendered":"<p>Fernando Alexandre Lopes Fernando Alexandre de Matos Pereira Lopes INSTITUTO POLIT\u00c9CNICO DE VISEU Escola Superior de Educa\u00e7\u00e3o ORCID \u2022 0000-0003-4580-4937 CI\u00caNCIAVITAE \u2022 2516-E7E1-4312 internacionais livros cap\u00edtulos de livro nacionais livros cap\u00edtulos de livro artigos SCOPUS e\/ou WoS outras bases de indexa\u00e7\u00e3o abrir todos [internacionais] livros [internacionais] cap\u00edtulos de livro [nacionais] livros [nacionais] cap\u00edtulos de livro [&hellip;]<\/p>\n","protected":false},"author":1,"featured_media":0,"comment_status":"closed","ping_status":"closed","sticky":false,"template":"","format":"standard","meta":{"site-sidebar-layout":"default","site-content-layout":"","ast-site-content-layout":"full-width-container","site-content-style":"default","site-sidebar-style":"default","ast-global-header-display":"","ast-banner-title-visibility":"","ast-main-header-display":"","ast-hfb-above-header-display":"","ast-hfb-below-header-display":"","ast-hfb-mobile-header-display":"","site-post-title":"disabled","ast-breadcrumbs-content":"","ast-featured-img":"","footer-sml-layout":"","ast-disable-related-posts":"","theme-transparent-header-meta":"default","adv-header-id-meta":"","stick-header-meta":"","header-above-stick-meta":"","header-main-stick-meta":"","header-below-stick-meta":"","astra-migrate-meta-layouts":"set","ast-page-background-enabled":"default","ast-page-background-meta":{"desktop":{"background-color":"","background-image":"","background-repeat":"repeat","background-position":"center center","background-size":"auto","background-attachment":"scroll","background-type":"","background-media":"","overlay-type":"","overlay-color":"","overlay-opacity":"","overlay-gradient":""},"tablet":{"background-color":"","background-image":"","background-repeat":"repeat","background-position":"center center","background-size":"auto","background-attachment":"scroll","background-type":"","background-media":"","overlay-type":"","overlay-color":"","overlay-opacity":"","overlay-gradient":""},"mobile":{"background-color":"","background-image":"","background-repeat":"repeat","background-position":"center center","background-size":"auto","background-attachment":"scroll","background-type":"","background-media":"","overlay-type":"","overlay-color":"","overlay-opacity":"","overlay-gradient":""}},"ast-content-background-meta":{"desktop":{"background-color":"var(--ast-global-color-5)","background-image":"","background-repeat":"repeat","background-position":"center center","background-size":"auto","background-attachment":"scroll","background-type":"","background-media":"","overlay-type":"","overlay-color":"","overlay-opacity":"","overlay-gradient":""},"tablet":{"background-color":"var(--ast-global-color-5)","background-image":"","background-repeat":"repeat","background-position":"center center","background-size":"auto","background-attachment":"scroll","background-type":"","background-media":"","overlay-type":"","overlay-color":"","overlay-opacity":"","overlay-gradient":""},"mobile":{"background-color":"var(--ast-global-color-5)","background-image":"","background-repeat":"repeat","background-position":"center center","background-size":"auto","background-attachment":"scroll","background-type":"","background-media":"","overlay-type":"","overlay-color":"","overlay-opacity":"","overlay-gradient":""}},"footnotes":"","_links_to":"","_links_to_target":""},"categories":[380],"tags":[],"class_list":["post-10348","post","type-post","status-publish","format-standard","hentry","category-uncategorized-pt"],"_links":{"self":[{"href":"https:\/\/events.ipv.pt\/cidei\/wp-json\/wp\/v2\/posts\/10348","targetHints":{"allow":["GET"]}}],"collection":[{"href":"https:\/\/events.ipv.pt\/cidei\/wp-json\/wp\/v2\/posts"}],"about":[{"href":"https:\/\/events.ipv.pt\/cidei\/wp-json\/wp\/v2\/types\/post"}],"author":[{"embeddable":true,"href":"https:\/\/events.ipv.pt\/cidei\/wp-json\/wp\/v2\/users\/1"}],"replies":[{"embeddable":true,"href":"https:\/\/events.ipv.pt\/cidei\/wp-json\/wp\/v2\/comments?post=10348"}],"version-history":[{"count":9,"href":"https:\/\/events.ipv.pt\/cidei\/wp-json\/wp\/v2\/posts\/10348\/revisions"}],"predecessor-version":[{"id":20883,"href":"https:\/\/events.ipv.pt\/cidei\/wp-json\/wp\/v2\/posts\/10348\/revisions\/20883"}],"wp:attachment":[{"href":"https:\/\/events.ipv.pt\/cidei\/wp-json\/wp\/v2\/media?parent=10348"}],"wp:term":[{"taxonomy":"category","embeddable":true,"href":"https:\/\/events.ipv.pt\/cidei\/wp-json\/wp\/v2\/categories?post=10348"},{"taxonomy":"post_tag","embeddable":true,"href":"https:\/\/events.ipv.pt\/cidei\/wp-json\/wp\/v2\/tags?post=10348"}],"curies":[{"name":"wp","href":"https:\/\/api.w.org\/{rel}","templated":true}]}}