{"id":10287,"date":"2024-03-15T09:35:28","date_gmt":"2024-03-15T09:35:28","guid":{"rendered":"http:\/\/localhost\/cidei\/?p=10287"},"modified":"2026-02-04T14:12:39","modified_gmt":"2026-02-04T14:12:39","slug":"ana-souto-e-melo","status":"publish","type":"post","link":"https:\/\/events.ipv.pt\/cidei\/ana-souto-e-melo\/","title":{"rendered":"Ana Souto e Melo"},"content":{"rendered":"<div class=\"panel70 bannerEquipa bgBranco espCont\">\n<div class=\"rw\">\n<div>\n<h2>Ana Souto e Melo<\/h2>\n<h4>Ana Lu\u00edsa Pinto do Souto e Melo<\/h4>\n<h6>INSTITUTO POLIT\u00c9CNICO DE VISEU<br \/>\nEscola Superior de Educa\u00e7\u00e3o<\/h6>\n<\/div>\n<div class=\"bRow\">\n<a href=\"https:\/\/orcid.org\/0000-0002-2659-8755\" target=\"_blank\">ORCID \u2022 0000-0002-2659-8755<\/a><br \/>\n<a href=\"https:\/\/cienciavitae.pt\/1419-D8FD-5AE6\" target=\"_blank\">CI\u00caNCIAVITAE \u2022 1419-D8FD-5AE6<\/a>\n<\/div>\n<\/div>\n<\/div>\n<div class=\"panel bgCinzaEscuro auto-height\">\n<div class=\"dtq bgCinzaEscuro esp20\">\n<div class=\"dtqContainer esp100 fBranco espCont\">\n<div class=\"rwE\">\n<div>\n<p class=\"esp0-20\">internacionais<\/p>\n<div class=\"bRowRed bRowRedBranco\">\n<button class=\"tablinks\" data-group=\"grupo101\" data-target=\"LI\">livros<\/button><br \/>\n<button class=\"tablinks\" data-group=\"grupo101\" data-target=\"CLI\">cap\u00edtulos de livro<\/button>\n<\/div>\n<\/div>\n<div>\n<p class=\"esp0-20 espMob\">nacionais<\/p>\n<div class=\"bRowRed bRowRedBranco\">\n<button class=\"tablinks\" data-group=\"grupo101\" data-target=\"LN\">livros<\/button><br \/>\n<button class=\"tablinks\" data-group=\"grupo101\" data-target=\"CLN\">cap\u00edtulos de livro<\/button>\n<\/div>\n<\/div>\n<div>\n<p class=\"esp0-20 espMob fBranco\">artigos<\/p>\n<div class=\"bRowRed bRowRedBranco\">\n<button class=\"tablinks\" data-group=\"grupo101\" data-target=\"ARI\">SCOPUS e\/ou WoS<\/button><br \/>\n<button class=\"tablinks\" data-group=\"grupo101\" data-target=\"AR\">outras bases de indexa\u00e7\u00e3o<\/button>\n<\/div>\n<\/div>\n<\/div>\n<div style=\"margin-top: 30px;\">\n<button class=\"toggleGroup bHCz\" data-group=\"grupo101\">abrir todos<\/button>\n<\/div>\n<\/div>\n<div class=\"pad-R-100\">\n<div class=\"fCinza\">\n<div id=\"LI\" class=\"contentEquipa bgBranco esp50\" data-group=\"grupo101\">\n[internacionais] livros<br \/>\n<div class=\"pt-cv-wrapper\"><div class=\"pt-cv-view pt-cv-grid pt-cv-colsys\" id=\"pt-cv-view-c0bb7681sf\"><div data-id=\"pt-cv-page-1\" class=\"pt-cv-page cv-npf\" data-cvc=\"1\"><div class=\"col-md-12 col-sm-12 col-xs-12 pt-cv-content-item pt-cv-1-col\" ><div class='pt-cv-ifield'><div class=\"pt-cv-no-post\">N\u00e3o foram encontrados artigos.<\/div><\/div><\/div><\/div><\/div><\/div>\n<\/div>\n<div id=\"CLI\" class=\"contentEquipa bgBranco esp50\" data-group=\"grupo101\">\n[internacionais] cap\u00edtulos de livro<br \/>\n<div class=\"pt-cv-wrapper\"><div class=\"pt-cv-view pt-cv-grid pt-cv-colsys\" id=\"pt-cv-view-3bc7b9fgj8\"><div data-id=\"pt-cv-page-1\" class=\"pt-cv-page\" data-cvc=\"1\"><div class=\"col-md-12 col-sm-12 col-xs-12 pt-cv-content-item pt-cv-1-col\" ><div class='pt-cv-ifield'><div class=\"pt-cv-content\"><p>Sousa, C., Figueiredo, S., Souto-e-Melo, A. L. (2023).<br \/>\nThe Virtual Art Lab.<br \/>\nIn Zimmerman, A. S. (Ed.), <em>Handbook of Research on Advancing Teaching and Teacher Education in the Context of a Virtual Age<\/em> (pp. 78-103).<br \/>\nIGI Global. <a href=\"https:\/\/www.igi-global.com\/gateway\/chapter\/316518\" rel=\"noopener\" target=\"_blank\">10.4018\/978-1-6684-8407-4.ch005<\/a><\/p>\n<\/div>\n<div class=\"pt-cv-meta-fields\"><span class=\"terms\"> <a href='https:\/\/events.ipv.pt\/cidei\/category\/2023\/' title='2023' class='pt-cv-tax-2023'>2023<\/a>, <a href='https:\/\/events.ipv.pt\/cidei\/tag\/ana-souto-e-melo\/' title='Ana Souto e Melo' class='pt-cv-tax-ana-souto-e-melo'>Ana Souto e Melo<\/a>, <a href='https:\/\/events.ipv.pt\/cidei\/category\/producao-cientifica\/caplivrointernacional\/' title='Cap\u00edtulos de Livro de Edi\u00e7\u00e3o Internacional' class='pt-cv-tax-caplivrointernacional'>Cap\u00edtulos de Livro de Edi\u00e7\u00e3o Internacional<\/a>, <a href='https:\/\/events.ipv.pt\/cidei\/tag\/catarina-sousa\/' title='Catarina Sousa' class='pt-cv-tax-catarina-sousa'>Catarina Sousa<\/a>, <a href='https:\/\/events.ipv.pt\/cidei\/category\/linha-investigacao\/tic-e-multimedia-na-educacao\/' title='TIC e Multim\u00e9dia na Educa\u00e7\u00e3o' class='pt-cv-tax-tic-e-multimedia-na-educacao'>TIC e Multim\u00e9dia na Educa\u00e7\u00e3o<\/a>, <a href='https:\/\/events.ipv.pt\/cidei\/category\/nucleo\/viseu\/' title='Viseu' class='pt-cv-tax-viseu'>Viseu<\/a><\/span><\/div><\/div><\/div>\n<div class=\"col-md-12 col-sm-12 col-xs-12 pt-cv-content-item pt-cv-1-col\" ><div class='pt-cv-ifield'><div class=\"pt-cv-content\"><p>Souto-e-Melo, A. L. (2021).<br \/>\nConfigura\u00e7\u00f5es de renova\u00e7\u00e3o pedag\u00f3gico-did\u00e1tica no ensino superior: uma proposta no curso de Artes Pl\u00e1sticas e Multim\u00e9dia.<br \/>\nIn\u00a0<em>Formas de ense\u00f1ar y aprender en educaci\u00f3n superior | Faces no ensinar e do aprender no ensino superior<\/em> (pp. 390-408).<br \/>\nVal\u00eancia, Espanha: Instituto de Creatividad e Innovaciones Educativas de la Universitat de Val\u00eancia<\/p>\n<\/div>\n<div class=\"pt-cv-meta-fields\"><span class=\"terms\"> <a href='https:\/\/events.ipv.pt\/cidei\/category\/2021\/' title='2021' class='pt-cv-tax-2021'>2021<\/a>, <a href='https:\/\/events.ipv.pt\/cidei\/tag\/ana-souto-e-melo\/' title='Ana Souto e Melo' class='pt-cv-tax-ana-souto-e-melo'>Ana Souto e Melo<\/a>, <a href='https:\/\/events.ipv.pt\/cidei\/category\/producao-cientifica\/caplivrointernacional\/' title='Cap\u00edtulos de Livro de Edi\u00e7\u00e3o Internacional' class='pt-cv-tax-caplivrointernacional'>Cap\u00edtulos de Livro de Edi\u00e7\u00e3o Internacional<\/a>, <a href='https:\/\/events.ipv.pt\/cidei\/category\/linha-investigacao\/politicas-educativas-didaticas-e-formacao\/' title='Pol\u00edticas Educativas Did\u00e1ticas e Forma\u00e7\u00e3o' class='pt-cv-tax-politicas-educativas-didaticas-e-formacao'>Pol\u00edticas Educativas Did\u00e1ticas e Forma\u00e7\u00e3o<\/a>, <a href='https:\/\/events.ipv.pt\/cidei\/category\/nucleo\/viseu\/' title='Viseu' class='pt-cv-tax-viseu'>Viseu<\/a><\/span><\/div><\/div><\/div><\/div><\/div><\/div>\n<\/div>\n<div id=\"LN\" class=\"contentEquipa bgBranco esp50\" data-group=\"grupo101\">\n[nacionais] livros<br \/>\n<div class=\"pt-cv-wrapper\"><div class=\"pt-cv-view pt-cv-grid pt-cv-colsys\" id=\"pt-cv-view-6c0cbe9o9g\"><div data-id=\"pt-cv-page-1\" class=\"pt-cv-page cv-npf\" data-cvc=\"1\"><div class=\"col-md-12 col-sm-12 col-xs-12 pt-cv-content-item pt-cv-1-col\" ><div class='pt-cv-ifield'><div class=\"pt-cv-no-post\">N\u00e3o foram encontrados artigos.<\/div><\/div><\/div><\/div><\/div><\/div>\n<\/div>\n<div id=\"CLN\" class=\"contentEquipa bgBranco esp50\" data-group=\"grupo101\">\n[nacionais] cap\u00edtulos de livro<br \/>\n<div class=\"pt-cv-wrapper\"><div class=\"pt-cv-view pt-cv-grid pt-cv-colsys\" id=\"pt-cv-view-51ae6b8rlc\"><div data-id=\"pt-cv-page-1\" class=\"pt-cv-page\" data-cvc=\"1\"><div class=\"col-md-12 col-sm-12 col-xs-12 pt-cv-content-item pt-cv-1-col\" ><div class='pt-cv-ifield'><div class=\"pt-cv-content\"><p>Lemos, J, Gon\u00e7alves, L., Melo, A., Pereira, J. (2023).<br \/>\nO retrato da viol\u00eancia dom\u00e9stica atrav\u00e9s da arte.<br \/>\nIn A. S. Melo, C. C. Sousa, J. Pereira, M. Figueiredo, N. Gon\u00e7alves, N. S. Morais, P. A. Rodrigues, P. Coutinho, P. N. Rito, S. A. Ferreira, S. Figueiredo (Eds.), <em>IPVerso, Educa\u00e7\u00e3o e Cocria\u00e7\u00e3o<\/em>, (pp. 110-119).<br \/>\nInstituto Polit\u00e9cnico de Viseu.<\/p>\n<\/div>\n<div class=\"pt-cv-meta-fields\"><span class=\"terms\"> <a href='https:\/\/events.ipv.pt\/cidei\/category\/2023\/' title='2023' class='pt-cv-tax-2023'>2023<\/a>, <a href='https:\/\/events.ipv.pt\/cidei\/tag\/ana-souto-e-melo\/' title='Ana Souto e Melo' class='pt-cv-tax-ana-souto-e-melo'>Ana Souto e Melo<\/a>, <a href='https:\/\/events.ipv.pt\/cidei\/category\/producao-cientifica\/capitulos-de-livro-de-edicao-nacional\/' title='Cap\u00edtulos de Livro de Edi\u00e7\u00e3o Nacional' class='pt-cv-tax-capitulos-de-livro-de-edicao-nacional'>Cap\u00edtulos de Livro de Edi\u00e7\u00e3o Nacional<\/a>, <a href='https:\/\/events.ipv.pt\/cidei\/tag\/jose-pereira\/' title='Jos\u00e9 Pereira' class='pt-cv-tax-jose-pereira'>Jos\u00e9 Pereira<\/a>, <a href='https:\/\/events.ipv.pt\/cidei\/category\/linha-investigacao\/tic-e-multimedia-na-educacao\/' title='TIC e Multim\u00e9dia na Educa\u00e7\u00e3o' class='pt-cv-tax-tic-e-multimedia-na-educacao'>TIC e Multim\u00e9dia na Educa\u00e7\u00e3o<\/a>, <a href='https:\/\/events.ipv.pt\/cidei\/category\/nucleo\/viseu\/' title='Viseu' class='pt-cv-tax-viseu'>Viseu<\/a><\/span><\/div><\/div><\/div>\n<div class=\"col-md-12 col-sm-12 col-xs-12 pt-cv-content-item pt-cv-1-col\" ><div class='pt-cv-ifield'><div class=\"pt-cv-content\"><p>Paiva, A., Lopes, I., Melo, A., Pereira, J. (2023).<br \/>\nMais um dia de trabalho Pintura abstrata em performance colaborativa.<br \/>\nIn A. S. Melo, C. C. Sousa, J. Pereira, M. Figueiredo, N. Gon\u00e7alves, N. S. Morais, P. A. Rodrigues, P. Coutinho, P. N. Rito, S. A. Ferreira, S. Figueiredo (Eds.), <em>IPVerso, Educa\u00e7\u00e3o e Cocria\u00e7\u00e3o<\/em>, (pp. 90-99).<br \/>\nInstituto Polit\u00e9cnico de Viseu.<\/p>\n<\/div>\n<div class=\"pt-cv-meta-fields\"><span class=\"terms\"> <a href='https:\/\/events.ipv.pt\/cidei\/category\/2023\/' title='2023' class='pt-cv-tax-2023'>2023<\/a>, <a href='https:\/\/events.ipv.pt\/cidei\/tag\/ana-souto-e-melo\/' title='Ana Souto e Melo' class='pt-cv-tax-ana-souto-e-melo'>Ana Souto e Melo<\/a>, <a href='https:\/\/events.ipv.pt\/cidei\/category\/producao-cientifica\/capitulos-de-livro-de-edicao-nacional\/' title='Cap\u00edtulos de Livro de Edi\u00e7\u00e3o Nacional' class='pt-cv-tax-capitulos-de-livro-de-edicao-nacional'>Cap\u00edtulos de Livro de Edi\u00e7\u00e3o Nacional<\/a>, <a href='https:\/\/events.ipv.pt\/cidei\/tag\/jose-pereira\/' title='Jos\u00e9 Pereira' class='pt-cv-tax-jose-pereira'>Jos\u00e9 Pereira<\/a>, <a href='https:\/\/events.ipv.pt\/cidei\/category\/linha-investigacao\/tic-e-multimedia-na-educacao\/' title='TIC e Multim\u00e9dia na Educa\u00e7\u00e3o' class='pt-cv-tax-tic-e-multimedia-na-educacao'>TIC e Multim\u00e9dia na Educa\u00e7\u00e3o<\/a>, <a href='https:\/\/events.ipv.pt\/cidei\/category\/nucleo\/viseu\/' title='Viseu' class='pt-cv-tax-viseu'>Viseu<\/a><\/span><\/div><\/div><\/div>\n<div class=\"col-md-12 col-sm-12 col-xs-12 pt-cv-content-item pt-cv-1-col\" ><div class='pt-cv-ifield'><div class=\"pt-cv-content\"><p>Queir\u00f3s, I., Paz, R., Melo, A. S., Rodrigues, P. (2023).<br \/>\nArte e Mente.<br \/>\nIn A. S. Melo, C. C. Sousa, J. Pereira, M. Figueiredo, N. Gon\u00e7alves, N. S. Morais, P. A. Rodrigues, P. Coutinho, P. N. Rito, S. A. Ferreira, S. Figueiredo (Eds.), <em>IPVerso, Educa\u00e7\u00e3o e Cocria\u00e7\u00e3o<\/em>, (pp. 100-109).<br \/>\nInstituto Polit\u00e9cnico de Viseu.<\/p>\n<\/div>\n<div class=\"pt-cv-meta-fields\"><span class=\"terms\"> <a href='https:\/\/events.ipv.pt\/cidei\/category\/2023\/' title='2023' class='pt-cv-tax-2023'>2023<\/a>, <a href='https:\/\/events.ipv.pt\/cidei\/tag\/ana-souto-e-melo\/' title='Ana Souto e Melo' class='pt-cv-tax-ana-souto-e-melo'>Ana Souto e Melo<\/a>, <a href='https:\/\/events.ipv.pt\/cidei\/category\/producao-cientifica\/capitulos-de-livro-de-edicao-nacional\/' title='Cap\u00edtulos de Livro de Edi\u00e7\u00e3o Nacional' class='pt-cv-tax-capitulos-de-livro-de-edicao-nacional'>Cap\u00edtulos de Livro de Edi\u00e7\u00e3o Nacional<\/a>, <a href='https:\/\/events.ipv.pt\/cidei\/tag\/paula-rodrigues\/' title='Paula Rodrigues' class='pt-cv-tax-paula-rodrigues'>Paula Rodrigues<\/a>, <a href='https:\/\/events.ipv.pt\/cidei\/category\/linha-investigacao\/tic-e-multimedia-na-educacao\/' title='TIC e Multim\u00e9dia na Educa\u00e7\u00e3o' class='pt-cv-tax-tic-e-multimedia-na-educacao'>TIC e Multim\u00e9dia na Educa\u00e7\u00e3o<\/a>, <a href='https:\/\/events.ipv.pt\/cidei\/category\/nucleo\/viseu\/' title='Viseu' class='pt-cv-tax-viseu'>Viseu<\/a><\/span><\/div><\/div><\/div>\n<div class=\"col-md-12 col-sm-12 col-xs-12 pt-cv-content-item pt-cv-1-col\" ><div class='pt-cv-ifield'><div class=\"pt-cv-content\"><p>Saraiva, A., Alves, C., Souto-e-Melo, A., &#038; Figueiredo, S. (2023).<br \/>\nAmbientes virtuais para dalt\u00f3nicos.<br \/>\nIn A. S. Melo, C. C. Sousa, J. Pereira, M. Figueiredo, N. Gon\u00e7alves, N. S. Morais, P. A. Rodrigues, P. Coutinho, P. N. Rito, S. A. Ferreira, S. Figueiredo (Eds.), <em>IPVerso, Educa\u00e7\u00e3o e Cocria\u00e7\u00e3o<\/em>, (pp. 100-109).<br \/>\nInstituto Polit\u00e9cnico de Viseu.<\/p>\n<\/div>\n<div class=\"pt-cv-meta-fields\"><span class=\"terms\"> <a href='https:\/\/events.ipv.pt\/cidei\/category\/2023\/' title='2023' class='pt-cv-tax-2023'>2023<\/a>, <a href='https:\/\/events.ipv.pt\/cidei\/tag\/ana-souto-e-melo\/' title='Ana Souto e Melo' class='pt-cv-tax-ana-souto-e-melo'>Ana Souto e Melo<\/a>, <a href='https:\/\/events.ipv.pt\/cidei\/category\/producao-cientifica\/capitulos-de-livro-de-edicao-nacional\/' title='Cap\u00edtulos de Livro de Edi\u00e7\u00e3o Nacional' class='pt-cv-tax-capitulos-de-livro-de-edicao-nacional'>Cap\u00edtulos de Livro de Edi\u00e7\u00e3o Nacional<\/a>, <a href='https:\/\/events.ipv.pt\/cidei\/category\/linha-investigacao\/tic-e-multimedia-na-educacao\/' title='TIC e Multim\u00e9dia na Educa\u00e7\u00e3o' class='pt-cv-tax-tic-e-multimedia-na-educacao'>TIC e Multim\u00e9dia na Educa\u00e7\u00e3o<\/a>, <a href='https:\/\/events.ipv.pt\/cidei\/category\/nucleo\/viseu\/' title='Viseu' class='pt-cv-tax-viseu'>Viseu<\/a><\/span><\/div><\/div><\/div>\n<div class=\"col-md-12 col-sm-12 col-xs-12 pt-cv-content-item pt-cv-1-col\" ><div class='pt-cv-ifield'><div class=\"pt-cv-content\"><p>Souto-e-Melo, A. L., Maravilha, M. (2022).<br \/>\nProjeto art\u00edstico 40+1: uma proposta de aprendizagem no ensino das artes da performance cultural.<br \/>\nIn Figueiredo, M. P., Franco, A. (Coords.), <em>Pedagogia no Ensino Superior: Concretiza\u00e7\u00f5es e inquieta\u00e7\u00f5es no Instituto Polit\u00e9cnico de Viseu<\/em> (pp. 239-258 ).<br \/>\nViseu, Portugal: Escola Superior de Educa\u00e7\u00e3o de Viseu. ISBN: 978-972-789-682-0<br \/>\nDOI: <a href=\"https:\/\/doi.org\/10.34633\/978-989-53495-2-4\" rel=\"noopener\" target=\"_blank\">https:\/\/doi.org\/10.34633\/978-989-53495-2-4<\/a><\/p>\n<\/div>\n<div class=\"pt-cv-meta-fields\"><span class=\"terms\"> <a href='https:\/\/events.ipv.pt\/cidei\/category\/2022\/' title='2022' class='pt-cv-tax-2022'>2022<\/a>, <a href='https:\/\/events.ipv.pt\/cidei\/tag\/ana-souto-e-melo\/' title='Ana Souto e Melo' class='pt-cv-tax-ana-souto-e-melo'>Ana Souto e Melo<\/a>, <a href='https:\/\/events.ipv.pt\/cidei\/category\/producao-cientifica\/capitulos-de-livro-de-edicao-nacional\/' title='Cap\u00edtulos de Livro de Edi\u00e7\u00e3o Nacional' class='pt-cv-tax-capitulos-de-livro-de-edicao-nacional'>Cap\u00edtulos de Livro de Edi\u00e7\u00e3o Nacional<\/a>, <a href='https:\/\/events.ipv.pt\/cidei\/category\/linha-investigacao\/politicas-educativas-didaticas-e-formacao\/' title='Pol\u00edticas Educativas Did\u00e1ticas e Forma\u00e7\u00e3o' class='pt-cv-tax-politicas-educativas-didaticas-e-formacao'>Pol\u00edticas Educativas Did\u00e1ticas e Forma\u00e7\u00e3o<\/a>, <a href='https:\/\/events.ipv.pt\/cidei\/category\/nucleo\/viseu\/' title='Viseu' class='pt-cv-tax-viseu'>Viseu<\/a><\/span><\/div><\/div><\/div>\n<div class=\"col-md-12 col-sm-12 col-xs-12 pt-cv-content-item pt-cv-1-col\" ><div class='pt-cv-ifield'><div class=\"pt-cv-content\"><p>Souto-e-Melo, A. L. (2019).<br \/>\nBologna process and the rethinking of the role of higher education: teaching strategies focused on students skills achievement.<br \/>\nIn\u00a0<em>Higher Education: After Bologna &#8211; Challenges and Perspectives<\/em>, (pp. 15-49).<br \/>\nCoimbra, Portugal: Universidade de Coimbra.<br \/>\n<a href=\"https:\/\/doi.org\/10.14195\/978-989-26-1620-9_1\" rel=\"noopener\" target=\"_blank\">https:\/\/doi.org\/10.14195\/978-989-26-1620-9_1<\/a><\/p>\n<\/div>\n<div class=\"pt-cv-meta-fields\"><span class=\"terms\"> <a href='https:\/\/events.ipv.pt\/cidei\/category\/2019\/' title='2019' class='pt-cv-tax-2019'>2019<\/a>, <a href='https:\/\/events.ipv.pt\/cidei\/tag\/ana-souto-e-melo\/' title='Ana Souto e Melo' class='pt-cv-tax-ana-souto-e-melo'>Ana Souto e Melo<\/a>, <a href='https:\/\/events.ipv.pt\/cidei\/category\/producao-cientifica\/capitulos-de-livro-de-edicao-nacional\/' title='Cap\u00edtulos de Livro de Edi\u00e7\u00e3o Nacional' class='pt-cv-tax-capitulos-de-livro-de-edicao-nacional'>Cap\u00edtulos de Livro de Edi\u00e7\u00e3o Nacional<\/a>, <a href='https:\/\/events.ipv.pt\/cidei\/category\/linha-investigacao\/politicas-educativas-didaticas-e-formacao\/' title='Pol\u00edticas Educativas Did\u00e1ticas e Forma\u00e7\u00e3o' class='pt-cv-tax-politicas-educativas-didaticas-e-formacao'>Pol\u00edticas Educativas Did\u00e1ticas e Forma\u00e7\u00e3o<\/a>, <a href='https:\/\/events.ipv.pt\/cidei\/category\/nucleo\/viseu\/' title='Viseu' class='pt-cv-tax-viseu'>Viseu<\/a><\/span><\/div><\/div><\/div><\/div><\/div><\/div>\n<\/div>\n<div id=\"ARI\" class=\"contentEquipa bgBranco esp50\" data-group=\"grupo101\">\n[artigos] SCOPUS e\/ou WoS<br \/>\n<div class=\"pt-cv-wrapper\"><div class=\"pt-cv-view pt-cv-grid pt-cv-colsys\" id=\"pt-cv-view-0ae53b62l4\"><div data-id=\"pt-cv-page-1\" class=\"pt-cv-page cv-npf\" data-cvc=\"1\"><div class=\"col-md-12 col-sm-12 col-xs-12 pt-cv-content-item pt-cv-1-col\" ><div class='pt-cv-ifield'><div class=\"pt-cv-no-post\">N\u00e3o foram encontrados artigos.<\/div><\/div><\/div><\/div><\/div><\/div>\n<\/div>\n<div id=\"AR\" class=\"contentEquipa bgBranco esp50\" data-group=\"grupo101\">\n[artigos] outras bases de indexa\u00e7\u00e3o<br \/>\n<div class=\"pt-cv-wrapper\"><div class=\"pt-cv-view pt-cv-grid pt-cv-colsys\" id=\"pt-cv-view-8888b5cixp\"><div data-id=\"pt-cv-page-1\" class=\"pt-cv-page cv-npf\" data-cvc=\"1\"><div class=\"col-md-12 col-sm-12 col-xs-12 pt-cv-content-item pt-cv-1-col\" ><div class='pt-cv-ifield'><div class=\"pt-cv-no-post\">N\u00e3o foram encontrados artigos.<\/div><\/div><\/div><\/div><\/div><\/div>\n<\/div>\n<\/div>\n<\/div>\n<\/div>\n<\/div>\n<div class=\"panel auto-height bgBranco espCont\">\n<div class=\"ast-container esp100-0\">\n<h4>PROJETOS<\/h4>\n<h6>competitivos<\/h6>\n<div class=\"pt-cv-wrapper\"><div class=\"pt-cv-view pt-cv-blockgrid iscvblock iscvhybrid grid1 layout1\" id=\"pt-cv-view-08124e2hjw\"><div data-id=\"pt-cv-page-1\" class=\"pt-cv-page\" data-cvc=\"4\"><div class=\" pt-cv-content-item pt-cv-1-col\" ><div class=\"pt-cv-thumb-wrapper  \"><a href=\"https:\/\/events.ipv.pt\/cidei\/poch-02-53i2-fse-000014-a6-educacao-e-cocriacao-no-metaverso-numa-abordagem-mista\/\" class=\"_self pt-cv-href-thumbnail pt-cv-thumb-default\" target=\"_self\" ><img loading=\"lazy\" decoding=\"async\" width=\"800\" height=\"450\" src=\"https:\/\/events.ipv.pt\/cidei\/wp-content\/uploads\/2023\/12\/inova.jpg\" class=\"pt-cv-thumbnail\" alt=\"\" \/><\/a><\/div>\n<p class=\"pt-cv-title\"><a href=\"https:\/\/events.ipv.pt\/cidei\/poch-02-53i2-fse-000014-a6-educacao-e-cocriacao-no-metaverso-numa-abordagem-mista\/\" class=\"_self\" target=\"_self\" >POCH-02-53I2-FSE-000014 | [A6] Educa\u00e7\u00e3o e Cocria\u00e7\u00e3o no Metaverso numa abordagem mista<\/a><\/p>\n<div class=\"pt-cv-meta-fields\"><span class=\"terms\"> <a href='https:\/\/events.ipv.pt\/cidei\/tag\/2022-2023\/' title='2022-2023' class='pt-cv-tax-2022-2023'>2022-2023<\/a>, <a href='https:\/\/events.ipv.pt\/cidei\/tag\/ana-souto-e-melo\/' title='Ana Souto e Melo' class='pt-cv-tax-ana-souto-e-melo'>Ana Souto e Melo<\/a>, <a href='https:\/\/events.ipv.pt\/cidei\/tag\/catarina-sousa\/' title='Catarina Sousa' class='pt-cv-tax-catarina-sousa'>Catarina Sousa<\/a>, <a href='https:\/\/events.ipv.pt\/cidei\/category\/projeto\/competitivo\/' title='competitivo' class='pt-cv-tax-competitivo'>competitivo<\/a>, <a href='https:\/\/events.ipv.pt\/cidei\/category\/estado\/concluido\/' title='concluido' class='pt-cv-tax-concluido'>concluido<\/a>, <a href='https:\/\/events.ipv.pt\/cidei\/tag\/jose-pereira\/' title='Jos\u00e9 Pereira' class='pt-cv-tax-jose-pereira'>Jos\u00e9 Pereira<\/a>, <a href='https:\/\/events.ipv.pt\/cidei\/tag\/maria-pacheco-figueiredo\/' title='Maria Pacheco Figueiredo' class='pt-cv-tax-maria-pacheco-figueiredo'>Maria Pacheco Figueiredo<\/a>, <a href='https:\/\/events.ipv.pt\/cidei\/category\/projeto\/nacional\/' title='nacional' class='pt-cv-tax-nacional'>nacional<\/a>, <a href='https:\/\/events.ipv.pt\/cidei\/tag\/paula-rodrigues\/' title='Paula Rodrigues' class='pt-cv-tax-paula-rodrigues'>Paula Rodrigues<\/a>, <a href='https:\/\/events.ipv.pt\/cidei\/tag\/pedro-rito\/' title='Pedro Rito' class='pt-cv-tax-pedro-rito'>Pedro Rito<\/a>, <a href='https:\/\/events.ipv.pt\/cidei\/category\/projeto\/' title='projeto' class='pt-cv-tax-projeto'>projeto<\/a>, <a href='https:\/\/events.ipv.pt\/cidei\/tag\/salome-morais\/' title='Salom\u00e9 Morais' class='pt-cv-tax-salome-morais'>Salom\u00e9 Morais<\/a>, <a href='https:\/\/events.ipv.pt\/cidei\/tag\/sonia-ferreira\/' title='S\u00f3nia Ferreira' class='pt-cv-tax-sonia-ferreira'>S\u00f3nia Ferreira<\/a>, <a href='https:\/\/events.ipv.pt\/cidei\/category\/linha-investigacao\/tic-e-multimedia-na-educacao\/' title='TIC e Multim\u00e9dia na Educa\u00e7\u00e3o' class='pt-cv-tax-tic-e-multimedia-na-educacao'>TIC e Multim\u00e9dia na Educa\u00e7\u00e3o<\/a>, <a href='https:\/\/events.ipv.pt\/cidei\/category\/nucleo\/viseu\/' title='Viseu' class='pt-cv-tax-viseu'>Viseu<\/a><\/span><\/div><\/div>\n<div class=\" pt-cv-content-item pt-cv-1-col\" ><div class=\"pt-cv-thumb-wrapper  \"><a href=\"https:\/\/events.ipv.pt\/cidei\/like-a-bird-projeto-de-intervencao-artistica\/\" class=\"_self pt-cv-href-thumbnail pt-cv-thumb-default\" target=\"_self\" ><img loading=\"lazy\" decoding=\"async\" width=\"1323\" height=\"638\" src=\"https:\/\/events.ipv.pt\/cidei\/wp-content\/uploads\/2025\/01\/brand8_pt-png.avif\" class=\"pt-cv-thumbnail\" alt=\"\" \/><\/a><\/div>\n<p class=\"pt-cv-title\"><a href=\"https:\/\/events.ipv.pt\/cidei\/like-a-bird-projeto-de-intervencao-artistica\/\" class=\"_self\" target=\"_self\" >Like a bird\u2026 Projeto de Interven\u00e7\u00e3o Art\u00edstica<\/a><\/p>\n<div class=\"pt-cv-meta-fields\"><span class=\"terms\"> <a href='https:\/\/events.ipv.pt\/cidei\/tag\/2021-2022\/' title='2021-2022' class='pt-cv-tax-2021-2022'>2021-2022<\/a>, <a href='https:\/\/events.ipv.pt\/cidei\/tag\/ana-souto-e-melo\/' title='Ana Souto e Melo' class='pt-cv-tax-ana-souto-e-melo'>Ana Souto e Melo<\/a>, <a href='https:\/\/events.ipv.pt\/cidei\/tag\/catarina-sousa\/' title='Catarina Sousa' class='pt-cv-tax-catarina-sousa'>Catarina Sousa<\/a>, <a href='https:\/\/events.ipv.pt\/cidei\/category\/projeto\/competitivo\/' title='competitivo' class='pt-cv-tax-competitivo'>competitivo<\/a>, <a href='https:\/\/events.ipv.pt\/cidei\/category\/estado\/concluido\/' title='concluido' class='pt-cv-tax-concluido'>concluido<\/a>, <a href='https:\/\/events.ipv.pt\/cidei\/tag\/jose-pereira\/' title='Jos\u00e9 Pereira' class='pt-cv-tax-jose-pereira'>Jos\u00e9 Pereira<\/a>, <a href='https:\/\/events.ipv.pt\/cidei\/category\/projeto\/nacional\/' title='nacional' class='pt-cv-tax-nacional'>nacional<\/a>, <a href='https:\/\/events.ipv.pt\/cidei\/tag\/paula-rodrigues\/' title='Paula Rodrigues' class='pt-cv-tax-paula-rodrigues'>Paula Rodrigues<\/a>, <a href='https:\/\/events.ipv.pt\/cidei\/category\/projeto\/' title='projeto' class='pt-cv-tax-projeto'>projeto<\/a>, <a href='https:\/\/events.ipv.pt\/cidei\/category\/nucleo\/viseu\/' title='Viseu' class='pt-cv-tax-viseu'>Viseu<\/a><\/span><\/div><\/div><\/div><\/div><\/div>\t\t\t<style type=\"text\/css\" id=\"pt-cv-inline-style-444587d9j0\">\n#pt-cv-view-08124e2hjw .pt-cv-thumb-wrapper:not(.miniwrap) {  }#pt-cv-view-08124e2hjw .pt-cv-thumbnail:not(.pt-cv-thumbnailsm) { height: 18vh; }#pt-cv-view-08124e2hjw > .pt-cv-page {grid-template-columns: repeat(4, 1fr);grid-gap: 15px;}\n@media all and (max-width: 1024px) { \n#pt-cv-view-08124e2hjw > .pt-cv-page {grid-template-columns: repeat(1, 1fr);}\n} \n@media all and (max-width: 767px) { \n#pt-cv-view-08124e2hjw > .pt-cv-page {grid-template-columns: repeat(1, 1fr);}\n} <\/style>\r\n\t\t\t\n<h6  class=\"esp20-0\">internos<\/h6>\n<div class=\"pt-cv-wrapper\"><div class=\"pt-cv-view pt-cv-blockgrid iscvblock iscvhybrid grid1 layout1\" id=\"pt-cv-view-4bc1663nyr\"><div data-id=\"pt-cv-page-1\" class=\"pt-cv-page cv-npf\" data-cvc=\"4\"><div class=\" pt-cv-content-item pt-cv-1-col\" ><div class=\"pt-cv-no-post\">N\u00e3o foram encontrados artigos.<\/div><\/div><\/div><\/div><\/div>\t\t\t<style type=\"text\/css\" id=\"pt-cv-inline-style-4ef6d0a1y8\">\n#pt-cv-view-4bc1663nyr .pt-cv-thumb-wrapper:not(.miniwrap) {  }#pt-cv-view-4bc1663nyr .pt-cv-thumbnail:not(.pt-cv-thumbnailsm) { height: 250px; }#pt-cv-view-4bc1663nyr > .pt-cv-page {grid-template-columns: repeat(4, 1fr);grid-gap: 15px;}\n@media all and (max-width: 1024px) { \n#pt-cv-view-4bc1663nyr > .pt-cv-page {grid-template-columns: repeat(1, 1fr);}\n} \n@media all and (max-width: 767px) { \n#pt-cv-view-4bc1663nyr > .pt-cv-page {grid-template-columns: repeat(1, 1fr);}\n} <\/style>\r\n\t\t\t\n<\/div>\n<\/div>\n","protected":false},"excerpt":{"rendered":"<p>Ana Souto e Melo Ana Lu\u00edsa Pinto do Souto e Melo INSTITUTO POLIT\u00c9CNICO DE VISEU Escola Superior de Educa\u00e7\u00e3o ORCID \u2022 0000-0002-2659-8755 CI\u00caNCIAVITAE \u2022 1419-D8FD-5AE6 internacionais livros cap\u00edtulos de livro nacionais livros cap\u00edtulos de livro artigos SCOPUS e\/ou WoS outras bases de indexa\u00e7\u00e3o abrir todos [internacionais] livros [internacionais] cap\u00edtulos de livro [nacionais] livros [nacionais] cap\u00edtulos [&hellip;]<\/p>\n","protected":false},"author":1,"featured_media":0,"comment_status":"closed","ping_status":"closed","sticky":false,"template":"","format":"standard","meta":{"site-sidebar-layout":"default","site-content-layout":"","ast-site-content-layout":"full-width-container","site-content-style":"default","site-sidebar-style":"default","ast-global-header-display":"","ast-banner-title-visibility":"","ast-main-header-display":"","ast-hfb-above-header-display":"","ast-hfb-below-header-display":"","ast-hfb-mobile-header-display":"","site-post-title":"disabled","ast-breadcrumbs-content":"","ast-featured-img":"","footer-sml-layout":"","ast-disable-related-posts":"","theme-transparent-header-meta":"default","adv-header-id-meta":"","stick-header-meta":"","header-above-stick-meta":"","header-main-stick-meta":"","header-below-stick-meta":"","astra-migrate-meta-layouts":"set","ast-page-background-enabled":"default","ast-page-background-meta":{"desktop":{"background-color":"","background-image":"","background-repeat":"repeat","background-position":"center center","background-size":"auto","background-attachment":"scroll","background-type":"","background-media":"","overlay-type":"","overlay-color":"","overlay-opacity":"","overlay-gradient":""},"tablet":{"background-color":"","background-image":"","background-repeat":"repeat","background-position":"center center","background-size":"auto","background-attachment":"scroll","background-type":"","background-media":"","overlay-type":"","overlay-color":"","overlay-opacity":"","overlay-gradient":""},"mobile":{"background-color":"","background-image":"","background-repeat":"repeat","background-position":"center center","background-size":"auto","background-attachment":"scroll","background-type":"","background-media":"","overlay-type":"","overlay-color":"","overlay-opacity":"","overlay-gradient":""}},"ast-content-background-meta":{"desktop":{"background-color":"var(--ast-global-color-5)","background-image":"","background-repeat":"repeat","background-position":"center center","background-size":"auto","background-attachment":"scroll","background-type":"","background-media":"","overlay-type":"","overlay-color":"","overlay-opacity":"","overlay-gradient":""},"tablet":{"background-color":"var(--ast-global-color-5)","background-image":"","background-repeat":"repeat","background-position":"center center","background-size":"auto","background-attachment":"scroll","background-type":"","background-media":"","overlay-type":"","overlay-color":"","overlay-opacity":"","overlay-gradient":""},"mobile":{"background-color":"var(--ast-global-color-5)","background-image":"","background-repeat":"repeat","background-position":"center center","background-size":"auto","background-attachment":"scroll","background-type":"","background-media":"","overlay-type":"","overlay-color":"","overlay-opacity":"","overlay-gradient":""}},"footnotes":"","_links_to":"","_links_to_target":""},"categories":[380],"tags":[],"class_list":["post-10287","post","type-post","status-publish","format-standard","hentry","category-uncategorized-pt"],"_links":{"self":[{"href":"https:\/\/events.ipv.pt\/cidei\/wp-json\/wp\/v2\/posts\/10287","targetHints":{"allow":["GET"]}}],"collection":[{"href":"https:\/\/events.ipv.pt\/cidei\/wp-json\/wp\/v2\/posts"}],"about":[{"href":"https:\/\/events.ipv.pt\/cidei\/wp-json\/wp\/v2\/types\/post"}],"author":[{"embeddable":true,"href":"https:\/\/events.ipv.pt\/cidei\/wp-json\/wp\/v2\/users\/1"}],"replies":[{"embeddable":true,"href":"https:\/\/events.ipv.pt\/cidei\/wp-json\/wp\/v2\/comments?post=10287"}],"version-history":[{"count":12,"href":"https:\/\/events.ipv.pt\/cidei\/wp-json\/wp\/v2\/posts\/10287\/revisions"}],"predecessor-version":[{"id":20852,"href":"https:\/\/events.ipv.pt\/cidei\/wp-json\/wp\/v2\/posts\/10287\/revisions\/20852"}],"wp:attachment":[{"href":"https:\/\/events.ipv.pt\/cidei\/wp-json\/wp\/v2\/media?parent=10287"}],"wp:term":[{"taxonomy":"category","embeddable":true,"href":"https:\/\/events.ipv.pt\/cidei\/wp-json\/wp\/v2\/categories?post=10287"},{"taxonomy":"post_tag","embeddable":true,"href":"https:\/\/events.ipv.pt\/cidei\/wp-json\/wp\/v2\/tags?post=10287"}],"curies":[{"name":"wp","href":"https:\/\/api.w.org\/{rel}","templated":true}]}}