{"id":9417,"date":"2019-02-04T09:13:48","date_gmt":"2019-02-04T09:13:48","guid":{"rendered":"http:\/\/localhost\/cidei\/?p=9417"},"modified":"2026-02-06T14:11:20","modified_gmt":"2026-02-06T14:11:20","slug":"idica-ipl-2019-cmsau-cr-cmsau-cr-a-competencia-motora-como-marcador-de-saude-em-criancas-do-1o-ciclo","status":"publish","type":"post","link":"https:\/\/events.ipv.pt\/cidei\/en\/idica-ipl-2019-cmsau-cr-cmsau-cr-a-competencia-motora-como-marcador-de-saude-em-criancas-do-1o-ciclo\/","title":{"rendered":"IDI&#038;CA-IPL\/2019-CMSAU-CR | [CMSAU-CR] A compet\u00eancia motora como marcador de sa\u00fade em crian\u00e7as do 1\u00ba ciclo"},"content":{"rendered":"<h5><span class=\"fS8\">Duration:<\/span> 2019 &#8211; 2020<\/h5>\n<h5><span class=\"fS8\">Principal Researcher<\/span><br \/>\nCarlos Luz<\/h5>\n<h5><span class=\"fS8\">Research line<\/span><br \/>\nHealth Education and Quality of Life<\/h5>\n<div class=\"esp20-0\" style=\"border-top: 1px solid #787b82; width: 55%;\"><\/div>\n<p>Emerging evidence places motor competence (MC) as the main predictor of physical activity (PA), as well as indicating that there is an increase in strength in the associations between MC and weight (inverse) and level of physical fitness (direct), both in childhood and in childhood. adolescence. However, the association of MC with long-term health outcomes has been very little studied, and to our knowledge only one study has addressed this topic. Recently, Bolger and colleagues (2019) sought to establish a relationship between MC and other health markers, such as resting heart rate (RHR), blood pressure (BP) and PA levels, body mass index (BMI), waist ratio -hip (RCA) and cardiorespiratory capacity (CR). The authors did not find significant associations between CM and WHR, BMI and BP, however they warn of the need for more research, especially longitudinal and intervention, to better understand these relationships.<br \/>\nTherefore, given the high importance that MC presents, it seems pertinent to understand how MC and clinical markers of cardiovascular diseases and type 2 diabetes are related. To do this, we used metabolic syndrome (MetS) as a clinical marker, which is a set of essentially cardiovascular risk factors based on abdominal obesity.<br \/>\nIn addition to this relationship and recognizing the importance of CM in promoting active and healthy lifestyles, it is pertinent to understand how CM relates to health-related quality of life (HRQoL).<br \/>\nTo this end, we propose to evaluate MC (stabilizing, locomotor and object manipulation tests), cardiorespiratory fitness, muscular fitness, physical activity, blood pressure, measurement of biochemical markers (fasting capillary blood glucose, total cholesterol; triglycerides; HDL and capillary LDL), nutritional assessment (weight, height, BMI, skinfolds, perimeters, body composition, bone strength and dietary pattern) and HRQoL. Additionally, we intend to understand how the variables behave when subjected to a motor intervention (carrying out 3 physical education classes per week) compared to a control group (only 1 physical education class per week) for 4 months.\nWe hypothesize that children with higher CM will have better results in the different variables analyzed and that the intervention group will present higher health and CM values compared to the control group. <\/p>","protected":false},"excerpt":{"rendered":"<p>Dura\u00e7\u00e3o: 2019 &#8211; 2020 Investigador Respons\u00e1vel Carlos Luz Linha de investiga\u00e7\u00e3o Educa\u00e7\u00e3o para a Sa\u00fade e Qualidade de Vida Evid\u00eancias emergentes colocam a compet\u00eancia motora (CM) como principal preditor da atividade f\u00edsica (AF), bem como indicam existir um aumento da for\u00e7a nas associa\u00e7\u00f5es entre CM e peso (inverso) e n\u00edvel de aptid\u00e3o f\u00edsica (direto), tanto [&hellip;]<\/p>\n","protected":false},"author":1,"featured_media":12122,"comment_status":"closed","ping_status":"closed","sticky":false,"template":"","format":"standard","meta":{"site-sidebar-layout":"default","site-content-layout":"","ast-site-content-layout":"normal-width-container","site-content-style":"boxed","site-sidebar-style":"default","ast-global-header-display":"","ast-banner-title-visibility":"","ast-main-header-display":"","ast-hfb-above-header-display":"","ast-hfb-below-header-display":"","ast-hfb-mobile-header-display":"","site-post-title":"","ast-breadcrumbs-content":"","ast-featured-img":"","footer-sml-layout":"","ast-disable-related-posts":"","theme-transparent-header-meta":"default","adv-header-id-meta":"","stick-header-meta":"","header-above-stick-meta":"","header-main-stick-meta":"","header-below-stick-meta":"","astra-migrate-meta-layouts":"set","ast-page-background-enabled":"default","ast-page-background-meta":{"desktop":{"background-color":"","background-image":"","background-repeat":"repeat","background-position":"center center","background-size":"auto","background-attachment":"scroll","background-type":"","background-media":"","overlay-type":"","overlay-color":"","overlay-opacity":"","overlay-gradient":""},"tablet":{"background-color":"","background-image":"","background-repeat":"repeat","background-position":"center center","background-size":"auto","background-attachment":"scroll","background-type":"","background-media":"","overlay-type":"","overlay-color":"","overlay-opacity":"","overlay-gradient":""},"mobile":{"background-color":"","background-image":"","background-repeat":"repeat","background-position":"center center","background-size":"auto","background-attachment":"scroll","background-type":"","background-media":"","overlay-type":"","overlay-color":"","overlay-opacity":"","overlay-gradient":""}},"ast-content-background-meta":{"desktop":{"background-color":"var(--ast-global-color-5)","background-image":"","background-repeat":"repeat","background-position":"center center","background-size":"auto","background-attachment":"scroll","background-type":"","background-media":"","overlay-type":"","overlay-color":"","overlay-opacity":"","overlay-gradient":""},"tablet":{"background-color":"var(--ast-global-color-5)","background-image":"","background-repeat":"repeat","background-position":"center center","background-size":"auto","background-attachment":"scroll","background-type":"","background-media":"","overlay-type":"","overlay-color":"","overlay-opacity":"","overlay-gradient":""},"mobile":{"background-color":"var(--ast-global-color-5)","background-image":"","background-repeat":"repeat","background-position":"center center","background-size":"auto","background-attachment":"scroll","background-type":"","background-media":"","overlay-type":"","overlay-color":"","overlay-opacity":"","overlay-gradient":""}},"footnotes":"","_links_to":"","_links_to_target":""},"categories":[5,35,152,741,31,7],"tags":[349,295],"class_list":["post-9417","post","type-post","status-publish","format-standard","has-post-thumbnail","hentry","category-concluido","category-educacao-para-a-saude-e-qualidade-de-vida","category-lisboa","category-nacional","category-nao-competitivo","category-projeto","tag-2019-2020","tag-carlos-luz"],"_links":{"self":[{"href":"https:\/\/events.ipv.pt\/cidei\/en\/wp-json\/wp\/v2\/posts\/9417","targetHints":{"allow":["GET"]}}],"collection":[{"href":"https:\/\/events.ipv.pt\/cidei\/en\/wp-json\/wp\/v2\/posts"}],"about":[{"href":"https:\/\/events.ipv.pt\/cidei\/en\/wp-json\/wp\/v2\/types\/post"}],"author":[{"embeddable":true,"href":"https:\/\/events.ipv.pt\/cidei\/en\/wp-json\/wp\/v2\/users\/1"}],"replies":[{"embeddable":true,"href":"https:\/\/events.ipv.pt\/cidei\/en\/wp-json\/wp\/v2\/comments?post=9417"}],"version-history":[{"count":4,"href":"https:\/\/events.ipv.pt\/cidei\/en\/wp-json\/wp\/v2\/posts\/9417\/revisions"}],"predecessor-version":[{"id":21432,"href":"https:\/\/events.ipv.pt\/cidei\/en\/wp-json\/wp\/v2\/posts\/9417\/revisions\/21432"}],"wp:featuredmedia":[{"embeddable":true,"href":"https:\/\/events.ipv.pt\/cidei\/en\/wp-json\/wp\/v2\/media\/12122"}],"wp:attachment":[{"href":"https:\/\/events.ipv.pt\/cidei\/en\/wp-json\/wp\/v2\/media?parent=9417"}],"wp:term":[{"taxonomy":"category","embeddable":true,"href":"https:\/\/events.ipv.pt\/cidei\/en\/wp-json\/wp\/v2\/categories?post=9417"},{"taxonomy":"post_tag","embeddable":true,"href":"https:\/\/events.ipv.pt\/cidei\/en\/wp-json\/wp\/v2\/tags?post=9417"}],"curies":[{"name":"wp","href":"https:\/\/api.w.org\/{rel}","templated":true}]}}