{"id":9413,"date":"2021-02-04T09:03:26","date_gmt":"2021-02-04T09:03:26","guid":{"rendered":"http:\/\/localhost\/cidei\/?p=9413"},"modified":"2026-02-06T14:00:42","modified_gmt":"2026-02-06T14:00:42","slug":"eselx-ipl-cied-pica-2021-a03-mca_pnd-avaliacao-da-competencia-motora-em-criancas-com-perturbacoes-do-neurodesenvolvimento","status":"publish","type":"post","link":"https:\/\/events.ipv.pt\/cidei\/en\/eselx-ipl-cied-pica-2021-a03-mca_pnd-avaliacao-da-competencia-motora-em-criancas-com-perturbacoes-do-neurodesenvolvimento\/","title":{"rendered":"ESELx\/IPL-CIED\/PICA\/2021\/A03 | [MCA_PND] Avalia\u00e7\u00e3o da compet\u00eancia motora em crian\u00e7as com perturba\u00e7\u00f5es do neurodesenvolvimento"},"content":{"rendered":"<h5><span class=\"fS8\">Duration:<\/span> 2021 &#8211; 2023<\/h5>\n<h5><span class=\"fS8\">Principal Researcher<\/span><br \/>\nCarlos Luz<\/h5>\n<h5><span class=\"fS8\">Research line<\/span><br \/>\nHealth Education and Quality of Life<\/h5>\n<div class=\"esp20-0\" style=\"border-top: 1px solid #787b82; width: 55%;\"><\/div>\n<p>Motor competence (MC) is a crucial variable for the development of human movement, physical activity, sports participation and an active lifestyle, acting directly on health-related physical fitness and motor literacy (Stodden et al. al., 2008). MC refers to the quality of human movement performance and is defined as a person's ability to be proficient in a wide range of locomotor, stability, and manipulative motor skills (Utesch &amp; Bardid, 2019). Motor Coordination Disorder (PCM) is considered one of the biggest health problems among school-age children worldwide (Cairney et al., 2005). Children with this diagnosis tend to be characterized as clumsy, tend to have a low level of physical activity, low fine and gross motor skills (Haga, 2008), and also have an extremely negative impact on their school and daily life. Autism spectrum conditions are neurodevelopmental conditions and their diagnosis is based on difficulties in social interaction and communication, along with the presence of restricted interests, difficulties in adapting to changes and stereotypical and repetitive behaviors (Baron-Cohen, 2008). Children with this pathology have a tendency towards high physical inactivity, as they have low levels of proficiency in fine and gross motor skills (Liu &amp; Breslin, 2013) and social skills (Lindsay et al., 2017), leading to less playful participation. Our research team created the Motor Competence Assessment (MCA), an instrument for assessing CM, its construct validity having already been established (Luz et al. 2016) and the normative values for the Portuguese population of 3 to 23 years old (Rodrigues et al. 2019). Additionally, MCA has been used by our research team in several studies (Luz et al., 2019; Luz, Rodrigues, et al., 2017). Concurrent validation and inter-observer reliability of the MCA from 6 to 10 years of age is currently underway. The objective of this project is to verify the usefulness of the MCA to identify children with atypical motor development. Thus, we will evaluate 200 children aged 6 to 10 years old, using the MCA and movement ABC (instrument used to evaluate the PCM) and another 60 children diagnosed with autism using the MCA.<\/p>","protected":false},"excerpt":{"rendered":"<p>Dura\u00e7\u00e3o: 2021 &#8211; 2023 Investigador Respons\u00e1vel Carlos Luz Linha de investiga\u00e7\u00e3o Educa\u00e7\u00e3o para a Sa\u00fade e Qualidade de Vida A compet\u00eancia motora (CM) apresenta-se como vari\u00e1vel crucial para o desenvolvimento do movimento humano, da atividade f\u00edsica, da participa\u00e7\u00e3o desportiva e de um estilo de vida ativo, atuando diretamente na aptid\u00e3o f\u00edsica relacionada com a sa\u00fade [&hellip;]<\/p>\n","protected":false},"author":1,"featured_media":12127,"comment_status":"closed","ping_status":"closed","sticky":false,"template":"","format":"standard","meta":{"site-sidebar-layout":"default","site-content-layout":"","ast-site-content-layout":"normal-width-container","site-content-style":"boxed","site-sidebar-style":"default","ast-global-header-display":"","ast-banner-title-visibility":"","ast-main-header-display":"","ast-hfb-above-header-display":"","ast-hfb-below-header-display":"","ast-hfb-mobile-header-display":"","site-post-title":"","ast-breadcrumbs-content":"","ast-featured-img":"","footer-sml-layout":"","ast-disable-related-posts":"","theme-transparent-header-meta":"default","adv-header-id-meta":"","stick-header-meta":"","header-above-stick-meta":"","header-main-stick-meta":"","header-below-stick-meta":"","astra-migrate-meta-layouts":"set","ast-page-background-enabled":"default","ast-page-background-meta":{"desktop":{"background-color":"","background-image":"","background-repeat":"repeat","background-position":"center center","background-size":"auto","background-attachment":"scroll","background-type":"","background-media":"","overlay-type":"","overlay-color":"","overlay-opacity":"","overlay-gradient":""},"tablet":{"background-color":"","background-image":"","background-repeat":"repeat","background-position":"center center","background-size":"auto","background-attachment":"scroll","background-type":"","background-media":"","overlay-type":"","overlay-color":"","overlay-opacity":"","overlay-gradient":""},"mobile":{"background-color":"","background-image":"","background-repeat":"repeat","background-position":"center center","background-size":"auto","background-attachment":"scroll","background-type":"","background-media":"","overlay-type":"","overlay-color":"","overlay-opacity":"","overlay-gradient":""}},"ast-content-background-meta":{"desktop":{"background-color":"var(--ast-global-color-5)","background-image":"","background-repeat":"repeat","background-position":"center center","background-size":"auto","background-attachment":"scroll","background-type":"","background-media":"","overlay-type":"","overlay-color":"","overlay-opacity":"","overlay-gradient":""},"tablet":{"background-color":"var(--ast-global-color-5)","background-image":"","background-repeat":"repeat","background-position":"center center","background-size":"auto","background-attachment":"scroll","background-type":"","background-media":"","overlay-type":"","overlay-color":"","overlay-opacity":"","overlay-gradient":""},"mobile":{"background-color":"var(--ast-global-color-5)","background-image":"","background-repeat":"repeat","background-position":"center center","background-size":"auto","background-attachment":"scroll","background-type":"","background-media":"","overlay-type":"","overlay-color":"","overlay-opacity":"","overlay-gradient":""}},"footnotes":"","_links_to":"","_links_to_target":""},"categories":[5,35,152,741,31,7],"tags":[318,295],"class_list":["post-9413","post","type-post","status-publish","format-standard","has-post-thumbnail","hentry","category-concluido","category-educacao-para-a-saude-e-qualidade-de-vida","category-lisboa","category-nacional","category-nao-competitivo","category-projeto","tag-2021-2023","tag-carlos-luz"],"_links":{"self":[{"href":"https:\/\/events.ipv.pt\/cidei\/en\/wp-json\/wp\/v2\/posts\/9413","targetHints":{"allow":["GET"]}}],"collection":[{"href":"https:\/\/events.ipv.pt\/cidei\/en\/wp-json\/wp\/v2\/posts"}],"about":[{"href":"https:\/\/events.ipv.pt\/cidei\/en\/wp-json\/wp\/v2\/types\/post"}],"author":[{"embeddable":true,"href":"https:\/\/events.ipv.pt\/cidei\/en\/wp-json\/wp\/v2\/users\/1"}],"replies":[{"embeddable":true,"href":"https:\/\/events.ipv.pt\/cidei\/en\/wp-json\/wp\/v2\/comments?post=9413"}],"version-history":[{"count":4,"href":"https:\/\/events.ipv.pt\/cidei\/en\/wp-json\/wp\/v2\/posts\/9413\/revisions"}],"predecessor-version":[{"id":21425,"href":"https:\/\/events.ipv.pt\/cidei\/en\/wp-json\/wp\/v2\/posts\/9413\/revisions\/21425"}],"wp:featuredmedia":[{"embeddable":true,"href":"https:\/\/events.ipv.pt\/cidei\/en\/wp-json\/wp\/v2\/media\/12127"}],"wp:attachment":[{"href":"https:\/\/events.ipv.pt\/cidei\/en\/wp-json\/wp\/v2\/media?parent=9413"}],"wp:term":[{"taxonomy":"category","embeddable":true,"href":"https:\/\/events.ipv.pt\/cidei\/en\/wp-json\/wp\/v2\/categories?post=9413"},{"taxonomy":"post_tag","embeddable":true,"href":"https:\/\/events.ipv.pt\/cidei\/en\/wp-json\/wp\/v2\/tags?post=9413"}],"curies":[{"name":"wp","href":"https:\/\/api.w.org\/{rel}","templated":true}]}}