{"id":9393,"date":"2019-02-03T22:11:03","date_gmt":"2019-02-03T22:11:03","guid":{"rendered":"http:\/\/localhost\/cidei\/?p=9393"},"modified":"2026-02-06T14:13:35","modified_gmt":"2026-02-06T14:13:35","slug":"ipl-2019-cozi_ap_eselx-cozi_ap-cozinhar-a-aprender-recurso-educativo-digital-para-o-desenvolvimento-integrado-de-competencias-no-1-o-ciclo-do-ensino-basico","status":"publish","type":"post","link":"https:\/\/events.ipv.pt\/cidei\/en\/ipl-2019-cozi_ap_eselx-cozi_ap-cozinhar-a-aprender-recurso-educativo-digital-para-o-desenvolvimento-integrado-de-competencias-no-1-o-ciclo-do-ensino-basico\/","title":{"rendered":"IPL\/2019\/COZI_AP_ESELx | [COZI_AP] Cozinhar a aprender: Recurso educativo digital para o desenvolvimento integrado de compet\u00eancias no 1.\u00ba Ciclo do Ensino B\u00e1sico"},"content":{"rendered":"<h5><span class=\"fS8\">Duration:<\/span> 2019 &#8211; 2020<\/h5>\n<h5><span class=\"fS8\">Principal Researcher<\/span><br \/>\n<span class=\"fCinzaA fW400\">Adriana Cardoso<\/span><\/h5>\n<h5><span class=\"fS8\">CI&amp;DEI\u00b4s Principal Researcher<\/span><br \/>\nMargarida Rodrigues<\/h5>\n<h5><span class=\"fS8\">Research line<\/span><br \/>\nICT and Multimedia in Education<\/h5>\n<div class=\"esp20-0\" style=\"border-top: 1px solid #787b82; width: 55%;\"><\/div>\n<p>With the general objective of promoting innovative practices in the 1st Cycle of Basic Education using digital technologies, the project aims to develop, implement and evaluate a digital educational resource that presents simulation of real situations with the purpose of assisting the learning process in different areas (Portuguese, Mathematics and Environmental Studies). The educational resource provides an environment with dialogical, non-linear and interactive characteristics to recreate a universe of sensory immersion in a restaurant space where the user encounters food production practices. Using this metaphor, an experience is offered that seeks to break the traditional compartmentalization of the curriculum into different areas, promoting curricular integration through the exploration of culinary recipes. In this context, situations related to dietary health, the origin of ingredients in biogeographical terms, the choice of ingredients in terms of the planet's sustainability, quantities and prices, lexicon associated with gastronomy and multimodal and linguistic characteristics of the culinary recipe textual genre are explored. In order to involve students in a playful and stimulating experience, gamification strategies are used associated with participants' satisfaction factors in the act of playing (challenge, decision-making, reward) and immersion in a fictional world with experimentation with new identities . With a view to integrating the digital educational resource into the teaching\/learning process, an interface was developed that allows monitoring the progress of students through the presentation of information regarding the level at which the student is, the time for solving tasks and the type of tasks he performed successfully\/unsuccessfully. An advisor guide is also available for the teacher with information regarding the educational resource, the strategies to adopt for its introduction in the teaching\/learning context and the forms of self- and hetero-assessment available. The research to be carried out within the scope of design, development, implementation (in a classroom context) and evaluation of the resource is part of an action research logic, adopting the Analysis, Design, Development, Implementation and Evaluation (ADDIE) model. As results of the project, it is expected that the digital educational resource will be made available on a freely accessible online platform and the dissemination of the resource and the research carried out in the project.<\/p>","protected":false},"excerpt":{"rendered":"<p>Dura\u00e7\u00e3o: 2019 &#8211; 2020 Investigador Respons\u00e1vel Adriana Cardoso Investigador Respons\u00e1vel do CI&#038;DEI Margarida Rodrigues Linha de investiga\u00e7\u00e3o TIC e Multim\u00e9dia na Educa\u00e7\u00e3o Tendo como objetivo geral a promo\u00e7\u00e3o de pr\u00e1ticas inovadoras no 1.\u00ba Ciclo do Ensino B\u00e1sico com recurso a tecnologias digitais, o projeto visa desenvolver, implementar e avaliar um recurso educativo digital que apresenta [&hellip;]<\/p>\n","protected":false},"author":1,"featured_media":12234,"comment_status":"closed","ping_status":"closed","sticky":false,"template":"","format":"standard","meta":{"site-sidebar-layout":"default","site-content-layout":"","ast-site-content-layout":"normal-width-container","site-content-style":"boxed","site-sidebar-style":"default","ast-global-header-display":"","ast-banner-title-visibility":"","ast-main-header-display":"","ast-hfb-above-header-display":"","ast-hfb-below-header-display":"","ast-hfb-mobile-header-display":"","site-post-title":"","ast-breadcrumbs-content":"","ast-featured-img":"","footer-sml-layout":"","ast-disable-related-posts":"","theme-transparent-header-meta":"default","adv-header-id-meta":"","stick-header-meta":"","header-above-stick-meta":"","header-main-stick-meta":"","header-below-stick-meta":"","astra-migrate-meta-layouts":"set","ast-page-background-enabled":"default","ast-page-background-meta":{"desktop":{"background-color":"","background-image":"","background-repeat":"repeat","background-position":"center center","background-size":"auto","background-attachment":"scroll","background-type":"","background-media":"","overlay-type":"","overlay-color":"","overlay-opacity":"","overlay-gradient":""},"tablet":{"background-color":"","background-image":"","background-repeat":"repeat","background-position":"center center","background-size":"auto","background-attachment":"scroll","background-type":"","background-media":"","overlay-type":"","overlay-color":"","overlay-opacity":"","overlay-gradient":""},"mobile":{"background-color":"","background-image":"","background-repeat":"repeat","background-position":"center center","background-size":"auto","background-attachment":"scroll","background-type":"","background-media":"","overlay-type":"","overlay-color":"","overlay-opacity":"","overlay-gradient":""}},"ast-content-background-meta":{"desktop":{"background-color":"var(--ast-global-color-5)","background-image":"","background-repeat":"repeat","background-position":"center center","background-size":"auto","background-attachment":"scroll","background-type":"","background-media":"","overlay-type":"","overlay-color":"","overlay-opacity":"","overlay-gradient":""},"tablet":{"background-color":"var(--ast-global-color-5)","background-image":"","background-repeat":"repeat","background-position":"center center","background-size":"auto","background-attachment":"scroll","background-type":"","background-media":"","overlay-type":"","overlay-color":"","overlay-opacity":"","overlay-gradient":""},"mobile":{"background-color":"var(--ast-global-color-5)","background-image":"","background-repeat":"repeat","background-position":"center center","background-size":"auto","background-attachment":"scroll","background-type":"","background-media":"","overlay-type":"","overlay-color":"","overlay-opacity":"","overlay-gradient":""}},"footnotes":"","_links_to":"","_links_to_target":""},"categories":[5,152,741,31,7,33],"tags":[349,217],"class_list":["post-9393","post","type-post","status-publish","format-standard","has-post-thumbnail","hentry","category-concluido","category-lisboa","category-nacional","category-nao-competitivo","category-projeto","category-tic-e-multimedia-na-educacao","tag-2019-2020","tag-margarida-rodrigues"],"_links":{"self":[{"href":"https:\/\/events.ipv.pt\/cidei\/en\/wp-json\/wp\/v2\/posts\/9393","targetHints":{"allow":["GET"]}}],"collection":[{"href":"https:\/\/events.ipv.pt\/cidei\/en\/wp-json\/wp\/v2\/posts"}],"about":[{"href":"https:\/\/events.ipv.pt\/cidei\/en\/wp-json\/wp\/v2\/types\/post"}],"author":[{"embeddable":true,"href":"https:\/\/events.ipv.pt\/cidei\/en\/wp-json\/wp\/v2\/users\/1"}],"replies":[{"embeddable":true,"href":"https:\/\/events.ipv.pt\/cidei\/en\/wp-json\/wp\/v2\/comments?post=9393"}],"version-history":[{"count":4,"href":"https:\/\/events.ipv.pt\/cidei\/en\/wp-json\/wp\/v2\/posts\/9393\/revisions"}],"predecessor-version":[{"id":21434,"href":"https:\/\/events.ipv.pt\/cidei\/en\/wp-json\/wp\/v2\/posts\/9393\/revisions\/21434"}],"wp:featuredmedia":[{"embeddable":true,"href":"https:\/\/events.ipv.pt\/cidei\/en\/wp-json\/wp\/v2\/media\/12234"}],"wp:attachment":[{"href":"https:\/\/events.ipv.pt\/cidei\/en\/wp-json\/wp\/v2\/media?parent=9393"}],"wp:term":[{"taxonomy":"category","embeddable":true,"href":"https:\/\/events.ipv.pt\/cidei\/en\/wp-json\/wp\/v2\/categories?post=9393"},{"taxonomy":"post_tag","embeddable":true,"href":"https:\/\/events.ipv.pt\/cidei\/en\/wp-json\/wp\/v2\/tags?post=9393"}],"curies":[{"name":"wp","href":"https:\/\/api.w.org\/{rel}","templated":true}]}}